{"id":79751,"date":"2020-05-28T15:55:51","date_gmt":"2020-05-28T13:55:51","guid":{"rendered":"https:\/\/mannschaft.com\/?p=79751"},"modified":"2020-05-28T16:13:38","modified_gmt":"2020-05-28T14:13:38","slug":"groesste-gefahr-von-rechts-seehofer-ignoriert-gewalt-gegen-lgbtiq","status":"publish","type":"post","link":"https:\/\/alte.mannschaft.lgbt\/bimber\/groesste-gefahr-von-rechts-seehofer-ignoriert-gewalt-gegen-lgbtiq\/","title":{"rendered":"\u00abGr\u00f6sste Gefahr von rechts\u00bb &#8211; Seehofer ignoriert Gewalt gegen LGBTIQ"},"content":{"rendered":"<h3>Am Mittwoch hat Innenminister Seehofer (CSU) die Polizeiliche Kriminalstatistik (PKS) sowie die Fallzahlen Politisch Motivierter Kriminalit\u00e4t (PMK) 2019 vorgestellt. 14 Seiten umfasst der Bericht, doch Hasskriminalit\u00e4t aufgrund der sexuellen Orientierung wird unterschlagen.<\/h3>\n<p>Um 15,9 Prozent ist die Zahl der politisch motivierten Gewalttaten 2019 im Vergleich zum Vorjahr gesunken. Dieser positive Aspekt wird vom Anstieg der Zahl der politisch motivierten Straftaten insgesamt aber getr\u00fcbt &#8211; dazu z\u00e4hlen etwa sogenannte Propagandastraftaten wie das Verwenden von Kennzeichen verfassungswidriger Organisationen. Das Bundeskriminalamt erfasst f\u00fcr das vergangene Jahr insgesamt 41.177 Taten &#8211; 14,2 Prozent mehr als im Vorjahr.<\/p>\n<blockquote class=\"wp-embedded-content\" data-secret=\"gUD2JC37BX\"><p><a href=\"https:\/\/mannschaft.com\/2020\/04\/17\/warum-war-der-mord-an-christopher-w-keine-rechte-gewalt\/\">Warum war der Mord an Christopher W. keine rechte Gewalt?<\/a><\/p><\/blockquote>\n<p><iframe title=\"&#8222;Warum war der Mord an Christopher W. keine rechte Gewalt?&#8220; &#8212; Mannschaft Magazin\" class=\"wp-embedded-content\" sandbox=\"allow-scripts\" security=\"restricted\" style=\"position: absolute; clip: rect(1px, 1px, 1px, 1px);\" src=\"https:\/\/mannschaft.com\/2020\/04\/17\/warum-war-der-mord-an-christopher-w-keine-rechte-gewalt\/embed\/#?secret=gUD2JC37BX\" data-secret=\"gUD2JC37BX\" width=\"600\" height=\"338\" frameborder=\"0\" marginwidth=\"0\" marginheight=\"0\" scrolling=\"no\"><\/iframe><\/p>\n<p>\u00abDie gr\u00f6sste Gefahr geht von rechts aus<span class=\"bpa-title\"><span class=\"bpa-teaser-title-text\"><span class=\"bpa-teaser-title-text-inner\">\u00bb<\/span><\/span><\/span>, erkl\u00e4rte Bundesinnenminister Horst Seehofer (CSU). Die Statistik zeige einen beunruhigenden Anstieg des Gesamtstraftataufkommens. Der Ph\u00e4nomenbereich politisch rechts motivierter Kriminalit\u00e4t mache dabei etwa die H\u00e4lfte der Straftaten aus. \u00abDas ist eine Gr\u00f6ssenordnung, die uns mit grosser Sorge begleitet.<span class=\"bpa-title\"><span class=\"bpa-teaser-title-text\"><span class=\"bpa-teaser-title-text-inner\">\u00bb<\/span><\/span><\/span><\/p>\n<p><strong>Mehr Gewalt gegen LGBTIQ registriert<\/strong><br \/>\nDiese Sorge teilt der LSVD, beklagt aber die fehlende Erw\u00e4hnung von Hasskriminalit\u00e4t aufgrund der sexuellen Orientierung. \u00abDer enorme Anstieg an homophoben und transfeindlichen Straftaten zeigt das sich ver\u00e4ndernde gesellschaftliche Klima in Deutschland und steht im direkten Zusammenhang mit dem grassierenden Rechtspopulismus\u00bb, so Axel Hochrein,\u00a0Mitglied im LSVD-Bundesvorstand, gegen\u00fcber MANNSCHAFT.<\/p>\n<p>Tats\u00e4chlich gab es 2019 deutlich mehr trans- und homofeindliche Straftaten. Das ergab die Antwort des Innenministeriums auf eine Anfrage von Ulle Schauws, Sprecherin f\u00fcr Frauenpolitik und Queerpolitik der Gr\u00fcnen Bundestagsfraktion <a href=\"https:\/\/mannschaft.com\/2020\/02\/10\/trans-und-homofeindliche-straftaten-steigen-um-ueber-60-prozent\/\" target=\"_blank\" rel=\"noopener noreferrer\">(MANNSCHAFT berichtete)<\/a>: Im Vergleich zu 2018 steigen die homo-und transphob motivierten Straftaten in 2019 um mehr als 60 Prozent \u2013 bei Gewalttaten sogar um fast 70 Prozent.<\/p>\n<p>Wenn Seehofer also im Zusammenhang\u00a0 mit der Polizeilichen Kriminalstatistik sagt, \u00ab<span class=\"bpa-title\"><span class=\"bpa-teaser-title-text\"><span class=\"bpa-teaser-title-text-inner\">Deutschland ist wieder ein St\u00fcck sicherer geworden\u00bb (bezogen auf den R\u00fcckgang von Gewaltkriminalit\u00e4t allgemein um 2,3%), dann stimmt das zumindest f\u00fcr LGBTIQ offenbar nicht.<\/span><\/span><\/span><\/p>\n<blockquote class=\"wp-embedded-content\" data-secret=\"Djr1WGNyXG\"><p><a href=\"https:\/\/mannschaft.com\/2020\/05\/26\/regenbogenmasken-fuer-polnische-lgbt-freie-zonen\/\">Polnische \u00abLGBT-freie Zonen\u00bb bekommen Regenbogenmasken<\/a><\/p><\/blockquote>\n<p><iframe title=\"&#8222;Polnische \u00abLGBT-freie Zonen\u00bb bekommen Regenbogenmasken&#8220; &#8212; Mannschaft Magazin\" class=\"wp-embedded-content\" sandbox=\"allow-scripts\" security=\"restricted\" style=\"position: absolute; clip: rect(1px, 1px, 1px, 1px);\" src=\"https:\/\/mannschaft.com\/2020\/05\/26\/regenbogenmasken-fuer-polnische-lgbt-freie-zonen\/embed\/#?secret=Djr1WGNyXG\" data-secret=\"Djr1WGNyXG\" width=\"600\" height=\"338\" frameborder=\"0\" marginwidth=\"0\" marginheight=\"0\" scrolling=\"no\"><\/iframe><\/p>\n<p>Im Koalitionsvertrag der Grossen Koalition heisst es \u00fcbrigens: \u00abWir respektieren geschlechtliche Vielfalt. Alle Menschen sollen unabh\u00e4ngig von ihrer sexuellen Identit\u00e4t frei und sicher leben k\u00f6nnen \u2013 mit gleichen Rechten und Pflichten. Homosexuellen- und Transfeindlichkeit verurteilen wir und wirken jeder Diskriminierung entgegen.<span class=\"bpa-title\"><span class=\"bpa-teaser-title-text\"><span class=\"bpa-teaser-title-text-inner\">\u00bb<\/span><\/span><\/span><\/p>\n<p>Es zeige sich, dass die seit Jahren vom LSVD geforderten Programme, Gegenmassnahmen und Sensibilisierungsstrategien in den Strafverfolgungsbeh\u00f6rden dringend n\u00f6tig seien, so Hochrein weiter.<\/p>\n<p>\u00abTrotzdem ignoriert Minister Seehofer diese alarmierenden Zahlen und findet es nicht notwendig darauf einzugehen. F\u00fcr ihn scheinen LSBTI Menschen, die Opfer von Straf- und Gewalttaten auf Grund ihrer sexuellen Idendit\u00e4t werden als vernachl\u00e4ssigbarer Kollateralschaden zu gelten.<span class=\"bpa-title\"><span class=\"bpa-teaser-title-text\"><span class=\"bpa-teaser-title-text-inner\">\u00bb<\/span><\/span><\/span><\/p>\n<p>Der LSVD bekr\u00e4ftigt in diesem Zusammenhang seine Forderung, nach unverz\u00fcglichem und effektivem politischen Handeln. \u00abErforderlich ist ein Bund-L\u00e4nder-Programm gegen LGBTIQ-feindliche Gewalt, das neben kriminologischer Forschung und Rechtstatsachenforschung auch die Entwicklung zielgenauer Konzepte zu Pr\u00e4vention, zur Aus- und Fortbildung von Polizei und Justiz sowie zur ausreichenden Unterst\u00fctzung von Opferhilfe-Einrichtungen zum Gegenstand hat. L\u00e4nder und Kommunen m\u00fcssen die Arbeit von LGBTIQ-Anti-Gewalt-Projekten angemessen f\u00f6rdern.<span class=\"bpa-title\"><span class=\"bpa-teaser-title-text\"><span class=\"bpa-teaser-title-text-inner\">\u00bb<\/span><\/span><\/span><\/p>\n<p>Seehofer hat derweil im <a href=\"https:\/\/www.tagesspiegel.de\/berlin\/im-grunde-ein-wahnsinn-seehofer-kritisiert-berliner-antidiskriminierungsgesetz\/25865826.html\" target=\"_blank\" rel=\"noopener noreferrer\"><em>Tagesspiegel<\/em><\/a> das in Berlin geplante Landesantidiskriminierungsgesetz (LADG) scharf kritisiert. Es war im letzten Jahr auf Initiative des Justizsenators Dirk Behrendt (Gr\u00fcne) erarbeitet worden und soll kommende Woche beschlossen werden.<\/p>\n<p>Der Innenminister sagte, das Gesetz\u00a0 sei \u00abim Grunde ein Wahnsinn<span class=\"bpa-title\"><span class=\"bpa-teaser-title-text\"><span class=\"bpa-teaser-title-text-inner\">\u00bb<\/span><\/span><\/span>. Es sieht\u00a0eine Beweislastumkehr vor. Landesbedienstete m\u00fcssen dann nachweisen, dass sie B\u00fcrger nicht diskriminierend behandelt haben &#8211; unabh\u00e4ngig davon,\u00a0ob es strafrechtlich relevant ist. Die FDP-Fraktion im Abgeordnetenhaus erw\u00e4gt, dass geplante Gesetz mit einer Normenkontrollklage verfassungsrechtlich \u00fcberpr\u00fcfen zu lassen.<\/p>\n","protected":false},"excerpt":{"rendered":"<p>Am Mittwoch hat Innenminister Seehofer (CSU) die Polizeiliche Kriminalstatistik sowie die Fallzahlen Politisch Motivierter Kriminalit\u00e4t 2019 vorgestellt. Hasskriminalit\u00e4t aufgrund der sexuellen Orientierung wird unterschlagen. <a class=\"g1-link g1-link-more\" href=\"https:\/\/alte.mannschaft.lgbt\/bimber\/groesste-gefahr-von-rechts-seehofer-ignoriert-gewalt-gegen-lgbtiq\/\">Weiterlesen<\/a><\/p>\n","protected":false},"author":3,"featured_media":54439,"comment_status":"closed","ping_status":"closed","sticky":false,"template":"","format":"standard","meta":[],"categories":[3],"tags":[5538,5507,5544,5461],"wps_subtitle":"LSVD: F\u00fcr den Innenminister scheinen LGBTIQ als vernachl\u00e4ssigbarer Kollateralschaden zu gelten","_links":{"self":[{"href":"https:\/\/alte.mannschaft.lgbt\/bimber\/wp-json\/wp\/v2\/posts\/79751"}],"collection":[{"href":"https:\/\/alte.mannschaft.lgbt\/bimber\/wp-json\/wp\/v2\/posts"}],"about":[{"href":"https:\/\/alte.mannschaft.lgbt\/bimber\/wp-json\/wp\/v2\/types\/post"}],"author":[{"embeddable":true,"href":"https:\/\/alte.mannschaft.lgbt\/bimber\/wp-json\/wp\/v2\/users\/3"}],"replies":[{"embeddable":true,"href":"https:\/\/alte.mannschaft.lgbt\/bimber\/wp-json\/wp\/v2\/comments?post=79751"}],"version-history":[{"count":0,"href":"https:\/\/alte.mannschaft.lgbt\/bimber\/wp-json\/wp\/v2\/posts\/79751\/revisions"}],"wp:featuredmedia":[{"embeddable":true,"href":"https:\/\/alte.mannschaft.lgbt\/bimber\/wp-json\/wp\/v2\/media\/54439"}],"wp:attachment":[{"href":"https:\/\/alte.mannschaft.lgbt\/bimber\/wp-json\/wp\/v2\/media?parent=79751"}],"wp:term":[{"taxonomy":"category","embeddable":true,"href":"https:\/\/alte.mannschaft.lgbt\/bimber\/wp-json\/wp\/v2\/categories?post=79751"},{"taxonomy":"post_tag","embeddable":true,"href":"https:\/\/alte.mannschaft.lgbt\/bimber\/wp-json\/wp\/v2\/tags?post=79751"}],"curies":[{"name":"wp","href":"https:\/\/api.w.org\/{rel}","templated":true}]}}