{"id":79534,"date":"2020-05-25T19:55:30","date_gmt":"2020-05-25T17:55:30","guid":{"rendered":"https:\/\/mannschaft.com\/?p=79534"},"modified":"2020-05-25T22:58:42","modified_gmt":"2020-05-25T20:58:42","slug":"das-bringen-die-ard-sender-zum-diversity-tag","status":"publish","type":"post","link":"https:\/\/alte.mannschaft.lgbt\/bimber\/das-bringen-die-ard-sender-zum-diversity-tag\/","title":{"rendered":"Das bringen die ARD-Sender zum Diversity-Tag"},"content":{"rendered":"<h3>Die ARD engagiert sich auch in diesem Jahr beim Diversity-Tag und setzt am 26. Mai ein Zeichen f\u00fcr Vielfalt, Teilhabe, Fairness und Respekt. Initiiert wird der bundesweite Aktionstag von der Charta der Vielfalt.<\/h3>\n<p>Mittlerweile wurde die 2006 gegr\u00fcndete Charta von mehr als 3.300 Unternehmen und Organisationen unterzeichnet. Alle ARD-Landesrundfunkanstalten geh\u00f6ren dazu &#8211; der RBB unterschrieb vor zwei Jahren<a href=\"https:\/\/mannschaft.com\/2018\/09\/19\/als-3000-unternehmen-rbb-unterzeichnet-charta-der-vielfalt\/\" target=\"_blank\" rel=\"noopener noreferrer\"> (MANNSCHAFT berichtete)<\/a>. Am Diversity-Tag machen Unternehmen und Institutionen dieses Engagement in internen oder externen Aktionen \u00f6ffentlich. So auch die H\u00e4user der ARD.<\/p>\n<blockquote class=\"wp-embedded-content\" data-secret=\"8Mckl4VwCH\"><p><a href=\"https:\/\/mannschaft.com\/2020\/05\/23\/nach-idahobit-beflaggung-lgbtiq-in-irak-in-todesangst\/\">Nach IDAHOBIT-Beflaggung &#8211; LGBTIQ in Irak in Todesangst<\/a><\/p><\/blockquote>\n<p><iframe title=\"&#8222;Nach IDAHOBIT-Beflaggung &#8211; LGBTIQ in Irak in Todesangst&#8220; &#8212; Mannschaft Magazin\" class=\"wp-embedded-content\" sandbox=\"allow-scripts\" security=\"restricted\" style=\"position: absolute; clip: rect(1px, 1px, 1px, 1px);\" src=\"https:\/\/mannschaft.com\/2020\/05\/23\/nach-idahobit-beflaggung-lgbtiq-in-irak-in-todesangst\/embed\/#?secret=8Mckl4VwCH\" data-secret=\"8Mckl4VwCH\" width=\"600\" height=\"338\" frameborder=\"0\" marginwidth=\"0\" marginheight=\"0\" scrolling=\"no\"><\/iframe><\/p>\n<p>Der WDR thematisiert in diesem Jahr u.a. die Auswirkungen der Corona-Krise auf Geh\u00f6rlose und im Radio spricht \u00abCosmo\u00bb mit dem Reporter und Blogger Malcom Ohanwe \u00fcber die sogenannte \u00abgl\u00e4serne Decke f\u00fcr Migranten\u00bb.<\/p>\n<p>Das WDR Studio Essen zeigt online und in der WDR Lokalzeit Ruhr um 19:30 Uhr ein Interview mit Studioleiterin Georgine Kellermann. Sie berichtet \u00fcber ihre Erfahrungen als trans F\u00fchrungskraft: Erst mit 62 Jahren hatte sie ihr Coming-out. Seit bald einem Jahr leitet sie das Essener Studio mit mehr als 100 Mitarbeiter*innen.<\/p>\n<figure id=\"attachment_79546\" aria-describedby=\"caption-attachment-79546\" style=\"width: 1100px\" class=\"wp-caption alignnone\"><a href=\"https:\/\/mannschaft.com\/bimber\/wp-content\/uploads\/2020\/05\/sz.1.4842188.jpeg\"><img data-expand=\"600\" decoding=\"async\" loading=\"lazy\" class=\"lazyload size-full wp-image-79546\" src=\"data:image\/svg+xml;charset=utf-8,%3Csvg xmlns%3D'http%3A%2F%2Fwww.w3.org%2F2000%2Fsvg' viewBox%3D'0 0 1100 1467'%2F%3E\" data-src=\"https:\/\/mannschaft.com\/bimber\/wp-content\/uploads\/2020\/05\/sz.1.4842188.jpeg\" alt=\"Diversity-Tag\" width=\"1100\" height=\"1467\" data-srcset=\"https:\/\/alte.mannschaft.lgbt\/bimber\/wp-content\/uploads\/2020\/05\/sz.1.4842188.jpeg 1100w, https:\/\/alte.mannschaft.lgbt\/bimber\/wp-content\/uploads\/2020\/05\/sz.1.4842188-225x300.jpeg 225w, https:\/\/alte.mannschaft.lgbt\/bimber\/wp-content\/uploads\/2020\/05\/sz.1.4842188-425x567.jpeg 425w, https:\/\/alte.mannschaft.lgbt\/bimber\/wp-content\/uploads\/2020\/05\/sz.1.4842188-768x1024.jpeg 768w, https:\/\/alte.mannschaft.lgbt\/bimber\/wp-content\/uploads\/2020\/05\/sz.1.4842188-561x748.jpeg 561w, https:\/\/alte.mannschaft.lgbt\/bimber\/wp-content\/uploads\/2020\/05\/sz.1.4842188-749x999.jpeg 749w, https:\/\/alte.mannschaft.lgbt\/bimber\/wp-content\/uploads\/2020\/05\/sz.1.4842188-364x485.jpeg 364w, https:\/\/alte.mannschaft.lgbt\/bimber\/wp-content\/uploads\/2020\/05\/sz.1.4842188-758x1011.jpeg 758w, https:\/\/alte.mannschaft.lgbt\/bimber\/wp-content\/uploads\/2020\/05\/sz.1.4842188-608x811.jpeg 608w, https:\/\/alte.mannschaft.lgbt\/bimber\/wp-content\/uploads\/2020\/05\/sz.1.4842188-36x48.jpeg 36w, https:\/\/alte.mannschaft.lgbt\/bimber\/wp-content\/uploads\/2020\/05\/sz.1.4842188-72x96.jpeg 72w, https:\/\/alte.mannschaft.lgbt\/bimber\/wp-content\/uploads\/2020\/05\/sz.1.4842188-300x400.jpeg 300w, https:\/\/alte.mannschaft.lgbt\/bimber\/wp-content\/uploads\/2020\/05\/sz.1.4842188-400x533.jpeg 400w\" data-sizes=\"(max-width: 1100px) 100vw, 1100px\" \/><\/a><figcaption id=\"caption-attachment-79546\" class=\"wp-caption-text\">Georgine Kellermann (Foto: privat)<\/figcaption><\/figure>\n<p>Um Vielfalt auf der F\u00fchrungsebene geht es auch bei WDR 5: Das Wirtschaftsmagazin Profit fragt in der Sendung um 18:05 Uhr: \u00abWie divers sind die Vorst\u00e4nde deutscher Unternehmen?\u00bb<\/p>\n<p>Und der 15-min\u00fctige Film<a href=\"https:\/\/www1.wdr.de\/mediathek\/video\/sendungen\/wdrforyou-reportage\/video-voll-von-liebe-ibrahims-hochzeit-100.html\" target=\"_blank\" rel=\"noopener noreferrer\"> \u00abVoll von Liebe &#8211; Ibrahims Hochzeit\u00bb<\/a> von Janina Werner zeigt am 28. Mai um 23:30 Uhr im WDR Fernsehen die Geschichte von Ibrahim, der aus dem Libanon nach NRW fl\u00fcchtet. Weil er <span class=\"highlight\">schwul<\/span>\u00a0ist. Und weil er im Libanon deswegen sterben soll. \u00dcber seine Liebe und sein Engagement f\u00fcr die Rechte homosexueller Fl\u00fcchtlinge in Deutschland.<\/p>\n<p>\u00abVielfalt ist unser Auftrag\u00bb, erkl\u00e4rt Eva-Maria Michel Vorsitzende des Diversity Beirates des WDR.\u00a0 \u00abDie ARD macht Programm f\u00fcr alle Menschen in Deutschland. Die Vielfalt unserer Angebote lebt von den unterschiedlichen Perspektiven und Talenten in den Sendern. Es geh\u00f6rt daher zu unserem Selbstverst\u00e4ndnis in der ARD, dass wir Vielfalt und Chancengleichheit unserer Mitarbeiter*innen f\u00f6rdern und f\u00fcr eine Kultur der gegenseitigen Wertsch\u00e4tzung einstehen.\u00bb<\/p>\n<p>BR-Klassik geht der Frage nach, wie bunt die Klassikwelt ist. Im Podcast \u00abDie neue Norm\u00bb (Bayern2 Notizbuch) sprechen die Journalist*innen Judyta Smykowski, Jonas Karpa und Raul Krauthausen \u00fcber Vielfalt, Inklusion und das Leben mit Behinderung.<\/p>\n<p>Die Hessenschau des HR thematisiert, vor welchen Herausforderungen Transsexuelle in ihrem Alltag stehen. hr2 kultur hat in der Sendung \u00abDoppelkopf\u00bb die blinde Biathletin und VdK-Pr\u00e4sidentin Verena Bentele zu Gast.<\/p>\n<p>Der MDR setzt an diesem Tag seine programmlichen Aktivit\u00e4ten unter das Motto \u00abStark durch Vielfalt\u00bb und beleuchtet die Bedeutung von Vielfalt f\u00fcr den MDR als Arbeitgeber und als \u00f6ffentlich-rechtlicher Programmanbieter. Hier startete im vergangenen Jahr auch der \u00abPride Podcast\u00bb von MDR \u00abSputnik\u00bb mit Moderator Kai Witvrouwen <a href=\"https:\/\/mannschaft.com\/2019\/04\/18\/radioprogramm-mdr-sputnik-startet-pride-podcast\/\" target=\"_blank\" rel=\"noopener noreferrer\">(MANNSCHAFT berichtete)<\/a>.<\/p>\n<p>Das NDR-Kulturjournal widmet sich schon heute der Frage, was die Corona-Krise f\u00fcr Menschen mit Behinderungen bedeutet. In den Weltbildern, dem Auslandsmagazin im NDR-Fernsehen, geht es um einen homosexuellen, buddhistischen M\u00f6nch, der als Make-up-Stylist in Japan ber\u00fchmt wurde.<\/p>\n<p>Radio Bremen realisiert bei Bremen Zwei, dem Kultur- und Informationsprogramm eine Wochenserie namens \u00abDiversity heisst&#8230;\u00bb. In dem Podcast \u00abChai Society\u00bb von Bremen NEXT sprechen Host Refiye Ellek und Soraya Oeztekin \u00fcber das Leben und Aufwachsen mit mehreren Kulturen.<\/p>\n<blockquote class=\"wp-embedded-content\" data-secret=\"uAdHy5zpuV\"><p><a href=\"https:\/\/mannschaft.com\/2020\/05\/06\/rbb-queer-geht-in-den-dritten-sommer\/\">rbb QUEER geht in den dritten Sommer<\/a><\/p><\/blockquote>\n<p><iframe title=\"&#8222;rbb QUEER geht in den dritten Sommer&#8220; &#8212; Mannschaft Magazin\" class=\"wp-embedded-content\" sandbox=\"allow-scripts\" security=\"restricted\" style=\"position: absolute; clip: rect(1px, 1px, 1px, 1px);\" src=\"https:\/\/mannschaft.com\/2020\/05\/06\/rbb-queer-geht-in-den-dritten-sommer\/embed\/#?secret=uAdHy5zpuV\" data-secret=\"uAdHy5zpuV\" width=\"600\" height=\"338\" frameborder=\"0\" marginwidth=\"0\" marginheight=\"0\" scrolling=\"no\"><\/iframe><\/p>\n<p>Die rbb-H\u00f6rfunkwelle rbb 88.8 spielt Titel von Musikschaffenden aus den 80er und 90er Jahren, die sich besonders f\u00fcr Vielfalt und Diversity einsetzen oder diese vorleben. Im rbb-Fernsehmagazin \u00abzibb\u00bb erkennt das Publikum bei einer Mitmachaktion \u00fcber, wie vielf\u00e4ltig es selbst ist.<\/p>\n<p>Im SR Fernsehen untersucht um 19.20 Uhr der \u00abaktuelle bericht\u00bb, welche Rolle das Geschlecht in der Arbeitswelt spielt. SR 1 portr\u00e4tiert zum Beispiel ein lesbisches und ein schwules Paar, die zusammen zwei leibliche Kinder im Kita-Alter haben und diese in einer Gro\u00dffamilie aufziehen.<\/p>\n<p>Beim SWR beginnt der 26. Mai mit der Morningshow des SWR3 \u00abTeam International\u00bb. Diese Sendung ist am Diversity-Tag auch ab 6 Uhr als Visual Radio im SWR Fernsehen live zu sehen und zu h\u00f6ren, u.a. mit einer Reportage zu Alltagsrassismus.<\/p>\n","protected":false},"excerpt":{"rendered":"<p>Die ARD engagiert sich auch in diesem Jahr beim Diversity-Tag und setzt am 26. Mai 2020 erneut ein Zeichen f\u00fcr Vielfalt, Teilhabe, Fairness und Respekt. Initiiert wird der bundesweite Aktionstag von der Charta der Vielfalt. <a class=\"g1-link g1-link-more\" href=\"https:\/\/alte.mannschaft.lgbt\/bimber\/das-bringen-die-ard-sender-zum-diversity-tag\/\">Weiterlesen<\/a><\/p>\n","protected":false},"author":1,"featured_media":79539,"comment_status":"closed","ping_status":"closed","sticky":false,"template":"","format":"standard","meta":[],"categories":[2534],"tags":[5442,5531],"wps_subtitle":"Initiiert wird der bundesweite Aktionstag am 26. Mai von der Charta der Vielfalt","_links":{"self":[{"href":"https:\/\/alte.mannschaft.lgbt\/bimber\/wp-json\/wp\/v2\/posts\/79534"}],"collection":[{"href":"https:\/\/alte.mannschaft.lgbt\/bimber\/wp-json\/wp\/v2\/posts"}],"about":[{"href":"https:\/\/alte.mannschaft.lgbt\/bimber\/wp-json\/wp\/v2\/types\/post"}],"author":[{"embeddable":true,"href":"https:\/\/alte.mannschaft.lgbt\/bimber\/wp-json\/wp\/v2\/users\/1"}],"replies":[{"embeddable":true,"href":"https:\/\/alte.mannschaft.lgbt\/bimber\/wp-json\/wp\/v2\/comments?post=79534"}],"version-history":[{"count":0,"href":"https:\/\/alte.mannschaft.lgbt\/bimber\/wp-json\/wp\/v2\/posts\/79534\/revisions"}],"wp:featuredmedia":[{"embeddable":true,"href":"https:\/\/alte.mannschaft.lgbt\/bimber\/wp-json\/wp\/v2\/media\/79539"}],"wp:attachment":[{"href":"https:\/\/alte.mannschaft.lgbt\/bimber\/wp-json\/wp\/v2\/media?parent=79534"}],"wp:term":[{"taxonomy":"category","embeddable":true,"href":"https:\/\/alte.mannschaft.lgbt\/bimber\/wp-json\/wp\/v2\/categories?post=79534"},{"taxonomy":"post_tag","embeddable":true,"href":"https:\/\/alte.mannschaft.lgbt\/bimber\/wp-json\/wp\/v2\/tags?post=79534"}],"curies":[{"name":"wp","href":"https:\/\/api.w.org\/{rel}","templated":true}]}}