{"id":79407,"date":"2020-05-23T19:35:50","date_gmt":"2020-05-23T17:35:50","guid":{"rendered":"https:\/\/mannschaft.com\/?p=79407"},"modified":"2020-05-25T21:26:39","modified_gmt":"2020-05-25T19:26:39","slug":"nach-idahobit-beflaggung-lgbtiq-in-irak-in-todesangst","status":"publish","type":"post","link":"https:\/\/alte.mannschaft.lgbt\/bimber\/nach-idahobit-beflaggung-lgbtiq-in-irak-in-todesangst\/","title":{"rendered":"Nach IDAHOBIT-Beflaggung &#8211; LGBTIQ in Irak in Todesangst"},"content":{"rendered":"<h3>Am Mittwoch soll in Bagdad eine homosexuelle Person erschossen worden sein. Zahlreiche Twitter-User*innen sprechen von einem zweiten Mord an einem Schwulen. Anlass soll die Flaggenhissung unter anderem der EU-Vertretung vor einer Woche sein.<\/h3>\n<p>\u00abEine bewaffnete Gruppe hat in Sadr City eine Person mit Schalld\u00e4mpfern get\u00f6tet\u00bb, wird ein Polizist von der Nachrichtenagentur <a href=\"https:\/\/www.shafaaq.com\/en\/iraq-news\/gunmen-assassinate-gay-person-in-baghdad\/?fbclid=IwAR2I6tC7zwqNgxR-xCm2cna17gw2kRx9u3DSRdxOtBOVBbkOMlbeaFKcQbk\" target=\"_blank\" rel=\"noopener noreferrer\"><em>Shafaaq<\/em><\/a> zitiert. Die T\u00f6tung soll am vergangenen Mittwoch stattgefunden haben.<\/p>\n<p>Vorl\u00e4ufige Informationen deuteten darauf hin, dass das Opfer homosexuell sei, hiess es. Bei der Leiche wurde ein Zettel gefunden, der eine Art Warnmeldung enthielt: Sie richtete sich \u00aban die echten irakischen Familien\u00bb; sie m\u00fcssten ihre Kinder von der Aus\u00fcbung von Homosexualit\u00e4t abhalten, etwa durch das Praktizieren von Analsex. <em>Shafaaq<\/em> vermutet, diese \u00abWarnmeldung\u00bb k\u00f6nne ein Auftakt zu homosexuellen Attentaten im Irak sein.<\/p>\n<p>Einem Bericht von\u00a0<a href=\"https:\/\/baghdadtoday.news\/category\/44\/%D8%A7%D8%AE%D8%A8%D8%A7%D8%B1-%D9%83%D9%88%D8%B1%D9%88%D9%86%D8%A7?pageindex=1\" target=\"_blank\" rel=\"noopener noreferrer\"><em>Baghdad Today<\/em><\/a> zufolge gab es bereits einen weiteren Mordfall in Babil (fr\u00fcher: Hilla). Dort sei ein junger Mann namens Mohammed Ali Salim in seinem Auto erschossen und die Leiche gescha\u0308ndet worden sein. Der Hintergrund bleibt in der Zeitung unerw\u00e4hnt, doch Twitter-User*innen zufolge war er schwul und wurde von schiitischen Al-Sadr-Milizen umgebracht.<\/p>\n<blockquote class=\"twitter-tweet lazyload\" data-expand=\"600\" data-script=\"https:\/\/platform.twitter.com\/widgets.js\"  data-width=\"550\" data-dnt=\"true\">\n<p lang=\"en\" dir=\"ltr\">it&#39;s been reported that two people (allegedly gay) have already been killed in Iraq (Sadr City, Baghdad and Hillah, Babylon) due to the crackdown on homosexuals as a result of the <a href=\"https:\/\/twitter.com\/hashtag\/LGBT?src=hash&amp;ref_src=twsrc%5Etfw\">#LGBT<\/a> flag being raised at the British Embassy..<a href=\"https:\/\/twitter.com\/hashtag\/Save_Iraqi_Homosexuals?src=hash&amp;ref_src=twsrc%5Etfw\">#Save_Iraqi_Homosexuals<\/a><a href=\"https:\/\/twitter.com\/hashtag\/Save_Iraqi_Gays?src=hash&amp;ref_src=twsrc%5Etfw\">#Save_Iraqi_Gays<\/a> <a href=\"https:\/\/t.co\/CfdKI2irgI\">https:\/\/t.co\/CfdKI2irgI<\/a> <a href=\"https:\/\/t.co\/jesWhGhgGW\">pic.twitter.com\/jesWhGhgGW<\/a><\/p>\n<p>&mdash; Amooni || \ud83c\uddee\ud83c\uddf6 \ud83c\udff3\ufe0f\u200d\ud83c\udf08\u2763 (@a_manluv) <a href=\"https:\/\/twitter.com\/a_manluv\/status\/1263489251221442561?ref_src=twsrc%5Etfw\">May 21, 2020<\/a><\/p><\/blockquote>\n<p>Auch wenn die Informationen bisher sp\u00e4rlich und mit Vorsicht zu geniessen sind: Die Community in Bagdad ist in grosser Angst. In einer Grafik, die sich derzeit bei Twitter mit den Hashtags <span class=\"r-18u37iz\">#save_iraqi_gays und\u00a0<\/span>#save_iraqi_homosexuals verbreitet, heisst es: Die Flaggenhissung in einem homophoben Land wie dem Irak sei ein grosser Fehler gewesen. Junge LGBTIQ m\u00fcssten jetzt darunter leiden. \u00abWir werden t\u00e4glich gejagt, gekidnappt und get\u00f6tet\u00bb, heisst es dort. Die irakische Regierung unternehme nichts zu ihrem Schutz, schreibt eine Twitter-Userin.<\/p>\n<p>Der in Kurdistan im Nordirak\u00a0 geb\u00fcrtige LGBTIQ-Aktivist Amed Sherwan schrieb am Samstag auf <a href=\"https:\/\/www.facebook.com\/photo.php?fbid=1529904223858090&amp;set=a.224410774407448&amp;type=3&amp;theater\" target=\"_blank\" rel=\"noopener noreferrer\">Facebook<\/a>: \u00abHier ist internationaler Druck notwendig. Wir mu\u0308ssen alle zusammen stehen fu\u0308r die LGBTTIQ-Community im Irak!\u00bb<\/p>\n<blockquote class=\"twitter-tweet lazyload\" data-expand=\"600\" data-script=\"https:\/\/platform.twitter.com\/widgets.js\"  data-width=\"550\" data-dnt=\"true\">\n<p lang=\"en\" dir=\"ltr\">Can U plz Retweet this to help us<br \/> <a href=\"https:\/\/twitter.com\/hashtag\/save_iraqi_homosexuals?src=hash&amp;ref_src=twsrc%5Etfw\">#save_iraqi_homosexuals<\/a><a href=\"https:\/\/twitter.com\/hashtag\/save_iraqi_gays?src=hash&amp;ref_src=twsrc%5Etfw\">#save_iraqi_gays<\/a><a href=\"https:\/\/twitter.com\/hashtag\/saveTheLGBTofIRAQ?src=hash&amp;ref_src=twsrc%5Etfw\">#saveTheLGBTofIRAQ<\/a> <a href=\"https:\/\/t.co\/CID4kPkZPb\">pic.twitter.com\/CID4kPkZPb<\/a><\/p>\n<p>&mdash; The Elusive\ud83c\udff3\ufe0f\u200d\ud83c\udf08 (@AnaGayOlamb) <a href=\"https:\/\/twitter.com\/AnaGayOlamb\/status\/1263594332386258945?ref_src=twsrc%5Etfw\">May 21, 2020<\/a><\/p><\/blockquote>\n<p>Zum IDAHOBIT hatte die Vertretung der Europ\u00e4ischen Union in Bagdad zum ersten Mal in der Geschichte des Irak die Regenbogenfahne \u00fcber ihrem Hauptquartier gehisst &#8211; ebenso wie das kanadische und britische Konsulat, die sich der Aktion anschlossen.<\/p>\n<p>Gewonnen h\u00e4tten dadurch aber vor allem die gef\u00fcrchteten Milizen, die sich nun als H\u00fcter von Moral und M\u00e4nnlichkeit gerieren k\u00f6nnten, sagte der Wissenschaftler Musa Al-Ahadidi in diesem BBC-Video.<\/p>\n<blockquote class=\"twitter-tweet lazyload\" data-expand=\"600\" data-script=\"https:\/\/platform.twitter.com\/widgets.js\"  data-width=\"550\" data-dnt=\"true\">\n<p lang=\"en\" dir=\"ltr\"><a href=\"https:\/\/twitter.com\/hashtag\/IraQueer?src=hash&amp;ref_src=twsrc%5Etfw\">#IraQueer<\/a>\u2019s response to recent backlash against <a href=\"https:\/\/twitter.com\/hashtag\/LGBT?src=hash&amp;ref_src=twsrc%5Etfw\">#LGBT<\/a>+ Iraqis. Taken from <a href=\"https:\/\/twitter.com\/BBCArabic?ref_src=twsrc%5Etfw\">@BBCArabic<\/a>.<a href=\"https:\/\/twitter.com\/AmirLemina?ref_src=twsrc%5Etfw\">@AmirLemina<\/a> <a href=\"https:\/\/twitter.com\/BBCWorld?ref_src=twsrc%5Etfw\">@BBCWorld<\/a> <a href=\"https:\/\/twitter.com\/BBC?ref_src=twsrc%5Etfw\">@BBC<\/a> <a href=\"https:\/\/twitter.com\/BBCBreaking?ref_src=twsrc%5Etfw\">@BBCBreaking<\/a> <a href=\"https:\/\/twitter.com\/IraqiPMO?ref_src=twsrc%5Etfw\">@IraqiPMO<\/a> <a href=\"https:\/\/twitter.com\/BarhamSalih?ref_src=twsrc%5Etfw\">@BarhamSalih<\/a> <a href=\"https:\/\/twitter.com\/Mu_AlSadr?ref_src=twsrc%5Etfw\">@Mu_AlSadr<\/a> <a href=\"https:\/\/twitter.com\/IraqiGovt?ref_src=twsrc%5Etfw\">@IraqiGovt<\/a> <a href=\"https:\/\/twitter.com\/EUinIraq?ref_src=twsrc%5Etfw\">@EUinIraq<\/a> <a href=\"https:\/\/twitter.com\/EUAmbIraq?ref_src=twsrc%5Etfw\">@EUAmbIraq<\/a> <a href=\"https:\/\/twitter.com\/EU_Commission?ref_src=twsrc%5Etfw\">@EU_Commission<\/a> <a href=\"https:\/\/twitter.com\/MAKadhimi?ref_src=twsrc%5Etfw\">@MAKadhimi<\/a><a href=\"https:\/\/twitter.com\/hashtag\/Iraq?src=hash&amp;ref_src=twsrc%5Etfw\">#Iraq<\/a> <a href=\"https:\/\/twitter.com\/hashtag\/IDAHOT?src=hash&amp;ref_src=twsrc%5Etfw\">#IDAHOT<\/a> <a href=\"https:\/\/twitter.com\/hashtag\/IDAHOBiT?src=hash&amp;ref_src=twsrc%5Etfw\">#IDAHOBiT<\/a> <a href=\"https:\/\/twitter.com\/hashtag\/IDAHOTBi?src=hash&amp;ref_src=twsrc%5Etfw\">#IDAHOTBi<\/a> <a href=\"https:\/\/twitter.com\/hashtag\/Rainbow_flag?src=hash&amp;ref_src=twsrc%5Etfw\">#Rainbow_flag<\/a> <a href=\"https:\/\/twitter.com\/hashtag\/EU?src=hash&amp;ref_src=twsrc%5Etfw\">#EU<\/a> <a href=\"https:\/\/t.co\/dAQ2prMY4E\">pic.twitter.com\/dAQ2prMY4E<\/a><\/p>\n<p>&mdash; IraQueer \u0639\u0631\u0627\u0642 \u0643\u0648\u064a\u0631 (@IraQueer) <a href=\"https:\/\/twitter.com\/IraQueer\/status\/1263538521375150082?ref_src=twsrc%5Etfw\">May 21, 2020<\/a><\/p><\/blockquote>\n<p>Die Kritik in dem Land fiel heftig aus: Man habe gegen die \u00abedle Moral aller g\u00f6ttlichen Religionen\u00bb im Irak verstossen. Als Reaktion auf die gehissten Regenbogenfahnen wetterten zun\u00e4chst viele Twitter-User*innen gegen die Fahnenhissung. Gerade im Ramadan sei dies besonders respektlos. Sie forderten, dass die Fahnen heruntergerissen und verbrannt w\u00fcrden <a href=\"https:\/\/mannschaft.com\/2020\/05\/19\/regenbogenflagge-in-irak-wuetende-regierung-fordert-entschuldigung\/\" target=\"_blank\" rel=\"noopener noreferrer\">(MANNSCHAFT berichtete)<\/a>.<\/p>\n<p>Auch der einflussreiche radikale Geistliche, der Milizenfu\u0308hrer und Politiker Muqtada Al-Sadr, schaltete mit einem Brief an die Vertretung der EU ein. Man verlange eine offizielle und sofortige Entschuldigung f\u00fcr das Hissen der Regenbogenflagge in Irak. Ende Ma\u0308rz hatte Al-Sadr bei Twitter behauptet, dass die Legalisierung der Ehe f\u00fcr schwule und lesbische Paare in vielen La\u0308ndern der Welt massgeblich zur Ausbreitung der Corona-Pandemie gefu\u0308hrt habe <a href=\"https:\/\/mannschaft.com\/2020\/03\/28\/muktada-al-sadr-geistlicher-aus-dem-irak-eheoeffnung-brachte-corona-pandemie\/\" target=\"_blank\" rel=\"noopener noreferrer\">(MANNSCHAFT berichtete)<\/a>.<\/p>\n<blockquote class=\"wp-embedded-content\" data-secret=\"0rS74t4w1U\"><p><a href=\"https:\/\/mannschaft.com\/2020\/03\/20\/dragqueen-gigi-lou-in-der-falschen-welt-geboren\/\">Raus aus dem Iran &#8211; Neustart in der Schweiz<\/a><\/p><\/blockquote>\n<p><iframe title=\"&#8222;Raus aus dem Iran &#8211; Neustart in der Schweiz&#8220; &#8212; Mannschaft Magazin\" class=\"wp-embedded-content\" sandbox=\"allow-scripts\" security=\"restricted\" style=\"position: absolute; clip: rect(1px, 1px, 1px, 1px);\" src=\"https:\/\/mannschaft.com\/2020\/03\/20\/dragqueen-gigi-lou-in-der-falschen-welt-geboren\/embed\/#?secret=0rS74t4w1U\" data-secret=\"0rS74t4w1U\" width=\"600\" height=\"338\" frameborder=\"0\" marginwidth=\"0\" marginheight=\"0\" scrolling=\"no\"><\/iframe><\/p>\n<p>Das Mediennetzwerk Esta berichtet aus dem Nahen Osten und zitierte den stellvertretenden Sprecher des irakischen Repr\u00e4sentantenrates, Bashir Hadad. Auch er verlangte, dass sich die diplomatischen Missionen f\u00fcr ihr Vorgehen entschuldigen m\u00fcssten. Sie h\u00e4tten gegen die \u00abedle Moral aller g\u00f6ttlichen Religionen\u00bb im Irak verstossen.<\/p>\n<p>Hadad verlangte, die EU-Mission m\u00fcsse sich f\u00fcr die Aktion entschuldigen, die sich nicht noch einmal wiederholen sollte.<\/p>\n<p>Neben Homosexualit\u00e4t, Atheismus und Frauenrechten thematisiert der Film \u00abBaghdad in my Shadow\u00bb\u00a0 gleich drei Tabus in der irakischen Gesellschaft und strickt daraus eine packende Geschichte <a href=\"https:\/\/mannschaft.com\/2019\/11\/29\/baghdad-in-my-shadow-jetzt-in-schweizer-kinos\/\" target=\"_blank\" rel=\"noopener noreferrer\">(MANNSCHAFT berichtete)<\/a>.<\/p>\n","protected":false},"excerpt":{"rendered":"<p>Am Mittwoch soll in Bagdad eine homosexuelle Person get\u00f6tet worden sein. Andere Twitter-User*innen sprechen von einem zweiten Mord an einem Schwulen. Anlass soll die Flaggenhissung u. a. der EU-Vertretung vor einer Woche sein. <a class=\"g1-link g1-link-more\" href=\"https:\/\/alte.mannschaft.lgbt\/bimber\/nach-idahobit-beflaggung-lgbtiq-in-irak-in-todesangst\/\">Weiterlesen<\/a><\/p>\n","protected":false},"author":3,"featured_media":79417,"comment_status":"closed","ping_status":"closed","sticky":false,"template":"","format":"standard","meta":[],"categories":[2],"tags":[1369,5501,5461,5512],"wps_subtitle":"Berichten zufolge soll bereits mindestens eine homosexuelle Person get\u00f6tet worden sein","_links":{"self":[{"href":"https:\/\/alte.mannschaft.lgbt\/bimber\/wp-json\/wp\/v2\/posts\/79407"}],"collection":[{"href":"https:\/\/alte.mannschaft.lgbt\/bimber\/wp-json\/wp\/v2\/posts"}],"about":[{"href":"https:\/\/alte.mannschaft.lgbt\/bimber\/wp-json\/wp\/v2\/types\/post"}],"author":[{"embeddable":true,"href":"https:\/\/alte.mannschaft.lgbt\/bimber\/wp-json\/wp\/v2\/users\/3"}],"replies":[{"embeddable":true,"href":"https:\/\/alte.mannschaft.lgbt\/bimber\/wp-json\/wp\/v2\/comments?post=79407"}],"version-history":[{"count":0,"href":"https:\/\/alte.mannschaft.lgbt\/bimber\/wp-json\/wp\/v2\/posts\/79407\/revisions"}],"wp:featuredmedia":[{"embeddable":true,"href":"https:\/\/alte.mannschaft.lgbt\/bimber\/wp-json\/wp\/v2\/media\/79417"}],"wp:attachment":[{"href":"https:\/\/alte.mannschaft.lgbt\/bimber\/wp-json\/wp\/v2\/media?parent=79407"}],"wp:term":[{"taxonomy":"category","embeddable":true,"href":"https:\/\/alte.mannschaft.lgbt\/bimber\/wp-json\/wp\/v2\/categories?post=79407"},{"taxonomy":"post_tag","embeddable":true,"href":"https:\/\/alte.mannschaft.lgbt\/bimber\/wp-json\/wp\/v2\/tags?post=79407"}],"curies":[{"name":"wp","href":"https:\/\/api.w.org\/{rel}","templated":true}]}}