{"id":79398,"date":"2020-05-23T11:34:06","date_gmt":"2020-05-23T09:34:06","guid":{"rendered":"https:\/\/mannschaft.com\/?p=79398"},"modified":"2020-05-23T11:46:43","modified_gmt":"2020-05-23T09:46:43","slug":"deutsches-grundgesetz-wird-71-lgbtiq-weiter-ungeschuetzt","status":"publish","type":"post","link":"https:\/\/alte.mannschaft.lgbt\/bimber\/deutsches-grundgesetz-wird-71-lgbtiq-weiter-ungeschuetzt\/","title":{"rendered":"Deutsches Grundgesetz wird 71 &#8211; LGBTIQ weiter ungesch\u00fctzt"},"content":{"rendered":"<h3>Eine \u00fcberw\u00e4ltigende Mehrheit der B\u00fcrger*innen h\u00e4lt ihr deutsches Grundgesetz f\u00fcr eine zentrale Errungenschaft der Bundesrepublik. Doch die sexuelle oder geschlechtliche Identit\u00e4t wird darin nicht gesch\u00fctzt.<\/h3>\n<p>Eine \u00fcberw\u00e4ltigende Mehrheit der B\u00fcrger*innen h\u00e4lt das Grundgesetz f\u00fcr eine zentrale Errungenschaft der Bundesrepublik Deutschland. Jede*r zweite Befragte ist f\u00fcr eine Erweiterung des Artikels 3 GG um das Merkmal der sexuellen Orientierung<a href=\"https:\/\/mannschaft.com\/2019\/05\/13\/mehrheit-der-deutschen-will-lgbtiq-schutz-im-grundgesetz\/\" target=\"_blank\" rel=\"noopener noreferrer\"> (MANNSCHAFT berichtete)<\/a>.<\/p>\n<blockquote class=\"wp-embedded-content\" data-secret=\"rRdbYiBlRk\"><p><a href=\"https:\/\/mannschaft.com\/2020\/05\/08\/lgbtiq-news-wir-feiern-100-ausgaben-und-10-jahre-mannschaft\/\">Endlich 10 Jahre alt! Hier ist die MANNSCHAFT, Nr. 100<\/a><\/p><\/blockquote>\n<p><iframe title=\"&#8222;Endlich 10 Jahre alt! Hier ist die MANNSCHAFT, Nr. 100&#8220; &#8212; Mannschaft Magazin\" class=\"wp-embedded-content\" sandbox=\"allow-scripts\" security=\"restricted\" style=\"position: absolute; clip: rect(1px, 1px, 1px, 1px);\" src=\"https:\/\/mannschaft.com\/2020\/05\/08\/lgbtiq-news-wir-feiern-100-ausgaben-und-10-jahre-mannschaft\/embed\/#?secret=rRdbYiBlRk\" data-secret=\"rRdbYiBlRk\" width=\"600\" height=\"338\" frameborder=\"0\" marginwidth=\"0\" marginheight=\"0\" scrolling=\"no\"><\/iframe><\/p>\n<p>In einer Umfrage der Antidiskriminierungsstelle des Bundes zum 70-j\u00e4hrigen Jubil\u00e4um des Grundgesetzes im vergangenen Jahr teilten 86 Prozent diese Auffassung. Insgesamt 79 Prozent der Befragten stimmten der Aussage zu, das Grundgesetz habe sich seit seinem Inkrafttreten im Hinblick auf den Schutz der Grundrechte bew\u00e4hrt.<\/p>\n<p>Die repr\u00e4sentative Umfrage wurde vom Meinungsforschungsinstitut Kantar Emnid im Zeitraum vom 22. M\u00e4rz bis 24. April 2019 als pers\u00f6nlich-m\u00fcndliche Befragung (Computer Assisted Personal Interviewing &#8211; CAPI) durchgef\u00fchrt. Insgesamt wurden bundesweit 1.026 Personen befragt.<\/p>\n<blockquote class=\"wp-embedded-content\" data-secret=\"ImMGpOguT4\"><p><a href=\"https:\/\/mannschaft.com\/2020\/05\/22\/wuestenstrom-flieht-vor-konversionstherapie-verbot-in-die-schweiz\/\">W\u00fcstenstrom flieht vor \u00abKonversionstherapie\u00bb-Verbot in die Schweiz<\/a><\/p><\/blockquote>\n<p><iframe title=\"&#8222;W\u00fcstenstrom flieht vor \u00abKonversionstherapie\u00bb-Verbot in die Schweiz&#8220; &#8212; Mannschaft Magazin\" class=\"wp-embedded-content\" sandbox=\"allow-scripts\" security=\"restricted\" style=\"position: absolute; clip: rect(1px, 1px, 1px, 1px);\" src=\"https:\/\/mannschaft.com\/2020\/05\/22\/wuestenstrom-flieht-vor-konversionstherapie-verbot-in-die-schweiz\/embed\/#?secret=ImMGpOguT4\" data-secret=\"ImMGpOguT4\" width=\"600\" height=\"338\" frameborder=\"0\" marginwidth=\"0\" marginheight=\"0\" scrolling=\"no\"><\/iframe><\/p>\n<p>2018 hatte der Berliner Senat auf Vorlage des Senators f\u00fcr Justiz, Verbraucherschutz und Antidiskriminierung, Dirk Behrendt (B\u00fcndnis 90\/Die Gr\u00fcnen), eine Bundesratsinitiative zur \u00c4nderung des Grundgesetzes beschlossen: Die geschlechtliche und sexuelle Identit\u00e4t soll in den Schutzbereich des Artikel 3 Absatz 3 Satz 1 Grundgesetz aufgenommen werden. In einem <a href=\"https:\/\/mannschaft.com\/2018\/05\/01\/sexuelle-und-geschlechtliche-identitaet-muessen-ins-grundgesetz\/\" target=\"_blank\" rel=\"noopener noreferrer\">Gastbeitrag f\u00fcr MANNSCHAFT<\/a> erkl\u00e4rte Behrendt, warum das wichtig ist.<\/p>\n<p>Nun wird das Grundgesetz 71 Jahre alt, und die Verfassung sollte unbedingt weiterentwickelt werden, findet Jens Brandenburg, LGBTIQ-Sprecher der FDP-Bundestagsfraktion.<\/p>\n<p>\u00abNoch in den 1950er und 70er Jahren hat das Bundesverfassungsgericht die strafrechtliche Verfolgung homosexueller M\u00e4nner auf Basis desselben Verfassungstextes gebilligt. Damit sich solches Unrecht nie wiederholt, wollen wir als FDP-Bundestagsfraktion den Schutz der sexuellen Identit\u00e4t unmissverst\u00e4ndlich im Wortlaut des Artikel 3 Grundgesetz verankern. Nie wieder d\u00fcrfen politische Stimmungslagen zur Gefahr f\u00fcr Freiheit und W\u00fcrde des Einzelnen werden,\u00bb, so Brandenburg.<\/p>\n<p>Darum appelliere man an Union und SPD: Am Schutz der sexuellen Identit\u00e4t d\u00fcrfe der Gesetzgeber keinen Zweifel zu lassen.<\/p>\n<p>Das Allgemeine Gleichbehandlungsgesetz (AGG), das 2006 in Deutschland in Kraft getreten ist und Diskriminierung im Zivil- und Arbeitsrecht verbietet, ist bereits weiter gefasst als das Diskriminierungsverbot des Grundgesetzes. So verbietet das AGG nicht nur Diskriminierung aus rassistischen Gr\u00fcnden oder wegen der ethnischen Herkunft, wegen des Geschlechts, der Religion oder Weltanschauung oder einer Behinderung, sondern eben auch aufgrund des Lebensalters und der sexuellen Identit\u00e4t.<\/p>\n","protected":false},"excerpt":{"rendered":"<p>Eine \u00fcberw\u00e4ltigende Mehrheit der Deutschen h\u00e4lt ihr deutsches Grundgesetz f\u00fcr eine zentrale Errungenschaft der Bundesrepublik. Doch die sexuelle oder geschlechtliche Identit\u00e4t wird darin nicht gesch\u00fctzt. <a class=\"g1-link g1-link-more\" href=\"https:\/\/alte.mannschaft.lgbt\/bimber\/deutsches-grundgesetz-wird-71-lgbtiq-weiter-ungeschuetzt\/\">Weiterlesen<\/a><\/p>\n","protected":false},"author":1,"featured_media":55004,"comment_status":"closed","ping_status":"closed","sticky":false,"template":"","format":"standard","meta":[],"categories":[3],"tags":[5531,5507,5544],"wps_subtitle":"Der 23. Mai ist der Tag des deutschen Grundgesetzes","_links":{"self":[{"href":"https:\/\/alte.mannschaft.lgbt\/bimber\/wp-json\/wp\/v2\/posts\/79398"}],"collection":[{"href":"https:\/\/alte.mannschaft.lgbt\/bimber\/wp-json\/wp\/v2\/posts"}],"about":[{"href":"https:\/\/alte.mannschaft.lgbt\/bimber\/wp-json\/wp\/v2\/types\/post"}],"author":[{"embeddable":true,"href":"https:\/\/alte.mannschaft.lgbt\/bimber\/wp-json\/wp\/v2\/users\/1"}],"replies":[{"embeddable":true,"href":"https:\/\/alte.mannschaft.lgbt\/bimber\/wp-json\/wp\/v2\/comments?post=79398"}],"version-history":[{"count":0,"href":"https:\/\/alte.mannschaft.lgbt\/bimber\/wp-json\/wp\/v2\/posts\/79398\/revisions"}],"wp:featuredmedia":[{"embeddable":true,"href":"https:\/\/alte.mannschaft.lgbt\/bimber\/wp-json\/wp\/v2\/media\/55004"}],"wp:attachment":[{"href":"https:\/\/alte.mannschaft.lgbt\/bimber\/wp-json\/wp\/v2\/media?parent=79398"}],"wp:term":[{"taxonomy":"category","embeddable":true,"href":"https:\/\/alte.mannschaft.lgbt\/bimber\/wp-json\/wp\/v2\/categories?post=79398"},{"taxonomy":"post_tag","embeddable":true,"href":"https:\/\/alte.mannschaft.lgbt\/bimber\/wp-json\/wp\/v2\/tags?post=79398"}],"curies":[{"name":"wp","href":"https:\/\/api.w.org\/{rel}","templated":true}]}}