{"id":79378,"date":"2020-05-23T09:57:30","date_gmt":"2020-05-23T07:57:30","guid":{"rendered":"https:\/\/mannschaft.com\/?p=79378"},"modified":"2020-06-16T14:42:43","modified_gmt":"2020-06-16T12:42:43","slug":"landeskirche-wuerttemberg-sehr-froh-dass-ich-lesbische-und-schwule-ehepaare-nicht-mehr-wegschicken-muss","status":"publish","type":"post","link":"https:\/\/alte.mannschaft.lgbt\/bimber\/landeskirche-wuerttemberg-sehr-froh-dass-ich-lesbische-und-schwule-ehepaare-nicht-mehr-wegschicken-muss\/","title":{"rendered":"\u00abSehr froh, dass ich Homosexuelle nicht mehr wegschicken muss\u00bb"},"content":{"rendered":"<h3>Lange hatte die evangelische Landeskirche W\u00fcrttemberg mit sich und den Segnungsgottesdiensten f\u00fcr homosexuelle Paare gerungen. Dann gelang der Kompromiss. Nun traut sich das erste Paar &#8211; und der Pfarrer ist erleichtert.<\/h3>\n<p>Die Landeskirche W\u00fcrttemberg war lange eine der letzten Gliedkirchen der Evangelischen Kirche in Deutschland (EKD), die weder die \u00f6ffentliche Segnung noch die \u00f6ffentliche Trauung von gleichgeschlechtlichen Paaren erlaubte. Doch nach dem Beschluss der Landessynode vom M\u00e4rz 2019 wurde ein Segnungsgottesdienst f\u00fcr gleichgeschlechtliche Paare ab diesem Jahr erm\u00f6glicht &#8211; <em>Trauung <\/em>darf es weiterhin nur bei Heteros heissen.<\/p>\n<blockquote class=\"wp-embedded-content\" data-secret=\"ttBl94WeRL\"><p><a href=\"https:\/\/mannschaft.com\/2020\/05\/15\/schwule-und-lesben-duerfen-in-costa-rica-jetzt-heiraten\/\">Schwule und Lesben d\u00fcrfen in Costa Rica jetzt heiraten<\/a><\/p><\/blockquote>\n<p><iframe class=\"wp-embedded-content\" sandbox=\"allow-scripts\" security=\"restricted\" style=\"position: absolute; clip: rect(1px, 1px, 1px, 1px);\" title=\"&#8222;Schwule und Lesben d\u00fcrfen in Costa Rica jetzt heiraten&#8220; &#8212; Mannschaft Magazin\" src=\"https:\/\/mannschaft.com\/2020\/05\/15\/schwule-und-lesben-duerfen-in-costa-rica-jetzt-heiraten\/embed\/#?secret=ttBl94WeRL\" data-secret=\"ttBl94WeRL\" width=\"600\" height=\"338\" frameborder=\"0\" marginwidth=\"0\" marginheight=\"0\" scrolling=\"no\"><\/iframe><\/p>\n<p>&nbsp;<\/p>\n<p>Auf einer Unterschriftenliste erkl\u00e4rten immerhin 335 Pfarrer aus der Landeskirche in W\u00fcrttemberg, sie w\u00fcrden keine \u00f6ffentlichen Segnungen gleichgeschlechtlicher Paare vollziehen<\/p>\n<p>Nun steht aber am Sonntag um 10.00 Uhr erstmals ein schwules Paar in der Evangelischen Landeskirche in W\u00fcrttemberg vor dem Altar, um sich in einem \u00f6ffentlichen Gottesdienst in der Leonhardskirche segnen zu lassen. Gerald und Ahmad Wolf sind bereits verpartnert und wollen nun kirchlich heiraten. \u00abUnser Glaube ist uns beiden sehr wichtig\u00bb, erz\u00e4hlt Gerald der<em><a href=\"https:\/\/www.hz.de\/suedwest\/segnungsgottesdienste-fuer-schwule-und-lesben-mann-und-mann-mit-gottes-segen-46462066.html\" target=\"_blank\" rel=\"noopener noreferrer\"> Heidenheimer Zeitung<\/a>.<\/em><\/p>\n<figure id=\"attachment_79379\" aria-describedby=\"caption-attachment-79379\" style=\"width: 600px\" class=\"wp-caption alignnone\"><a href=\"https:\/\/mannschaft.com\/bimber\/wp-content\/uploads\/2020\/05\/portrait_pfr_doll.jpg\"><img data-expand=\"600\" decoding=\"async\" loading=\"lazy\" class=\"lazyload wp-image-79379 size-full\" src=\"data:image\/svg+xml;charset=utf-8,%3Csvg xmlns%3D'http%3A%2F%2Fwww.w3.org%2F2000%2Fsvg' viewBox%3D'0 0 600 900'%2F%3E\" data-src=\"https:\/\/mannschaft.com\/bimber\/wp-content\/uploads\/2020\/05\/portrait_pfr_doll.jpg\" alt=\"\" width=\"600\" height=\"900\" data-srcset=\"https:\/\/alte.mannschaft.lgbt\/bimber\/wp-content\/uploads\/2020\/05\/portrait_pfr_doll.jpg 600w, https:\/\/alte.mannschaft.lgbt\/bimber\/wp-content\/uploads\/2020\/05\/portrait_pfr_doll-200x300.jpg 200w, https:\/\/alte.mannschaft.lgbt\/bimber\/wp-content\/uploads\/2020\/05\/portrait_pfr_doll-400x600.jpg 400w, https:\/\/alte.mannschaft.lgbt\/bimber\/wp-content\/uploads\/2020\/05\/portrait_pfr_doll-561x842.jpg 561w, https:\/\/alte.mannschaft.lgbt\/bimber\/wp-content\/uploads\/2020\/05\/portrait_pfr_doll-364x546.jpg 364w, https:\/\/alte.mannschaft.lgbt\/bimber\/wp-content\/uploads\/2020\/05\/portrait_pfr_doll-32x48.jpg 32w, https:\/\/alte.mannschaft.lgbt\/bimber\/wp-content\/uploads\/2020\/05\/portrait_pfr_doll-64x96.jpg 64w\" data-sizes=\"(max-width: 600px) 100vw, 600px\" \/><\/a><figcaption id=\"caption-attachment-79379\" class=\"wp-caption-text\">Pfarrer Christoph Doll (Foto: Leonhardsgemeinde)<\/figcaption><\/figure>\n<p>Rund 20 Freund*innen und Bekannte habe das Paar zur Segnung eingeladen. Eltern und Geschwister w\u00fcrden nicht kommen. Dass die M\u00e4nner schwul sind, stosse in beiden Familien auf Ablehnung.<\/p>\n<p>Das w\u00fcrttembergische Kirchenparlament, die sogenannte Synode, hatte vor mehr als einem Jahr beschlossen, dass ein Viertel der Kirchengemeinden ihre \u00f6rtliche Gottesdienstordnung \u00e4ndern und Segnungsgottesdienste nach der zivilen Eheschliessung anbieten d\u00fcrfen. Das Gesetz schliesst auch trans und inter Menschen ein.<\/p>\n<p>Der Pfarrer der Stuttgarter Leonhardsgemeinde, Christoph Doll, sagte im Vorfeld des Gottesdienstes zur dpa: \u00abIch bin sehr froh, dass ich k\u00fcnftig lesbische und schwule Ehepaare nicht mehr wegschicken muss.\u00bb Es sei \u00fcberf\u00e4llig gewesen, solche Gottesdienste zu erm\u00f6glichen. \u00abF\u00fcr die bisher sehr hartherzige Linie in unserer Landeskirche habe ich mich oft gesch\u00e4mt\u00bb, sagte Doll.<\/p>\n<p>Nach Angaben der Landeskirche k\u00f6nnen bislang 23 der rund 1300 w\u00fcrttembergischen Gemeinden Segnungsgottesdienste f\u00fcr gleichgeschlechtliche Paare anbieten. Rund 170 der 1300 landeskirchlichen Gemeinden sind im Gespr\u00e4ch mit dem Evangelischen Oberkirchenrat, um die lokale Gottesdienstordnung zu \u00e4ndern.<\/p>\n<blockquote class=\"wp-embedded-content\" data-secret=\"Heo07lWJ1f\"><p><a href=\"https:\/\/mannschaft.com\/2020\/05\/22\/irland-feiert-5-jahre-eheoeffnung\/\">Inklusion und Hoffnung &#8211; Irland feiert 5 Jahre Ehe\u00f6ffnung<\/a><\/p><\/blockquote>\n<p><iframe class=\"wp-embedded-content\" sandbox=\"allow-scripts\" security=\"restricted\" style=\"position: absolute; clip: rect(1px, 1px, 1px, 1px);\" title=\"&#8222;Inklusion und Hoffnung &#8211; Irland feiert 5 Jahre Ehe\u00f6ffnung&#8220; &#8212; Mannschaft Magazin\" src=\"https:\/\/mannschaft.com\/2020\/05\/22\/irland-feiert-5-jahre-eheoeffnung\/embed\/#?secret=Heo07lWJ1f\" data-secret=\"Heo07lWJ1f\" width=\"600\" height=\"338\" frameborder=\"0\" marginwidth=\"0\" marginheight=\"0\" scrolling=\"no\"><\/iframe><\/p>\n<p>Ebenfalls in Stuttgart wollte schon vor einigen Jahren der dortige CDU-Bundestagsabgeordnete Stefan Kaufmann und sein Partner Rolf Pfander den Segen von der R\u00f6misch-katholischen Kirche haben. Doch die Di\u00f6zese Rottenburg-Stuttgart wies das zur\u00fcck . Das Sakrament der Ehe m\u00fcsse in seiner \u00abunverwechselbaren Form\u00bb &#8211; gemeint war: der <em>heterosexuellen<\/em> &#8211; gewahrt bleiben, fand der Bischof.<\/p>\n<p>2015 kam es aber doch noch zum Happy-End: Kaufmann und Pfander bekamen den gew\u00fcnschten kirchlichen Segen bei einem alt-katholischen Gottesdienst in der Schlosskirche in Stuttgarts Altem Schloss.<\/p>\n","protected":false},"excerpt":{"rendered":"<p>Lange hatte die evangelische Landeskirche W\u00fcrttemberg mit sich und den Segnungsgottesdiensten f\u00fcr homosexuelle Paare gerungen. Nun traut sich das erste schwule Paar &#8211; und dem Pfarrer f\u00e4llt ein Stein vom Herzen. <a class=\"g1-link g1-link-more\" href=\"https:\/\/alte.mannschaft.lgbt\/bimber\/landeskirche-wuerttemberg-sehr-froh-dass-ich-lesbische-und-schwule-ehepaare-nicht-mehr-wegschicken-muss\/\">Weiterlesen<\/a><\/p>\n","protected":false},"author":1,"featured_media":66560,"comment_status":"closed","ping_status":"closed","sticky":false,"template":"","format":"standard","meta":[],"categories":[3],"tags":[5449,5512],"wps_subtitle":"In Stuttgart findet am Sonntag der erste Segnungsgottesdienst f\u00fcr ein schwules Paar statt","_links":{"self":[{"href":"https:\/\/alte.mannschaft.lgbt\/bimber\/wp-json\/wp\/v2\/posts\/79378"}],"collection":[{"href":"https:\/\/alte.mannschaft.lgbt\/bimber\/wp-json\/wp\/v2\/posts"}],"about":[{"href":"https:\/\/alte.mannschaft.lgbt\/bimber\/wp-json\/wp\/v2\/types\/post"}],"author":[{"embeddable":true,"href":"https:\/\/alte.mannschaft.lgbt\/bimber\/wp-json\/wp\/v2\/users\/1"}],"replies":[{"embeddable":true,"href":"https:\/\/alte.mannschaft.lgbt\/bimber\/wp-json\/wp\/v2\/comments?post=79378"}],"version-history":[{"count":0,"href":"https:\/\/alte.mannschaft.lgbt\/bimber\/wp-json\/wp\/v2\/posts\/79378\/revisions"}],"wp:featuredmedia":[{"embeddable":true,"href":"https:\/\/alte.mannschaft.lgbt\/bimber\/wp-json\/wp\/v2\/media\/66560"}],"wp:attachment":[{"href":"https:\/\/alte.mannschaft.lgbt\/bimber\/wp-json\/wp\/v2\/media?parent=79378"}],"wp:term":[{"taxonomy":"category","embeddable":true,"href":"https:\/\/alte.mannschaft.lgbt\/bimber\/wp-json\/wp\/v2\/categories?post=79378"},{"taxonomy":"post_tag","embeddable":true,"href":"https:\/\/alte.mannschaft.lgbt\/bimber\/wp-json\/wp\/v2\/tags?post=79378"}],"curies":[{"name":"wp","href":"https:\/\/api.w.org\/{rel}","templated":true}]}}