{"id":79291,"date":"2020-05-22T08:33:20","date_gmt":"2020-05-22T06:33:20","guid":{"rendered":"https:\/\/mannschaft.com\/?p=79291"},"modified":"2020-05-24T21:35:04","modified_gmt":"2020-05-24T19:35:04","slug":"irland-feiert-5-jahre-eheoeffnung","status":"publish","type":"post","link":"https:\/\/alte.mannschaft.lgbt\/bimber\/irland-feiert-5-jahre-eheoeffnung\/","title":{"rendered":"Inklusion und Hoffnung &#8211; Irland feiert 5 Jahre Ehe\u00f6ffnung"},"content":{"rendered":"<h3>Als erstes Land \u00fcberhaupt f\u00fchrte Irland die Ehe f\u00fcr alle per Volksentscheid am 22.\u00a0 Mai 2015 ein. Die Abstimmung fand vor f\u00fcnf Jahren am Geburtstag von <a href=\"https:\/\/mannschaft.com\/2018\/11\/27\/vor-40-jahren-wurde-harvey-milk-erschossen\/\" target=\"_blank\" rel=\"noopener noreferrer\">Harvey Milk<\/a> statt.<\/h3>\n<p>Die Entscheidung der Ir*innen sorgte weltweit f\u00fcr Furore \u2013 das katholische Land hat die Ehe ge\u00f6ffnet. Das hatten zuvor zwar auch schon andere L\u00e4nder per Gesetz getan, doch in Irland wurde dies weltweit erstmals durch einen Volksentscheid best\u00e4tigt.<\/p>\n<blockquote class=\"wp-embedded-content\" data-secret=\"Zf2cJp9td6\"><p><a href=\"https:\/\/mannschaft.com\/2020\/05\/15\/schwule-und-lesben-duerfen-in-costa-rica-jetzt-heiraten\/\">Schwule und Lesben d\u00fcrfen in Costa Rica jetzt heiraten<\/a><\/p><\/blockquote>\n<p><iframe title=\"&#8222;Schwule und Lesben d\u00fcrfen in Costa Rica jetzt heiraten&#8220; &#8212; Mannschaft Magazin\" class=\"wp-embedded-content\" sandbox=\"allow-scripts\" security=\"restricted\" style=\"position: absolute; clip: rect(1px, 1px, 1px, 1px);\" src=\"https:\/\/mannschaft.com\/2020\/05\/15\/schwule-und-lesben-duerfen-in-costa-rica-jetzt-heiraten\/embed\/#?secret=Zf2cJp9td6\" data-secret=\"Zf2cJp9td6\" width=\"600\" height=\"338\" frameborder=\"0\" marginwidth=\"0\" marginheight=\"0\" scrolling=\"no\"><\/iframe><\/p>\n<p>Am Ende entschieden sich 62 Prozent der W\u00e4hler*innen f\u00fcr eine Aufnahme der Ehe zwischen gleichgeschlechtlichen Partnern in die Verfassung mittels eines Zusatzartikels. Das war damals \u00fcber 1 Million Menschen, die daf\u00fcr stimmte.<\/p>\n<p>F\u00fcnf Jahre sp\u00e4ter blickt Tourism Ireland auf diesen freudigen Tag zur\u00fcck. Einige Mitglieder der LGBTIQ-Community erz\u00e4hlen in diesem Video, wie sich seitdem ihre Heimat f\u00fcr sie ver\u00e4ndert hat. F\u00fcr ihn stehe Irland f\u00fcr Inklusion, Akzeptanz und Hoffnung, sagt einer.<\/p>\n<div id=\"g1-fluid-wrapper-counter-1\" class=\"g1-fluid-wrapper \" style=\"width:662px;\" data-g1-fluid-width=\"662\" data-g1-fluid-height=\"372\">\n<div class=\"g1-fluid-wrapper-inner\" style=\"padding-bottom:56.19335347432%;\">\n<div class=\"mace-youtube\" data-mace-video=\"https:\/\/www.youtube.com\/embed\/bCEBtuxgLLo?showinfo=0&#038;rel=1&#038;ytp-pause-overlay=1&#038;autoplay=1&#038;enablejsapi=1\" data-mace-video-thumb=\"https:\/\/img.youtube.com\/vi\/bCEBtuxgLLo\/hqdefault.jpg\">\n<div class=\"mace-play-button\"><\/div>\n<\/div><\/div>\n<\/p><\/div>\n<p>Die Wahlbeteiligung lag mit rund 60 Prozent h\u00f6her als bei allen Abstimmungen der vorausgangenen 20 Jahre. Am 16. November 2015 trat das Gesetz dann schliesslich in Kraft, seitdem ist die Eheschliessung auch f\u00fcr schwule und lesbische Paare tats\u00e4chlich m\u00f6glich. Vor allem junge W\u00e4hler*innen waren teilweise aus dem Ausland in ihre irische Heimat zur\u00fcckgeflogen, um von ihrem Wahlrecht Gebrauch zu machen.<\/p>\n<p>Vorausgegangen war in Irland eine B\u00fcrgerversammlung, bei der zuf\u00e4llig ausgew\u00e4hlte B\u00fcrger*innen der Republik einen Vorschlag f\u00fcr das Referendum erarbeiten sollten. Mit dem \u00abJa\u00bb an der Urne steht es seither Priestern frei, Homosexuelle auch kirchlich zu trauen.<\/p>\n<p>Die LGBTIQ-Organisation \u00abBelong To\u00bb hatte vorab in einem emotionalen Video W\u00e4hler*innen aufgerufen, ihre Familien mit an die Urne zu bringen <a href=\"https:\/\/mannschaft.com\/2015\/04\/22\/irland-starkes-video-zum-ehe-referendum\/\" target=\"_blank\" rel=\"noopener noreferrer\">(MANNSCHAFT berichtete)<\/a>.<\/p>\n<p>Die Ehe f\u00fcr alle gilt mittlerweile auch in Nordirland <a href=\"https:\/\/mannschaft.com\/2019\/10\/22\/so-feiert-nordirland-die-langersehnte-ehe-fuer-alle\/\" target=\"_blank\" rel=\"noopener noreferrer\">(MANNSCHAFT berichtete)<\/a>. Seit 13. Januar 2020 k\u00f6nnen gleichgeschlechtliche Paare eine Eheschliessung beantragen und nach einer 28-t\u00e4gigen Wartefrist dann auch heiraten. Die beiden Frauen Robyn Peoples und Sharni Edwards sagten als erstes Paar Ja.<\/p>\n","protected":false},"excerpt":{"rendered":"<p>Als erstes Land \u00fcberhaupt f\u00fchrte Irland im Jahr 2015 die Ehe f\u00fcr gleichgeschlechtliche Paare per Volksentscheid ein. <a class=\"g1-link g1-link-more\" href=\"https:\/\/alte.mannschaft.lgbt\/bimber\/irland-feiert-5-jahre-eheoeffnung\/\">Weiterlesen<\/a><\/p>\n","protected":false},"author":1,"featured_media":0,"comment_status":"open","ping_status":"open","sticky":false,"template":"","format":"standard","meta":[],"categories":[2],"tags":[5449,493],"wps_subtitle":"62 Prozent der W\u00e4hler*innen sagten ja","_links":{"self":[{"href":"https:\/\/alte.mannschaft.lgbt\/bimber\/wp-json\/wp\/v2\/posts\/79291"}],"collection":[{"href":"https:\/\/alte.mannschaft.lgbt\/bimber\/wp-json\/wp\/v2\/posts"}],"about":[{"href":"https:\/\/alte.mannschaft.lgbt\/bimber\/wp-json\/wp\/v2\/types\/post"}],"author":[{"embeddable":true,"href":"https:\/\/alte.mannschaft.lgbt\/bimber\/wp-json\/wp\/v2\/users\/1"}],"replies":[{"embeddable":true,"href":"https:\/\/alte.mannschaft.lgbt\/bimber\/wp-json\/wp\/v2\/comments?post=79291"}],"version-history":[{"count":0,"href":"https:\/\/alte.mannschaft.lgbt\/bimber\/wp-json\/wp\/v2\/posts\/79291\/revisions"}],"wp:attachment":[{"href":"https:\/\/alte.mannschaft.lgbt\/bimber\/wp-json\/wp\/v2\/media?parent=79291"}],"wp:term":[{"taxonomy":"category","embeddable":true,"href":"https:\/\/alte.mannschaft.lgbt\/bimber\/wp-json\/wp\/v2\/categories?post=79291"},{"taxonomy":"post_tag","embeddable":true,"href":"https:\/\/alte.mannschaft.lgbt\/bimber\/wp-json\/wp\/v2\/tags?post=79291"}],"curies":[{"name":"wp","href":"https:\/\/api.w.org\/{rel}","templated":true}]}}