{"id":79269,"date":"2020-05-21T11:56:57","date_gmt":"2020-05-21T09:56:57","guid":{"rendered":"https:\/\/mannschaft.com\/?p=79269"},"modified":"2020-05-22T08:53:47","modified_gmt":"2020-05-22T06:53:47","slug":"deutschland-soll-ungarns-botschafter-einbestellen","status":"publish","type":"post","link":"https:\/\/alte.mannschaft.lgbt\/bimber\/deutschland-soll-ungarns-botschafter-einbestellen\/","title":{"rendered":"Deutschland soll Ungarns Botschafter einbestellen"},"content":{"rendered":"<h3>Am Dienstagnachmittag hat das Parlament in Ungarn das Sammelgesetz verabschiedet, das unter anderem legale Geschlechtsanpassungen verbietet. Die Gr\u00fcnen-Politiker*innen Claudia Roth und Sven Lehmann fordern, der deutsche Aussenminister Heiko Maas (SPD) solle den ungarischen Botschafter einbestellen.<\/h3>\n<p>Das Gesetz schreibt vor, dass ein \u00abGeschlecht bei der Geburt\u00bb in Ungarn beim Standesamt eingetragen werden muss &#8211; mit diesem Gesetz kann das Geschlecht einer Person Zeit ihres Lebens nicht mehr ge\u00e4ndert werden. Die rechtliche Existenz von trans und inter Menschen werde hier \u00abpraktisch ausgel\u00f6scht\u00bb, so die Bundestagsvizepr\u00e4sidentin Roth und der queerpolitische Sprecher Lehmann (beide Gr\u00fcne) in ihrem Brief.<\/p>\n<blockquote class=\"twitter-tweet lazyload\" data-expand=\"600\" data-script=\"https:\/\/platform.twitter.com\/widgets.js\"  data-width=\"550\" data-dnt=\"true\">\n<p lang=\"de\" dir=\"ltr\"><a href=\"https:\/\/twitter.com\/hashtag\/Ungarn?src=hash&amp;ref_src=twsrc%5Etfw\">#Ungarn<\/a> hat per Gesetz die Existenz trangeschlechtlicher Menschen quasi ausgel\u00f6scht &#8211; einer der schlimmsten Angriffe auf <a href=\"https:\/\/twitter.com\/hashtag\/LGBTQ?src=hash&amp;ref_src=twsrc%5Etfw\">#LGBTQ<\/a> der letzten Jahre. Claudia Roth &amp; ich haben Au\u00dfenminister <a href=\"https:\/\/twitter.com\/HeikoMaas?ref_src=twsrc%5Etfw\">@HeikoMaas<\/a> geschrieben und aufgefordert, den ungarischen Botschafter einzubestellen. <a href=\"https:\/\/twitter.com\/hashtag\/drop33?src=hash&amp;ref_src=twsrc%5Etfw\">#drop33<\/a> <a href=\"https:\/\/t.co\/yIwgCYoiM5\">pic.twitter.com\/yIwgCYoiM5<\/a><\/p>\n<p>&mdash; Sven Lehmann \ud83c\udff3\ufe0f\u200d\ud83c\udf08 (@svenlehmann) <a href=\"https:\/\/twitter.com\/svenlehmann\/status\/1263387266069774336?ref_src=twsrc%5Etfw\">May 21, 2020<\/a><\/p><\/blockquote>\n<p>Dem Botschafter m\u00fcsse klar gemacht werden, dass das verabschiedete Gesetz in \u00abeklatanter Weise\u00bb gegen die Werte und Grundrechte der Europ\u00e4ischen Union verstosse. 134 der Abgeordneten stimmten am Dienstag im ungarischen Parlament daf\u00fcr, 56 waren dagegen, vier Abgeordnete fehlten bei der Abstimmung.<\/p>\n<p>In den Wochen zuvor entwickelte sich unter dem Namen #Drop33 eine grosse Kampagne gegen die Gesetzesvorlage, die sich auf Artikel 33 des Sammelgesetzes bezog und sich mit den gesetzlichen Geschlechtsanpassungen befasste. Die Gesetzes\u00e4nderung konnte die Kampagne nicht verhindern.<\/p>\n<p>Die LGBTIQ-Organisation H\u00e1tt\u00e9r T\u00e1rsas\u00e1g erkl\u00e4rte noch am Dienstag: \u00abWir werden den Kampf gegen dieses Gesetz nicht aufgeben. Wir fordern den Pr\u00e4sidenten der Republik, J\u00e1ndor \u00c1der, auf, das Gesetz nicht zu unterzeichnen, sondern es dem Verfassungsgericht zur \u00dcberpr\u00fcfung vorzulegen.\u00bb<\/p>\n<blockquote class=\"wp-embedded-content\" data-secret=\"k56Jov96Wb\"><p><a href=\"https:\/\/mannschaft.com\/2019\/10\/21\/so-kooperieren-russland-und-ungarn-in-sachen-homohass\/\">So kooperieren Russland und Ungarn in Sachen Homohass<\/a><\/p><\/blockquote>\n<p><iframe title=\"&#8222;So kooperieren Russland und Ungarn in Sachen Homohass&#8220; &#8212; Mannschaft Magazin\" class=\"wp-embedded-content\" sandbox=\"allow-scripts\" security=\"restricted\" style=\"position: absolute; clip: rect(1px, 1px, 1px, 1px);\" src=\"https:\/\/mannschaft.com\/2019\/10\/21\/so-kooperieren-russland-und-ungarn-in-sachen-homohass\/embed\/#?secret=k56Jov96Wb\" data-secret=\"k56Jov96Wb\" width=\"600\" height=\"338\" frameborder=\"0\" marginwidth=\"0\" marginheight=\"0\" scrolling=\"no\"><\/iframe><\/p>\n<p>Schon Anfang April hatte\u00a0Zs\u00f3fia A. Szab\u00f3 von der Trans-Organisation \u00abPrizma K\u00f6z\u00f6ss\u00e9g\u00bb darauf\u00a0 hingewiesen, dass das Vorhaben der fr\u00fcheren Position des Verfassungsgerichts widerspreche, das sich aus einer Mehrheit der von Fidesz ernannten Richter zusammensetzt, die 2018 einstimmig entschieden h\u00e4tten: Auch f\u00fcr trans Personen gelten grundlegende Menschenrechte <a href=\"https:\/\/mannschaft.com\/2020\/04\/02\/neues-transphobes-gesetz-orban-missbraucht-corona-krise\/\" target=\"_blank\" rel=\"noopener noreferrer\">(MANNSCHAFT berichtete)<\/a>.<\/p>\n<p><a href=\"https:\/\/mannschaft.com\/2020\/04\/14\/einige-prides-werden-naechstes-jahr-nicht-mehr-existieren\/\" target=\"_blank\" rel=\"noopener noreferrer\">R\u00e9my Bonny<\/a>, MANNSCHAFT-Experte f\u00fcr LGBTIQ-Politik in Mittel- und Osteuropa, erkl\u00e4rte nach der Abstimmung: \u00abDie Orb\u00e1n-Regierung missbraucht offensichtlich die Covid-19-Pandemie, um Richtlinien umzusetzen, die andernfalls zu einem grossen Aufschrei sowohl auf internationaler als auch auf nationaler Ebene f\u00fchren w\u00fcrden. Lokale Aktivist*innenen sind m\u00fcde. Sie sind zu Hause eingesperrt und versuchen alles in ihrer Macht stehende, um die rechtsextreme Regierung davon abzuhalten, ihre Rechte zu beschneiden.\u00bb Sogar in Russland gebe es bestimmte gesetzliche Bestimmungen f\u00fcr trans und inter Menschen, so Bonny.<\/p>\n<p>\u00abDies ist eine klare Ansage an Br\u00fcssel: Ungarn sieht sich nicht mehr als EU-Mitgliedstaat. Das Land hat sich L\u00e4ndern wie Russland und Bewegungen wie der amerikanischen Alt-Rechten im Kampf gegen die Gleichstellung angeschlossen. Es ist Zeit f\u00fcr die EU, mutig und entschlossen gegen\u00fcber Ungarn aufzutreten.\u00bb<\/p>\n<p>Die Begr\u00fcndung f\u00fcr den \u00c4nderungsantrag lautete: \u00abDas im Standesamt eingetragene Geschlecht basiert auf Tatsachen, die von \u00c4rzten ermittelt und vom Standesamt angegeben wurden. Das Register bescheinigt die darin enthaltenen Fakten und Rechte, bis das Gegenteil bewiesen ist, und schafft daher keine Rechte.\u00bb<\/p>\n<blockquote class=\"wp-embedded-content\" data-secret=\"qe4reyiYH0\"><p><a href=\"https:\/\/mannschaft.com\/2019\/10\/16\/geldstrafe-fuer-coca-cola-werbung-in-ungarn\/\">Geldstrafe f\u00fcr Coca-Cola-Werbung in Ungarn<\/a><\/p><\/blockquote>\n<p><iframe title=\"&#8222;Geldstrafe f\u00fcr Coca-Cola-Werbung in Ungarn&#8220; &#8212; Mannschaft Magazin\" class=\"wp-embedded-content\" sandbox=\"allow-scripts\" security=\"restricted\" style=\"position: absolute; clip: rect(1px, 1px, 1px, 1px);\" src=\"https:\/\/mannschaft.com\/2019\/10\/16\/geldstrafe-fuer-coca-cola-werbung-in-ungarn\/embed\/#?secret=qe4reyiYH0\" data-secret=\"qe4reyiYH0\" width=\"600\" height=\"338\" frameborder=\"0\" marginwidth=\"0\" marginheight=\"0\" scrolling=\"no\"><\/iframe><\/p>\n<p>Und weiter: \u00abDas von der Registrierung angegebene Geschlecht kann jedoch Rechte oder Pflichten begr\u00fcnden, weshalb der Begriff des Geburtsgeschlechts definiert werden muss. Da es unm\u00f6glich ist, sein biologisches Geschlecht vollst\u00e4ndig zu \u00e4ndern, muss gesetzlich festgelegt werden, dass es auch nicht im Standesamt ge\u00e4ndert werden kann.\u00bb<\/p>\n","protected":false},"excerpt":{"rendered":"<p>Am Dienstag das Parlament in Ungarn das Sammelgesetz verabschiedet, das unter anderem legale Geschlechts\u00e4nderungen verbietet. Damit verlieren trans und inter Menschen nun jegliche rechtliche Anerkennung. <a class=\"g1-link g1-link-more\" href=\"https:\/\/alte.mannschaft.lgbt\/bimber\/deutschland-soll-ungarns-botschafter-einbestellen\/\">Weiterlesen<\/a><\/p>\n","protected":false},"author":3,"featured_media":79276,"comment_status":"closed","ping_status":"closed","sticky":false,"template":"","format":"standard","meta":[],"categories":[3],"tags":[5544,833,5545,3196],"wps_subtitle":"Grund: Der EU-Mitgliedsstaat verbietet es trans und inter Personen, das eigene Geschlecht anzupassen","_links":{"self":[{"href":"https:\/\/alte.mannschaft.lgbt\/bimber\/wp-json\/wp\/v2\/posts\/79269"}],"collection":[{"href":"https:\/\/alte.mannschaft.lgbt\/bimber\/wp-json\/wp\/v2\/posts"}],"about":[{"href":"https:\/\/alte.mannschaft.lgbt\/bimber\/wp-json\/wp\/v2\/types\/post"}],"author":[{"embeddable":true,"href":"https:\/\/alte.mannschaft.lgbt\/bimber\/wp-json\/wp\/v2\/users\/3"}],"replies":[{"embeddable":true,"href":"https:\/\/alte.mannschaft.lgbt\/bimber\/wp-json\/wp\/v2\/comments?post=79269"}],"version-history":[{"count":0,"href":"https:\/\/alte.mannschaft.lgbt\/bimber\/wp-json\/wp\/v2\/posts\/79269\/revisions"}],"wp:featuredmedia":[{"embeddable":true,"href":"https:\/\/alte.mannschaft.lgbt\/bimber\/wp-json\/wp\/v2\/media\/79276"}],"wp:attachment":[{"href":"https:\/\/alte.mannschaft.lgbt\/bimber\/wp-json\/wp\/v2\/media?parent=79269"}],"wp:term":[{"taxonomy":"category","embeddable":true,"href":"https:\/\/alte.mannschaft.lgbt\/bimber\/wp-json\/wp\/v2\/categories?post=79269"},{"taxonomy":"post_tag","embeddable":true,"href":"https:\/\/alte.mannschaft.lgbt\/bimber\/wp-json\/wp\/v2\/tags?post=79269"}],"curies":[{"name":"wp","href":"https:\/\/api.w.org\/{rel}","templated":true}]}}