{"id":78716,"date":"2020-05-14T09:15:36","date_gmt":"2020-05-14T07:15:36","guid":{"rendered":"https:\/\/mannschaft.com\/?p=78716"},"modified":"2023-01-10T23:57:07","modified_gmt":"2023-01-10T22:57:07","slug":"17-mai-studie-ueber-lgbtiq-diskriminierung-zeigt-klaren-handlungsbedarf","status":"publish","type":"post","link":"https:\/\/alte.mannschaft.lgbt\/bimber\/17-mai-studie-ueber-lgbtiq-diskriminierung-zeigt-klaren-handlungsbedarf\/","title":{"rendered":"50 % der LGBTIQ scheuen Z\u00e4rtlichkeit in der \u00d6ffentlichkeit"},"content":{"rendered":"<h3>Klares Signal zum IDAHOBIT am 17. Mai:\u00a0Die Ergebnisse der neuen Studie der EU-Grundrechteagentur FRA zur Situation von LGBTIQ zeigen aus Sicht der Antidiskriminierungsstelle des Bundes (ADS) einen deutliche Handlungsbedarf.<\/h3>\n<p>\u00abAuch in Deutschland verbergen immer noch viele Menschen ihre sexuelle oder geschlechtliche Identit\u00e4t aus Angst vor Benachteiligung\u00bb, erkl\u00e4rte der kommissarische Leiter der Antidiskriminierungsstelle des Bundes, Bernhard Franke, am Donnerstag in Berlin.<\/p>\n<p>\u00abVon Erfahrungen mit Diskriminierungen, Bel\u00e4stigungen und \u00dcbergriffen wird von Befragten aus Deutschland durchgehend in etwa so h\u00e4ufig berichtet wie im EU-Durchschnitt \u2013 zu h\u00e4ufig.\u00bb Der Internationale Tag gegen Homo- und Transphobie am 17. Mai m\u00fcsse auch in der Corona-Krise zum Anlass genommen werden, deutlich auf Missst\u00e4nde hinzuweisen.<\/p>\n<p>\u00abWenn fast die H\u00e4lfte der Befragten angeben, sich aus Angst nicht Hand in Hand in der \u00d6ffentlichkeit zeigen zu wollen, und mehr als 20 Prozent ihre Identit\u00e4t am Arbeitsplatz geheim halten, dann muss uns das grosse Sorgen bereiten\u00bb, sagte er. Franke erg\u00e4nzte, die Antidiskriminierungsstelle des Bundes st\u00fctze die Forderungen der <span lang=\"en-Latn\">European Union Agency for Fundamental Rights (<\/span>FRA), die in Wien sitzt: Dazu z\u00e4hle eine angemessene finanzielle und personelle Ausstattung von Gleichbehandlungsbeh\u00f6rden in der ganzen EU, um eine wirksame Unterst\u00fctzung von Menschen leisten zu k\u00f6nnen, die Diskriminierung erfahren.<\/p>\n<p>\u00abH\u00f6chste Zeit ist es ausserdem, bei dem seit vielen Jahren auf Eis gelegten Entwurf einer weiteren EU-Gleichbehandlungsrichtlinie endlich einen Durchbruch zu erzielen, damit \u00fcberall in der EU der Schutz vor Diskriminierung \u00fcber den Arbeitsplatz hinaus gesichert ist\u00bb, schloss er.<\/p>\n<p>F\u00fcr die am Donnerstag ver\u00f6ffentlichte Studie <em>Pride versus prejudice: LGBTI people in the EU today<\/em>\u00a0wurden fast 140.000 Personen, die sich selbst als lesbisch, schwul, bisexuell, trans- oder intergeschlechtlich beschreiben, in den Mitgliedstaaten der EU sowie in Nordmazedonien und Serbien befragt.<\/p>\n<p>Die Antidiskriminierungsstelle des Bundes in Berlin ist seit \u00fcber zwei Jahren ohne neue F\u00fchrung, seit Christine L\u00fcders aus ihrem Amt schied <a href=\"https:\/\/mannschaft.com\/2018\/04\/27\/abschied-nach-acht-jahren-danke-christine-lueders\/\" target=\"_blank\" rel=\"noopener noreferrer\">(MANNSCHAFT berichtete)<\/a>.<\/p>\n<p><strong>\u00d6sterreich auf Platz 3<br \/>\n<\/strong>In \u00d6sterreich stellt sich laut Umfrage die Situation f\u00fcr LGBTI-Personen im Vergleich etwas positiver dar, erkl\u00e4rte die gr\u00fcne LGBTIQ-Sprecherin, Ewa Ernst-Dziedzic, am Donnerstag. In Bezug auf die allgemeine Zufriedenheit rangiere das Land hinter den Niederlanden <a href=\"https:\/\/mannschaft.com\/2020\/05\/12\/wieder-homohass-in-amsterdam-paar-erneut-angegriffen\/\" target=\"_blank\" rel=\"noopener noreferrer\">(wo k\u00fcrzlich ein schwules Paar zum zweiten Mal angegriffen wurde &#8211; MANNSCHAFT berichtete)<\/a> und D\u00e4nemark auf Platz drei. So meinten 54 Prozent der Befragten, dass Vorurteile und Intoleranz gegen\u00fcber sexuellen Minderheiten in \u00d6sterreich in den letzten f\u00fcnf Jahren abgenommen h\u00e4tten. Im EU-Schnitt sagten das nur 40 Prozent \u00fcber das jeweils betroffene Land. Allerdings gaben 40 Prozent der queeren \u00d6sterreicher*innen auch an, sie h\u00e4tten sich in den letzten zw\u00f6lf Monaten wegen ihrer sexuellen Identit\u00e4t zu mindestens einmal diskriminiert gef\u00fchlt.<\/p>\n<p>\u00abEine Verbesserung im Ranking ist zu begr\u00fcssen, heisst aber noch lange nicht, dass wir uns mit der Situation zufrieden geben k\u00f6nnen\u00bb, so Ernst-Dziedzic.<\/p>\n","protected":false},"excerpt":{"rendered":"<p>Klares Signal zum IDAHOBIT am 17. Mai:\u00a0Die Ergebnisse der neuen Studie der EU-Grundrechteagentur FRA zur Situation von LGBTIQ zeigen aus Sicht der Antidiskriminierungsstelle des Bundes einen deutliche Handlungsbedarf. <a class=\"g1-link g1-link-more\" href=\"https:\/\/alte.mannschaft.lgbt\/bimber\/17-mai-studie-ueber-lgbtiq-diskriminierung-zeigt-klaren-handlungsbedarf\/\">Weiterlesen<\/a><\/p>\n","protected":false},"author":1,"featured_media":75304,"comment_status":"closed","ping_status":"closed","sticky":false,"template":"","format":"standard","meta":[],"categories":[2],"tags":[5507,5544],"wps_subtitle":"Rund 140.000 queere Personen wurden in den Mitgliedstaaten der EU sowie in Nordmazedonien und Serbien befragt","_links":{"self":[{"href":"https:\/\/alte.mannschaft.lgbt\/bimber\/wp-json\/wp\/v2\/posts\/78716"}],"collection":[{"href":"https:\/\/alte.mannschaft.lgbt\/bimber\/wp-json\/wp\/v2\/posts"}],"about":[{"href":"https:\/\/alte.mannschaft.lgbt\/bimber\/wp-json\/wp\/v2\/types\/post"}],"author":[{"embeddable":true,"href":"https:\/\/alte.mannschaft.lgbt\/bimber\/wp-json\/wp\/v2\/users\/1"}],"replies":[{"embeddable":true,"href":"https:\/\/alte.mannschaft.lgbt\/bimber\/wp-json\/wp\/v2\/comments?post=78716"}],"version-history":[{"count":1,"href":"https:\/\/alte.mannschaft.lgbt\/bimber\/wp-json\/wp\/v2\/posts\/78716\/revisions"}],"predecessor-version":[{"id":158950,"href":"https:\/\/alte.mannschaft.lgbt\/bimber\/wp-json\/wp\/v2\/posts\/78716\/revisions\/158950"}],"wp:featuredmedia":[{"embeddable":true,"href":"https:\/\/alte.mannschaft.lgbt\/bimber\/wp-json\/wp\/v2\/media\/75304"}],"wp:attachment":[{"href":"https:\/\/alte.mannschaft.lgbt\/bimber\/wp-json\/wp\/v2\/media?parent=78716"}],"wp:term":[{"taxonomy":"category","embeddable":true,"href":"https:\/\/alte.mannschaft.lgbt\/bimber\/wp-json\/wp\/v2\/categories?post=78716"},{"taxonomy":"post_tag","embeddable":true,"href":"https:\/\/alte.mannschaft.lgbt\/bimber\/wp-json\/wp\/v2\/tags?post=78716"}],"curies":[{"name":"wp","href":"https:\/\/api.w.org\/{rel}","templated":true}]}}