{"id":78569,"date":"2020-05-12T08:22:31","date_gmt":"2020-05-12T06:22:31","guid":{"rendered":"https:\/\/mannschaft.com\/?p=78569"},"modified":"2020-05-14T09:27:04","modified_gmt":"2020-05-14T07:27:04","slug":"wieder-homohass-in-amsterdam-paar-erneut-angegriffen","status":"publish","type":"post","link":"https:\/\/alte.mannschaft.lgbt\/bimber\/wieder-homohass-in-amsterdam-paar-erneut-angegriffen\/","title":{"rendered":"Wieder Homohass in Amsterdam &#8211; Paar erneut angegriffen"},"content":{"rendered":"<h3>Ein erneuter Fall von Homohass in Amsterdam:\u00a0Das schwule Paar, das schon Ostermontag angegriffen wurde, wurde am Sonntag erneut von einer homofeindlichen Gruppe im Osten der Stadt bel\u00e4stigt und angegriffen.<\/h3>\n<p>\u00abEs ist wirklich unglaublich, dass Fabio und Daniel dies einen Monat sp\u00e4ter noch einmal durchmachen m\u00fcssen\u00bb, wird ihr Anwalt S\u00e9bras Diekstra von der Zeitung <a href=\"https:\/\/www.parool.nl\/amsterdam\/homostel-opnieuw-lastiggevallen-en-mishandeld-in-oost~b3628120\" target=\"_blank\" rel=\"noopener noreferrer\"><em>Het Parool<\/em><\/a> zitiert. Er hatte den Vorfall via Twitter publik gemacht.<\/p>\n<blockquote class=\"twitter-tweet lazyload\" data-expand=\"600\" data-script=\"https:\/\/platform.twitter.com\/widgets.js\"  data-width=\"550\" data-dnt=\"true\">\n<p lang=\"nl\" dir=\"ltr\">Gistermiddag is het homostel dat Eerste Paasdag werd aangevallen opnieuw slachtoffer geworden van een homofobe aanval in Amsterdam-Oost. Weer vond de aanval plaats nadat de mannen hand in hand liepen. Na een reeks opmerkingen vanuit een groep is \u00e9\u00e9n van de mannen mishandeld.<\/p>\n<p>&mdash; S\u00e9bas Diekstra (@sebasdiekstra) <a href=\"https:\/\/twitter.com\/sebasdiekstra\/status\/1259703037460963329?ref_src=twsrc%5Etfw\">May 11, 2020<\/a><\/p><\/blockquote>\n<p>Demnach war das Paar am Sonntagnachmittag erneut Ziel eines homophoben Angriffs im Ostteil der Stadt. Die M\u00e4nner waren, wie beim letzten Mal, Hand in Hand unterwegs und kamen gerade aus dem Supermarkt. Eine Gruppe von vier jungen M\u00e4nnern rief den beiden von der anderen Strassenseite schwulenfeindliche Kommentare hinterher. Sie wurden als \u00abHomotjes\u00bb beschimpft, als \u00abSchwuchteln\u00bb, erz\u00e4hlt Fabio gegen\u00fcber MANNSCHAFT.<\/p>\n<p>Fabio, der sich kaum vom ersten Angriff erholt hat, lief zu den Jugendlichen. Er wollte ein Foto von ihnen machen, um es der Polizei zeigen zu k\u00f6nnen. W\u00e4hrend er den P\u00f6blern folgte, rief er die Polizei an.<\/p>\n<figure id=\"attachment_78595\" aria-describedby=\"caption-attachment-78595\" style=\"width: 336px\" class=\"wp-caption alignnone\"><a href=\"https:\/\/mannschaft.com\/bimber\/wp-content\/uploads\/2020\/05\/IMG-20200512-WA0025.jpg\"><img data-expand=\"600\" decoding=\"async\" loading=\"lazy\" class=\"lazyload wp-image-78595 size-full\" src=\"data:image\/svg+xml;charset=utf-8,%3Csvg xmlns%3D'http%3A%2F%2Fwww.w3.org%2F2000%2Fsvg' viewBox%3D'0 0 336 600'%2F%3E\" data-src=\"https:\/\/mannschaft.com\/bimber\/wp-content\/uploads\/2020\/05\/IMG-20200512-WA0025.jpg\" alt=\"Homohass in Amsterdam\" width=\"336\" height=\"600\" data-srcset=\"https:\/\/alte.mannschaft.lgbt\/bimber\/wp-content\/uploads\/2020\/05\/IMG-20200512-WA0025.jpg 336w, https:\/\/alte.mannschaft.lgbt\/bimber\/wp-content\/uploads\/2020\/05\/IMG-20200512-WA0025-168x300.jpg 168w, https:\/\/alte.mannschaft.lgbt\/bimber\/wp-content\/uploads\/2020\/05\/IMG-20200512-WA0025-27x48.jpg 27w, https:\/\/alte.mannschaft.lgbt\/bimber\/wp-content\/uploads\/2020\/05\/IMG-20200512-WA0025-54x96.jpg 54w\" data-sizes=\"(max-width: 336px) 100vw, 336px\" \/><\/a><figcaption id=\"caption-attachment-78595\" class=\"wp-caption-text\">Hier wurde Fabio angegriffen (Foto: privat)<\/figcaption><\/figure>\n<p>\u00abIch rannte ihnen nach, \u00fcber die Strasse, zwischen all den Autos\u00bb, erz\u00e4hlt Fabio.\u00a0Irgendwann h\u00e4tten die Jungs aufgeh\u00f6rt zu rennen, und andere Jungen h\u00e4tten sich ihnen angeschlossen. \u00abSie haben gelacht, mich beleidigt und mich dann hinterr\u00fccks getreten\u00bb, erz\u00e4hlt Fabio.<\/p>\n<p>\u00abEs waren wirklich be\u00e4ngstigend\u00bb, sagt der geb\u00fcrtige Brasilianer. \u00abFast h\u00e4tten sie mich gelyncht.\u00bb Soweit er sich erinnert, waren es diesmal andere Angreifer als beim ersten Mal.<\/p>\n<blockquote class=\"wp-embedded-content\" data-secret=\"FAH08n37iZ\"><p><a href=\"https:\/\/mannschaft.com\/2020\/05\/08\/lgbtiq-news-wir-feiern-100-ausgaben-und-10-jahre-mannschaft\/\">Endlich 10 Jahre alt! Hier ist die MANNSCHAFT, Nr. 100<\/a><\/p><\/blockquote>\n<p><iframe title=\"&#8222;Endlich 10 Jahre alt! Hier ist die MANNSCHAFT, Nr. 100&#8220; &#8212; Mannschaft Magazin\" class=\"wp-embedded-content\" sandbox=\"allow-scripts\" security=\"restricted\" style=\"position: absolute; clip: rect(1px, 1px, 1px, 1px);\" src=\"https:\/\/mannschaft.com\/2020\/05\/08\/lgbtiq-news-wir-feiern-100-ausgaben-und-10-jahre-mannschaft\/embed\/#?secret=FAH08n37iZ\" data-secret=\"FAH08n37iZ\" width=\"600\" height=\"338\" frameborder=\"0\" marginwidth=\"0\" marginheight=\"0\" scrolling=\"no\"><\/iframe><\/p>\n<p>Die Polizei war bald vor Ort, und die Gruppe machte sich aus dem Staub. \u00abMan mag nicht dar\u00fcber nachdenken, was passiert w\u00e4re, wenn die Beamten nicht so schnell vor Ort gewesen w\u00e4ren. Zehn M\u00e4nner gegen einen!\u00bb, so der Anwalt.<\/p>\n<p>Die Polizei erwischte schliesslich einen Jungen, der zur Gruppe geh\u00f6rte. Doch weil seine Rolle bei dem Angriff nicht klar war, liess man ihn wieder laufen. Die pers\u00f6nlichen Daten der Jungs wurden aufgenommen. \u00abEs ist jetzt zu hoffen, dass die Polizei schnell mit den Ermittlungen beginnt und die anderen Verd\u00e4chtigen findet.\u00bb<\/p>\n<blockquote class=\"wp-embedded-content\" data-secret=\"K2Hoibql1r\"><p><a href=\"https:\/\/mannschaft.com\/2020\/05\/08\/unfreiwilliges-outing-wegen-contact-tracing\/\">Unfreiwilliges Outing wegen Contact-Tracing?<\/a><\/p><\/blockquote>\n<p><iframe title=\"&#8222;Unfreiwilliges Outing wegen Contact-Tracing?&#8220; &#8212; Mannschaft Magazin\" class=\"wp-embedded-content\" sandbox=\"allow-scripts\" security=\"restricted\" style=\"position: absolute; clip: rect(1px, 1px, 1px, 1px);\" src=\"https:\/\/mannschaft.com\/2020\/05\/08\/unfreiwilliges-outing-wegen-contact-tracing\/embed\/#?secret=K2Hoibql1r\" data-secret=\"K2Hoibql1r\" width=\"600\" height=\"338\" frameborder=\"0\" marginwidth=\"0\" marginheight=\"0\" scrolling=\"no\"><\/iframe><\/p>\n<p>Die beiden M\u00e4nner wurden letzten Monat auch schon beschimpft und bedroht <a href=\"https:\/\/mannschaft.com\/2020\/04\/13\/homohass-in-amsterdam-schwules-paar-angegriffen-taeter-filmt-sich\/\" target=\"_blank\" rel=\"noopener noreferrer\">(MANNSCHAFT berichtete)<\/a>. Sie teilten die Bilder in den sozialen Medien, und der 15-j\u00e4hrige Verd\u00e4chtige meldete sich sp\u00e4ter bei der Polizeistation. Er bekam zur Strafe zwei Wochen Hausarrest.<\/p>\n<p>Bereits seit dem ersten Angriff leidet Fabio unter einer posttraumatischen Belastungsst\u00f6rung. Sie sind st\u00e4ndig in Angst, dass jemand hinter ihnen her ist.<\/p>\n<p><iframe loading=\"lazy\" style=\"border: none; overflow: hidden;\" src=\"https:\/\/www.facebook.com\/plugins\/post.php?href=https%3A%2F%2Fwww.facebook.com%2Fcocnederland%2Fposts%2F10159841304974832&amp;width=500\" width=\"500\" height=\"713\" frameborder=\"0\" scrolling=\"no\"><\/iframe><\/p>\n<p>\u00abEs ist schrecklich, dass das jetzt erneut den M\u00e4nnern passiert, und es ist verr\u00fcckt sagen zu m\u00fcssen, dass in den Niederlanden im Jahr 2020 nicht jeder auf der Strasse sein und sichtbar sein kann, ohne mit Gewalt rechnen zu m\u00fcssen\u00bb, so die Vorsitzende der LGBTIQ-Organisation COC, Astrid Oosenbrug. Die Regierung m\u00fcsse noch viel mehr tun, um diese Art von Gewalt zu bek\u00e4mpfen.<\/p>\n<p>F\u00fcr Fabio kommt es nicht in Frage, nicht mehr in der \u00d6ffentlichkeit mit seinem Verlobten H\u00e4ndchen zu halten. Sie w\u00fcrden das auch weiterhin tun. Nach dem ersten Angriff haben sich Femke Halsema (<em>GroenLinks<\/em> = Gr\u00fcnLinks), die B\u00fcrgermeisterin von Amsterdam, bei dem Paar gemeldet und gesagt, sie h\u00e4tten ebenso alle anderen Paare das Recht, sich in der \u00d6ffentlichkeit an der Hand zu halten und einander zu k\u00fcssen.<\/p>\n<p>\u00abIch hoffe, sie und andere Politiker*innen k\u00f6nnen wirksam die Sicherheit f\u00fcr LGBTIQ wieder herstellen\u00bb, so Fabio gegen\u00fcber MANNSCHAFT.<\/p>\n","protected":false},"excerpt":{"rendered":"<p>Das schwule Paar, das am Ostermontag in Amsterdam angegriffen wurde, wurde erneut von einer homofeindlichen Gruppe im Osten der Stadt bel\u00e4stigt und angegriffen. <a class=\"g1-link g1-link-more\" href=\"https:\/\/alte.mannschaft.lgbt\/bimber\/wieder-homohass-in-amsterdam-paar-erneut-angegriffen\/\">Weiterlesen<\/a><\/p>\n","protected":false},"author":3,"featured_media":78583,"comment_status":"closed","ping_status":"closed","sticky":false,"template":"","format":"standard","meta":[],"categories":[2],"tags":[3428,5461],"wps_subtitle":"Die M\u00e4nner waren, wie beim letzten Mal, Hand in Hand unterwegs","_links":{"self":[{"href":"https:\/\/alte.mannschaft.lgbt\/bimber\/wp-json\/wp\/v2\/posts\/78569"}],"collection":[{"href":"https:\/\/alte.mannschaft.lgbt\/bimber\/wp-json\/wp\/v2\/posts"}],"about":[{"href":"https:\/\/alte.mannschaft.lgbt\/bimber\/wp-json\/wp\/v2\/types\/post"}],"author":[{"embeddable":true,"href":"https:\/\/alte.mannschaft.lgbt\/bimber\/wp-json\/wp\/v2\/users\/3"}],"replies":[{"embeddable":true,"href":"https:\/\/alte.mannschaft.lgbt\/bimber\/wp-json\/wp\/v2\/comments?post=78569"}],"version-history":[{"count":0,"href":"https:\/\/alte.mannschaft.lgbt\/bimber\/wp-json\/wp\/v2\/posts\/78569\/revisions"}],"wp:featuredmedia":[{"embeddable":true,"href":"https:\/\/alte.mannschaft.lgbt\/bimber\/wp-json\/wp\/v2\/media\/78583"}],"wp:attachment":[{"href":"https:\/\/alte.mannschaft.lgbt\/bimber\/wp-json\/wp\/v2\/media?parent=78569"}],"wp:term":[{"taxonomy":"category","embeddable":true,"href":"https:\/\/alte.mannschaft.lgbt\/bimber\/wp-json\/wp\/v2\/categories?post=78569"},{"taxonomy":"post_tag","embeddable":true,"href":"https:\/\/alte.mannschaft.lgbt\/bimber\/wp-json\/wp\/v2\/tags?post=78569"}],"curies":[{"name":"wp","href":"https:\/\/api.w.org\/{rel}","templated":true}]}}