{"id":78372,"date":"2020-05-08T08:34:55","date_gmt":"2020-05-08T06:34:55","guid":{"rendered":"https:\/\/mannschaft.com\/?p=78372"},"modified":"2020-05-08T14:45:47","modified_gmt":"2020-05-08T12:45:47","slug":"lesben-und-linke-queer-fordern-der-8-mai-soll-feiertag-werden","status":"publish","type":"post","link":"https:\/\/alte.mannschaft.lgbt\/bimber\/lesben-und-linke-queer-fordern-der-8-mai-soll-feiertag-werden\/","title":{"rendered":"Lesben und LINKE.queer fordern: Der 8. Mai soll Feiertag werden!"},"content":{"rendered":"<h3>Am 8. Mai erinnert Deutschland an das Ende des Zweiten Weltkrieges und die Befreiung vom Nationalsozialismus. Der Gedenktag j\u00e4hrt sich dieses Jahr zum 75. Mal. Vor dem Stadthaus in Hamburg wird es Mahnwachen geben.<\/h3>\n<p>Die 95-j\u00e4hrige Esther Bejarano, die Auschwitz \u00fcberlebt hatte und die Vereinigung der Verfolgten des Naziregimes \u2013 Bund der Antifaschist*innen (VVN-BdA) initiierten die Petition \u00ab<a href=\"https:\/\/www.change.org\/p\/8-mai-zum-feiertag-machen-was-75-jahre-nach-befreiung-vom-faschismus-getan-werden-muss-tagderbefreiung-bkagvat-bundesrat\" target=\"_blank\" rel=\"noopener noreferrer\">Den 8. Mai zum Feiertag machen!<\/a>\u00bb. Sie fordern, dem Gedenktag endlich die Bedeutung zu anerkennen, die er verdient hat. Bereits \u00fcber 100&#8217;000 Unterst\u00fctzer*innen haben die Petition unterschrieben, angestrebt sind 150&#8217;000.<\/p>\n<blockquote class=\"wp-embedded-content\" data-secret=\"9quuqfbofU\"><p><a href=\"https:\/\/mannschaft.com\/2020\/05\/05\/gedenktag-fuer-ns-opfer-lgbtiq-nicht-vergessen\/\">LGBTIQ am Gedenktag f\u00fcr NS-Opfer nicht vergessen!<\/a><\/p><\/blockquote>\n<p><iframe title=\"&#8222;LGBTIQ am Gedenktag f\u00fcr NS-Opfer nicht vergessen!&#8220; &#8212; Mannschaft Magazin\" class=\"wp-embedded-content\" sandbox=\"allow-scripts\" security=\"restricted\" style=\"position: absolute; clip: rect(1px, 1px, 1px, 1px);\" src=\"https:\/\/mannschaft.com\/2020\/05\/05\/gedenktag-fuer-ns-opfer-lgbtiq-nicht-vergessen\/embed\/#?secret=9quuqfbofU\" data-secret=\"9quuqfbofU\" width=\"600\" height=\"338\" frameborder=\"0\" marginwidth=\"0\" marginheight=\"0\" scrolling=\"no\"><\/iframe><\/p>\n<p>Das B\u00fcndnis 8. Mai Hamburg \u2013 Tag der Befreiung organisiert f\u00fcr diesen Freitag Mahnwachen vor dem Stadthaus.\u00a0Von 17:00-18:00 Uhr finden drei Mahnwachen mit je 25 Personen statt. Die empfohlenen Abst\u00e4nde von 1.5 Metern zwischen den Personen werden selbstverst\u00e4ndlich eingehalten. Zudem wird verschiedene Redebeitr\u00e4ge geben und Blumen abgelegt werden. Auch das B\u00fcndnis unterst\u00fctzt die Petition der Auschwitz-\u00dcberlebenden Esther Bejarano.<\/p>\n<p>Zu den Erstunterzeichner*innen geh\u00f6rt auch das Netzwerk Lesben gegen Rechts. An der Mahnwache in Hamburg sind sie mit einem Redebeitrag pr\u00e4sent. Ausserdem sind sie mit einem <a href=\"https:\/\/www.youtube.com\/watch?v=FEATt_W_pCg&amp;feature=youtu.be\" target=\"_blank\" rel=\"noopener noreferrer\">Video zur Verfolgung\u00a0der\u00a0 so genannten \u00abAsozialen\u00bb<\/a> Teil der Social-Media-Kampagne \u00abTag der Befreiung Hamburg\u00bb.<\/p>\n<p>Der 8. Mai sei ein \u00abFreudentag\u00bb f\u00fcr die Welt. \u00abEr markiert den Sieg der Anti-Hitler-Koalition \u00fcber das Deutsche Reich im Zweiten Weltkrieg. Am 8. Mai gedenken wir auch der Millionen Opfer von Krieg, Shoah und Verfolgung. Wir sind den alliierten Siegern zu grossem Dank verpflichtet und feiern heute die gewonnenen Freiheiten\u00bb, erkl\u00e4ren die Bundessprecher*innen von DIE LINKE.queer.<\/p>\n<blockquote class=\"wp-embedded-content\" data-secret=\"SC3Ogv7hto\"><p><a href=\"https:\/\/mannschaft.com\/2020\/03\/02\/sachsenhausen-gedenkstunde-fuer-homosexuelle-kz-haeftlinge\/\">Wegen Corona: keine Gedenkstunde f\u00fcr schwule KZ-H\u00e4ftlinge<\/a><\/p><\/blockquote>\n<p><iframe title=\"&#8222;Wegen Corona: keine Gedenkstunde f\u00fcr schwule KZ-H\u00e4ftlinge&#8220; &#8212; Mannschaft Magazin\" class=\"wp-embedded-content\" sandbox=\"allow-scripts\" security=\"restricted\" style=\"position: absolute; clip: rect(1px, 1px, 1px, 1px);\" src=\"https:\/\/mannschaft.com\/2020\/03\/02\/sachsenhausen-gedenkstunde-fuer-homosexuelle-kz-haeftlinge\/embed\/#?secret=SC3Ogv7hto\" data-secret=\"SC3Ogv7hto\" width=\"600\" height=\"338\" frameborder=\"0\" marginwidth=\"0\" marginheight=\"0\" scrolling=\"no\"><\/iframe><\/p>\n<p>Sie erinnern aber auch daran, dass sich f\u00fcr viele Opfer des Naziregimes nicht alles gebessert habe. So sei\u00a0\u00a7175 StGB bewusst beibehalten worden und in den 50er und 60er Jahren habe es zehntausende Strafverfahren gegen schwule M\u00e4nner gegeben.\u00a0\u00abDie Verfolgung homosexueller M\u00e4nner in der Nazizeit ist immer noch nicht umfassend und fl\u00e4chendeckend erforscht. Das Schicksal lesbischer Frauen, die im Faschismus verfolgt wurden, ist nur in Einzelf\u00e4llen erforscht. Ihrer wird immer noch kaum gedacht\u00bb, so DIE LINKE.queer in einer Mitteilung.<\/p>\n<p>In Sachsenhausen werden die Aktivisten Volker Gasser, Georg H\u00e4rpfer, Dietmar Behrend, Peter Rausch und Lothar D\u00f6nitz einen Kranz vor der Gedenktafel f\u00fcr die homosexuellen Opfer niederlegen und auch an die Opfer des M\u00e4nnerlagers im KZ Ravensbr\u00fcck erinnern \u2013 mit Mundschutz und Sicherheitsabstand (<a href=\"https:\/\/mannschaft.com\/2020\/05\/07\/befreiung-vom-nationalsozialismus-kranzniederlegung-fuer-homosexuelle-ns-opfer-in-sachsenhausen\/\" target=\"_blank\" rel=\"noopener noreferrer\">MANNSCHAFT berichtete<\/a>).<\/p>\n<div><\/div>\n","protected":false},"excerpt":{"rendered":"<p>Am 8. Mai erinnert Deutschland an das Ende des Zweiten Weltkrieges und somit der Befreiung vom Nationalsozialismus. Der Gedenktag j\u00e4hrt sich dieses Jahr zum 75. Mal. Vor dem Stadhaus in Hamburg wird es Mahnwachen geben.<br \/>\n <a class=\"g1-link g1-link-more\" href=\"https:\/\/alte.mannschaft.lgbt\/bimber\/lesben-und-linke-queer-fordern-der-8-mai-soll-feiertag-werden\/\">Weiterlesen<\/a><\/p>\n","protected":false},"author":1,"featured_media":78382,"comment_status":"closed","ping_status":"closed","sticky":false,"template":"","format":"standard","meta":[],"categories":[3],"tags":[5461],"wps_subtitle":"Deutschland erinnert an das Ende des Zweiten Weltkrieges und der Befreiung vom Nationalsozialismus","_links":{"self":[{"href":"https:\/\/alte.mannschaft.lgbt\/bimber\/wp-json\/wp\/v2\/posts\/78372"}],"collection":[{"href":"https:\/\/alte.mannschaft.lgbt\/bimber\/wp-json\/wp\/v2\/posts"}],"about":[{"href":"https:\/\/alte.mannschaft.lgbt\/bimber\/wp-json\/wp\/v2\/types\/post"}],"author":[{"embeddable":true,"href":"https:\/\/alte.mannschaft.lgbt\/bimber\/wp-json\/wp\/v2\/users\/1"}],"replies":[{"embeddable":true,"href":"https:\/\/alte.mannschaft.lgbt\/bimber\/wp-json\/wp\/v2\/comments?post=78372"}],"version-history":[{"count":0,"href":"https:\/\/alte.mannschaft.lgbt\/bimber\/wp-json\/wp\/v2\/posts\/78372\/revisions"}],"wp:featuredmedia":[{"embeddable":true,"href":"https:\/\/alte.mannschaft.lgbt\/bimber\/wp-json\/wp\/v2\/media\/78382"}],"wp:attachment":[{"href":"https:\/\/alte.mannschaft.lgbt\/bimber\/wp-json\/wp\/v2\/media?parent=78372"}],"wp:term":[{"taxonomy":"category","embeddable":true,"href":"https:\/\/alte.mannschaft.lgbt\/bimber\/wp-json\/wp\/v2\/categories?post=78372"},{"taxonomy":"post_tag","embeddable":true,"href":"https:\/\/alte.mannschaft.lgbt\/bimber\/wp-json\/wp\/v2\/tags?post=78372"}],"curies":[{"name":"wp","href":"https:\/\/api.w.org\/{rel}","templated":true}]}}