{"id":78302,"date":"2020-05-07T15:04:02","date_gmt":"2020-05-07T13:04:02","guid":{"rendered":"https:\/\/mannschaft.com\/?p=78302"},"modified":"2020-05-07T15:21:40","modified_gmt":"2020-05-07T13:21:40","slug":"befreiung-vom-nationalsozialismus-kranzniederlegung-fuer-homosexuelle-ns-opfer-in-sachsenhausen","status":"publish","type":"post","link":"https:\/\/alte.mannschaft.lgbt\/bimber\/befreiung-vom-nationalsozialismus-kranzniederlegung-fuer-homosexuelle-ns-opfer-in-sachsenhausen\/","title":{"rendered":"Kranzniederlegung f\u00fcr homosexuelle NS-Opfer in Sachsenhausen"},"content":{"rendered":"<h3>Trotz der Corona Krise wird es am Freitag, dem 75 . Jahrestag der Befreiung vom Nationalsozialismus, eine Kranzniederlegung\u00a0f\u00fcr die homosexuellen NS-Opfer\u00a0in der Gedenkst\u00e4tte Sachsenhausen geben.<\/h3>\n<p>Die Aktivisten Volker Gasser, Georg H\u00e4rpfer, Dietmar Behrend, Peter Rausch und Lothar D\u00f6nitz werden am Freitag einen Kranz vor der Gedenktafel f\u00fcr die homosexuellen Opfer niederlegen und auch an die Opfer des M\u00e4nnerlagers im KZ Ravensbr\u00fcck erinnern &#8211; mit Mundschutz und Sicherheitsabstand.<\/p>\n<blockquote class=\"wp-embedded-content\" data-secret=\"aIZ36ws75F\"><p><a href=\"https:\/\/mannschaft.com\/2019\/05\/11\/von-nazis-getoetet-stolperstein-fuer-schwules-naziopfer-aus-pirna\/\">Schwules Nazi-Opfer in Pirna mit Stolperstein geehrt<\/a><\/p><\/blockquote>\n<p><iframe title=\"&#8222;Schwules Nazi-Opfer in Pirna mit Stolperstein geehrt&#8220; &#8212; Mannschaft Magazin\" class=\"wp-embedded-content\" sandbox=\"allow-scripts\" security=\"restricted\" style=\"position: absolute; clip: rect(1px, 1px, 1px, 1px);\" src=\"https:\/\/mannschaft.com\/2019\/05\/11\/von-nazis-getoetet-stolperstein-fuer-schwules-naziopfer-aus-pirna\/embed\/#?secret=aIZ36ws75F\" data-secret=\"aIZ36ws75F\" width=\"600\" height=\"338\" frameborder=\"0\" marginwidth=\"0\" marginheight=\"0\" scrolling=\"no\"><\/iframe><\/p>\n<p>Die Befreiung des Frauen-KZ Ravensbr\u00fcck und des Konzentrationslagers Sachsenhausen j\u00e4hrte sich schon im April zum 75. Mal. Am 19. April 2020 sollte in der Gedenkst\u00e4tte Sachsenhausen eine Gedenkstunde f\u00fcr die homosexuellen H\u00e4ftlinge abgehalten werden. Sie musste aufgrund der Corona-Pandemie entfallen <a href=\"https:\/\/mannschaft.com\/2020\/03\/02\/sachsenhausen-gedenkstunde-fuer-homosexuelle-kz-haeftlinge\/\" target=\"_blank\" rel=\"noopener noreferrer\">(MANNSCHAFT berichtete)<\/a>.<\/p>\n<p>Gemeinsam mit der Direktorin der Gedenkst\u00e4tte, Astrid Ley, werden die Aktivisten an diesem Freitag anschliessend durch das Gel\u00e4nde des ehemaligen Konzentrationslager laufen. Im Bereich der Isolierung (Bl\u00f6cke 11-13 usw.) werde man an die Opfer erinnern, hiess es in einer Ank\u00fcndigung.<\/p>\n<blockquote class=\"wp-embedded-content\" data-secret=\"rZmMCkLRIV\"><p><a href=\"https:\/\/mannschaft.com\/2020\/02\/17\/ist-das-denkmal-fuer-homosexuelle-ns-opfer-jetzt-sicher\/\">Ist das Denkmal f\u00fcr homosexuelle NS-Opfer jetzt sicher?<\/a><\/p><\/blockquote>\n<p><iframe title=\"&#8222;Ist das Denkmal f\u00fcr homosexuelle NS-Opfer jetzt sicher?&#8220; &#8212; Mannschaft Magazin\" class=\"wp-embedded-content\" sandbox=\"allow-scripts\" security=\"restricted\" style=\"position: absolute; clip: rect(1px, 1px, 1px, 1px);\" src=\"https:\/\/mannschaft.com\/2020\/02\/17\/ist-das-denkmal-fuer-homosexuelle-ns-opfer-jetzt-sicher\/embed\/#?secret=rZmMCkLRIV\" data-secret=\"rZmMCkLRIV\" width=\"600\" height=\"338\" frameborder=\"0\" marginwidth=\"0\" marginheight=\"0\" scrolling=\"no\"><\/iframe><\/p>\n<p>Symbolisch wollen die Aktivisten anschliessend den letzten Weg zur \u00abStation Z\u00bb gehen. Das <em>Z<\/em>, der letzte Buchstabe des Alphabets, stand f\u00fcr die letzte Station im Leben eines H\u00e4ftlings. In der \u00abStation Z\u00bb befanden sich vier Krematoriums\u00f6fen, eine Gaskammer und ein Erschiessungsbereich. Das vollst\u00e4ndig erhaltene Geb\u00e4ude wurde 1952\/53 durch die Kasernierte Volkspolizei der DDR gesprengt. Erst im Zuge des Aufbaus der Mahn- und Gedenkst\u00e4tte sicherten die Architekten die Fundamente und die Reste der \u00d6fen und errichteten \u00fcber ihnen ein monumentales Dach &#8211; doch 2004 wurde es nicht zuletzt aufgrund irreparabler Bausch\u00e4den abgerissen. An der \u00abStation Z\u00bb wurden am 24. September 1988 erstmalig die homosexuellen Opfer geehrt.<\/p>\n<p>Das Gedenken wird als Video aufgezeichnet und sp\u00e4ter online ver\u00f6ffentlicht. Aus Anlass des 75. Jahrestages der Befreiung wird auch ein Update des <a href=\"http:\/\/raunitz.de\/sh_tote_opfer\/\" target=\"_blank\" rel=\"noopener noreferrer\">Totenbuches<\/a> ver\u00f6ffentlicht. Darin werden dann auch mehr als 20 Namen und Biografien von Opfern des M\u00e4nnerlager.<\/p>\n<p>Mit Gedenkveranstaltungen in Berlin und anderen St\u00e4dten erinnert Deutschland am Freitag an das Ende des Zweiten Weltkriegs. Bundespr\u00e4sident Frank-Walter Steinmeier, Bundeskanzlerin Angela Merkel sowie die Spitzen von Bundestag, Bundesrat und Bundesverfassungsgericht legen in der Hauptstadt Kr\u00e4nze nieder. Steinmeier erinnert anschliessend in einer Ansprache an die Befreiung Deutschlands vom Nationalsozialismus; zudem findet im Berliner Dom ein \u00f6kumenischer Gottesdienst statt.<\/p>\n","protected":false},"excerpt":{"rendered":"<p>Trotz der Corona Krise wird es am Freitag, dem 75 . Jahrestag der Befreiung vom Nationalsozialismus, eine Kranzniederlegung in der Gedenkst\u00e4tte Sachsenhausen geben. <a class=\"g1-link g1-link-more\" href=\"https:\/\/alte.mannschaft.lgbt\/bimber\/befreiung-vom-nationalsozialismus-kranzniederlegung-fuer-homosexuelle-ns-opfer-in-sachsenhausen\/\">Weiterlesen<\/a><\/p>\n","protected":false},"author":1,"featured_media":50307,"comment_status":"closed","ping_status":"closed","sticky":false,"template":"","format":"standard","meta":[],"categories":[3],"tags":[5467,5461],"wps_subtitle":"Am Freitag soll auch an die Opfer des M\u00e4nnerlagers im KZ Ravensbr\u00fcck erinnert werden","_links":{"self":[{"href":"https:\/\/alte.mannschaft.lgbt\/bimber\/wp-json\/wp\/v2\/posts\/78302"}],"collection":[{"href":"https:\/\/alte.mannschaft.lgbt\/bimber\/wp-json\/wp\/v2\/posts"}],"about":[{"href":"https:\/\/alte.mannschaft.lgbt\/bimber\/wp-json\/wp\/v2\/types\/post"}],"author":[{"embeddable":true,"href":"https:\/\/alte.mannschaft.lgbt\/bimber\/wp-json\/wp\/v2\/users\/1"}],"replies":[{"embeddable":true,"href":"https:\/\/alte.mannschaft.lgbt\/bimber\/wp-json\/wp\/v2\/comments?post=78302"}],"version-history":[{"count":0,"href":"https:\/\/alte.mannschaft.lgbt\/bimber\/wp-json\/wp\/v2\/posts\/78302\/revisions"}],"wp:featuredmedia":[{"embeddable":true,"href":"https:\/\/alte.mannschaft.lgbt\/bimber\/wp-json\/wp\/v2\/media\/50307"}],"wp:attachment":[{"href":"https:\/\/alte.mannschaft.lgbt\/bimber\/wp-json\/wp\/v2\/media?parent=78302"}],"wp:term":[{"taxonomy":"category","embeddable":true,"href":"https:\/\/alte.mannschaft.lgbt\/bimber\/wp-json\/wp\/v2\/categories?post=78302"},{"taxonomy":"post_tag","embeddable":true,"href":"https:\/\/alte.mannschaft.lgbt\/bimber\/wp-json\/wp\/v2\/tags?post=78302"}],"curies":[{"name":"wp","href":"https:\/\/api.w.org\/{rel}","templated":true}]}}