{"id":78161,"date":"2020-05-06T18:35:26","date_gmt":"2020-05-06T16:35:26","guid":{"rendered":"https:\/\/mannschaft.com\/?p=78161"},"modified":"2020-05-06T18:40:36","modified_gmt":"2020-05-06T16:40:36","slug":"willkommen-im-club-neuer-lgbtiq-podcast-von-puls","status":"publish","type":"post","link":"https:\/\/alte.mannschaft.lgbt\/bimber\/willkommen-im-club-neuer-lgbtiq-podcast-von-puls\/","title":{"rendered":"\u00abWillkommen im Club\u00bb \u2013 Neuer LGBTIQ-Podcast aus Bayern"},"content":{"rendered":"<h3>Das junge Programm des Bayerischen Rundfunks (BR) widmet sich im Podcast \u00abWillkommen im Club\u00bb Themen, die junge LGBTIQ besch\u00e4ftigen. Jeden Mittwoch gehen neue Folgen online.<\/h3>\n<p>Der Podcast richtet sich an die LGBTIQ-Community und wird entsprechend auch von zwei jungen Queers moderiert. Julian Wenzel und Kathi Rieb sind schwul, respektive lesbisch aber kennen sich trotzdem nicht aus in der Szene.<\/p>\n<blockquote class=\"wp-embedded-content\" data-secret=\"3MehsuoEuq\"><p><a href=\"https:\/\/mannschaft.com\/2020\/05\/03\/coming-out-ungeoutet-zuhause-du-bist-nicht-allein\/\">Ungeoutet zuhause? Du bist nicht allein<\/a><\/p><\/blockquote>\n<p><iframe title=\"&#8222;Ungeoutet zuhause? Du bist nicht allein&#8220; &#8212; Mannschaft Magazin\" class=\"wp-embedded-content\" sandbox=\"allow-scripts\" security=\"restricted\" style=\"position: absolute; clip: rect(1px, 1px, 1px, 1px);\" src=\"https:\/\/mannschaft.com\/2020\/05\/03\/coming-out-ungeoutet-zuhause-du-bist-nicht-allein\/embed\/#?secret=3MehsuoEuq\" data-secret=\"3MehsuoEuq\" width=\"600\" height=\"338\" frameborder=\"0\" marginwidth=\"0\" marginheight=\"0\" scrolling=\"no\"><\/iframe><\/p>\n<p>\u00abWir sind Mitglieder dieser LGBTIQ-Community ohne wirklich gefragt worden zu sein. Wenn ich schon irgendwo Mitglied bin, dann will ich auch wissen, worum es in diesem Club geht\u00bb, meint Wenzel. Gemeinsam mit den H\u00f6rer*innen m\u00f6chten sie die queere Welt mit all ihren Facetten und Gesichtern kennenlernen.<\/p>\n<p>Deshalb machen es sich die beiden zur Aufgabe, mit Klischees aufzur\u00e4umen und die Probleme und dr\u00e4ngenden Themen der Community anzugehen. Dabei teilen sie ihre eigenen Geschichten, laden aber auch queere G\u00e4ste ein. Die H\u00f6rer*innen k\u00f6nnen dabei Denkanst\u00f6sse geben und so mithelfen, die brennende Frage zu beantworten: Gibt es \u00fcberhaupt <em>die eine<\/em>\u00a0LGBTIQ-Community?<\/p>\n<p>Kathi Roeb, die queere Moderatorin meint: \u00abIn der LGBTIQ-Community brodeln viele kleine S\u00fcppchen und sind f\u00fcr die Aussenwelt meistens nicht wirklich sichtbar. Wir wollen sie alle kennenlernen und miteinander verkn\u00fcpfen.\u00bb<\/p>\n<blockquote class=\"wp-embedded-content\" data-secret=\"S9k1Zr2bSf\"><p><a href=\"https:\/\/mannschaft.com\/2020\/05\/04\/karl-heinz-brunner-ich-moechte-queere-minderjaehrige-nicht-schutzlos-zuruecklassen\/\">\u00abIch m\u00f6chte queere Minderj\u00e4hrige nicht schutzlos zur\u00fccklassen\u00bb<\/a><\/p><\/blockquote>\n<p><iframe title=\"&#8222;\u00abIch m\u00f6chte queere Minderj\u00e4hrige nicht schutzlos zur\u00fccklassen\u00bb&#8220; &#8212; Mannschaft Magazin\" class=\"wp-embedded-content\" sandbox=\"allow-scripts\" security=\"restricted\" style=\"position: absolute; clip: rect(1px, 1px, 1px, 1px);\" src=\"https:\/\/mannschaft.com\/2020\/05\/04\/karl-heinz-brunner-ich-moechte-queere-minderjaehrige-nicht-schutzlos-zuruecklassen\/embed\/#?secret=S9k1Zr2bSf\" data-secret=\"S9k1Zr2bSf\" width=\"600\" height=\"338\" frameborder=\"0\" marginwidth=\"0\" marginheight=\"0\" scrolling=\"no\"><\/iframe><\/p>\n<p>Die erste Folge von \u00abWillkommen im Club\u00bb ist schon online. Darin diskutieren die beiden Hosts, warum das Coming-out heutzutage immer noch so ein grosser Schritt ist. In Zukunft sind auch diskriminierende Sprache und die Frage, warum Bisexuelle oft nicht ernst genommen werden, Thema im Podcast. Ab sofort erscheint jeden Mittwoch eine neue Folge bei BR Podcast, in der ARD Audiothek und auf allen anderen g\u00e4ngigen <a href=\"https:\/\/www.br.de\/mediathek\/podcast\/willkommen-im-club-der-lgbtiq-podcast-von-puls\/832?subscribe\">Podcast-Plattformen<\/a>.<\/p>\n<p>Nadine Ulrich, Redaktionsleiterin Puls erkl\u00e4rt das Konzept:\u00a0\u00abVielfalt und LGBTIQ-Inhalte geh\u00f6ren zu den Kernthemen von Puls. Mit \u2039Willkommen im Club\u203a m\u00f6chten wir queere Themen f\u00fcr die queere und nicht so queere Zielgruppe thematisieren und somit die Diversit\u00e4t und Lebensrealit\u00e4ten unserer jungen Podcast-H\u00f6rer*innen da draussen abbilden. Ich freue mich, mit Kathi und Julian ein talentiertes Journalist*innen-Duo am Mikro zu h\u00f6ren, das mit Intelligenz, Feingef\u00fchl und Neugier spannende Eindr\u00fccke f\u00fcr uns alle sammelt.\u00bb<\/p>\n<div>\n<p>Der Bayerische Rundfunk geh\u00f6rt sonst zu den konservativeren Sendern der ARD. Anfang der 90er schalteten sich die Bayern aus, als sich in der \u00abLindenstra\u00dfe\u00bb zwei M\u00e4nner k\u00fcssten. Damals wurden die Schauspieler Georg Uecker und Martin Armknecht nicht nur von der Presse beschimpft, sondern bekamen Morddrohungen und vor\u00fcbergehend Personenschutz. Der BR entschied sich wegen \u00abmoralischer Bedenken\u00bb damals dagegen, die Folge zu wiederholen.<a href=\"https:\/\/mannschaft.com\/2020\/03\/17\/ich-moechte-dass-lesbisches-sexleben-ernstgenommen-wird\/\" target=\"_blank\" rel=\"noopener noreferrer\"> Wir haben mit Uecker und seiner Kollegin Sybille Waury, die die lesbische Tanja Schildknecht spielt, \u00fcber das Ende der Serie gesprochen.<\/a><\/p>\n<\/div>\n","protected":false},"excerpt":{"rendered":"<p>Das junge Programm des Bayerischen Rundfunks (BR) widmet sich im Podcast \u00abWillkommen im Club\u00bb Themen, die junge LGBTIQ besch\u00e4ftigen. Jeden Mittwoch sollen neue Folgen ver\u00f6ffentlicht werden.<br \/>\n <a class=\"g1-link g1-link-more\" href=\"https:\/\/alte.mannschaft.lgbt\/bimber\/willkommen-im-club-neuer-lgbtiq-podcast-von-puls\/\">Weiterlesen<\/a><\/p>\n","protected":false},"author":1,"featured_media":78228,"comment_status":"closed","ping_status":"closed","sticky":false,"template":"","format":"standard","meta":[],"categories":[10],"tags":[5531,5480,5506],"wps_subtitle":"Ein Angebot von Bayerischen Rundfunk, der zu den konservativeren Sendern der ARD geh\u00f6rt","_links":{"self":[{"href":"https:\/\/alte.mannschaft.lgbt\/bimber\/wp-json\/wp\/v2\/posts\/78161"}],"collection":[{"href":"https:\/\/alte.mannschaft.lgbt\/bimber\/wp-json\/wp\/v2\/posts"}],"about":[{"href":"https:\/\/alte.mannschaft.lgbt\/bimber\/wp-json\/wp\/v2\/types\/post"}],"author":[{"embeddable":true,"href":"https:\/\/alte.mannschaft.lgbt\/bimber\/wp-json\/wp\/v2\/users\/1"}],"replies":[{"embeddable":true,"href":"https:\/\/alte.mannschaft.lgbt\/bimber\/wp-json\/wp\/v2\/comments?post=78161"}],"version-history":[{"count":0,"href":"https:\/\/alte.mannschaft.lgbt\/bimber\/wp-json\/wp\/v2\/posts\/78161\/revisions"}],"wp:featuredmedia":[{"embeddable":true,"href":"https:\/\/alte.mannschaft.lgbt\/bimber\/wp-json\/wp\/v2\/media\/78228"}],"wp:attachment":[{"href":"https:\/\/alte.mannschaft.lgbt\/bimber\/wp-json\/wp\/v2\/media?parent=78161"}],"wp:term":[{"taxonomy":"category","embeddable":true,"href":"https:\/\/alte.mannschaft.lgbt\/bimber\/wp-json\/wp\/v2\/categories?post=78161"},{"taxonomy":"post_tag","embeddable":true,"href":"https:\/\/alte.mannschaft.lgbt\/bimber\/wp-json\/wp\/v2\/tags?post=78161"}],"curies":[{"name":"wp","href":"https:\/\/api.w.org\/{rel}","templated":true}]}}