{"id":78138,"date":"2020-05-07T09:03:18","date_gmt":"2020-05-07T07:03:18","guid":{"rendered":"https:\/\/mannschaft.com\/?p=78138"},"modified":"2020-07-08T16:01:09","modified_gmt":"2020-07-08T14:01:09","slug":"ehe-fuer-alle-spanische-nachhilfe-fuer-die-schweiz","status":"publish","type":"post","link":"https:\/\/alte.mannschaft.lgbt\/bimber\/ehe-fuer-alle-spanische-nachhilfe-fuer-die-schweiz\/","title":{"rendered":"Ehe f\u00fcr alle &#8211; Spanische Nachhilfe f\u00fcr die Schweiz"},"content":{"rendered":"<h3>Vor 15 Jahren \u00f6ffnete Spanien als weltweit drittes Land die Ehe f\u00fcr gleichgeschlechtliche Paare. Der damalige Justizminister Juan Fernando L\u00f3pez Aguilar teilt seine Erfahrungen mit der Schweizer Community und sagt: Es braucht viel Entschlossenheit und politischen Willen.<\/h3>\n<p>2015 ging eine auf den ersten Blick unscheinbare Schlagzeile um die Welt: Der damalige Ministerpr\u00e4sident Spaniens, Mariano Rajoy, tanzte als Gast auf der Hochzeit seines Parteikollegen Javier Maroto. Das Ganze w\u00e4re auch nicht sonderlich spannend gewesen, h\u00e4tte es sich dabei nicht um eine Eheschliessung zwischen zwei M\u00e4nnern gehandelt und bei Rajoy um einen der gr\u00f6ssten Gegner*innen der Ehe f\u00fcr alle in Spanien. Seine Partei, der konservative Partido Popular, hatte die Ehe\u00f6ffnung mit allen Mitteln bek\u00e4mpft und sogar beim Verfassungsgericht geklagt. Vergebens.<\/p>\n<blockquote class=\"wp-embedded-content\" data-secret=\"avPqFEsjmX\"><p><a href=\"https:\/\/mannschaft.com\/2020\/05\/04\/geschlossene-grenze-wird-fuer-paare-zur-nervenprobe\/\">Geschlossene Grenze wird f\u00fcr Paare zur Nervenprobe<\/a><\/p><\/blockquote>\n<p><iframe class=\"wp-embedded-content\" sandbox=\"allow-scripts\" security=\"restricted\" style=\"position: absolute; clip: rect(1px, 1px, 1px, 1px);\" title=\"&#8222;Geschlossene Grenze wird f\u00fcr Paare zur Nervenprobe&#8220; &#8212; Mannschaft Magazin\" src=\"https:\/\/mannschaft.com\/2020\/05\/04\/geschlossene-grenze-wird-fuer-paare-zur-nervenprobe\/embed\/#?secret=avPqFEsjmX\" data-secret=\"avPqFEsjmX\" width=\"600\" height=\"338\" frameborder=\"0\" marginwidth=\"0\" marginheight=\"0\" scrolling=\"no\"><\/iframe><\/p>\n<p>\u00abDas ist doch der Inbegriff des gesellschaftlichen Wandels\u00bb, sagt Juan Fernando L\u00f3pez Aguilar im Rahmen seines Besuchs in Bern im Februar. Es ist eine Anekdote, die der spanische Politiker gerne erz\u00e4hlt. Als damaliger Justizminister der linken Regierung von Jos\u00e9 Luis Rodr\u00edguez Zapatero stellte er 2004 den Entwurf zur \u00d6ffnung der Ehe vor, ein Jahr sp\u00e4ter setzte sich das Unterhaus gegen den Senat durch und nahm das Gesetz an.<\/p>\n<p>F\u00fcnfzehn Jahre sp\u00e4ter haben nach den Niederlanden, Belgien und Spanien 25 weitere L\u00e4nder den Schritt gewagt und die Ehe f\u00fcr gleichgeschlechtliche Paare ge\u00f6ffnet. L\u00f3pez Aguilar ist heute Mitglied des <a href=\"https:\/\/www.europarl.europa.eu\/meps\/de\/96812\/JUAN+FERNANDO_LOPEZ+AGUILAR\/home\">Europ\u00e4ischen Parlaments<\/a> und Vorsitzender des Ausschusses f\u00fcr b\u00fcrgerliche Freiheiten, Justiz und Inneres. In Bern organisierte die spanische Botschaft zwei Events, an denen der 59-J\u00e4hrige vor geladenen Politiker*innen und Vertreter*innen von LGBTIQ-Organisationen zur Ehe f\u00fcr alle referierte, die gegenw\u00e4rtig vom Schweizer Parlament behandelt wird.<\/p>\n<figure id=\"attachment_78150\" aria-describedby=\"caption-attachment-78150\" style=\"width: 748px\" class=\"wp-caption alignnone\"><a href=\"https:\/\/mannschaft.com\/bimber\/wp-content\/uploads\/2020\/05\/SZ_Spanien-1.jpg\"><img data-expand=\"600\" decoding=\"async\" loading=\"lazy\" class=\"lazyload wp-image-78150 size-full\" src=\"data:image\/svg+xml;charset=utf-8,%3Csvg xmlns%3D'http%3A%2F%2Fwww.w3.org%2F2000%2Fsvg' viewBox%3D'0 0 748 1123'%2F%3E\" data-src=\"https:\/\/mannschaft.com\/bimber\/wp-content\/uploads\/2020\/05\/SZ_Spanien-1.jpg\" alt=\"Spanien Ehe f\u00fcr alle\" width=\"748\" height=\"1123\" data-srcset=\"https:\/\/alte.mannschaft.lgbt\/bimber\/wp-content\/uploads\/2020\/05\/SZ_Spanien-1.jpg 748w, https:\/\/alte.mannschaft.lgbt\/bimber\/wp-content\/uploads\/2020\/05\/SZ_Spanien-1-200x300.jpg 200w, https:\/\/alte.mannschaft.lgbt\/bimber\/wp-content\/uploads\/2020\/05\/SZ_Spanien-1-400x601.jpg 400w, https:\/\/alte.mannschaft.lgbt\/bimber\/wp-content\/uploads\/2020\/05\/SZ_Spanien-1-561x842.jpg 561w, https:\/\/alte.mannschaft.lgbt\/bimber\/wp-content\/uploads\/2020\/05\/SZ_Spanien-1-665x999.jpg 665w, https:\/\/alte.mannschaft.lgbt\/bimber\/wp-content\/uploads\/2020\/05\/SZ_Spanien-1-364x546.jpg 364w, https:\/\/alte.mannschaft.lgbt\/bimber\/wp-content\/uploads\/2020\/05\/SZ_Spanien-1-608x913.jpg 608w, https:\/\/alte.mannschaft.lgbt\/bimber\/wp-content\/uploads\/2020\/05\/SZ_Spanien-1-32x48.jpg 32w, https:\/\/alte.mannschaft.lgbt\/bimber\/wp-content\/uploads\/2020\/05\/SZ_Spanien-1-64x96.jpg 64w\" data-sizes=\"(max-width: 748px) 100vw, 748px\" \/><\/a><figcaption id=\"caption-attachment-78150\" class=\"wp-caption-text\">Als Justizminister von Spanien stellte Juan Fernando L\u00f3pez Aguilar 2004 den Gesetzesentwurf zur Ehe\u00f6ffnung vor.<\/figcaption><\/figure>\n<p>Muss Spanien in der Schweiz Entwicklungshilfe leisten? L\u00f3pez Aguilar winkt lachend ab. \u00abKeineswegs\u00bb, sagt er. \u00abEs liegt an der Schweiz, sich der Herausforderung zu stellen und sie zu meistern. Das setzt viel Entschlossenheit und politischen Willen voraus. Ich kann lediglich die Erfahrung Spaniens teilen.\u00bb<\/p>\n<p><b>Sp\u00e4te Ankunft in der Demokratie<\/b><br \/>\nL\u00f3pez Aguilar betont, dass die \u00d6ffnung der Ehe in Spanien dem Volkswillen entsprach. Im April 2005 \u2013 wenige Monate vor der parlamentarischen Abstimmung \u2013 ver\u00f6ffentlichte das \u00f6ffentliche Forschungsinstitut Spaniens CIS eine Meinungsumfrage, in der sich 66\u2009% der Spanier*innen f\u00fcr die Ehe f\u00fcr alle aussprachen. Vergleichbare Umfragewerte in der Schweiz liessen auf sich warten. 2015 bef\u00fcrworteten gem\u00e4ss Meinungsforschungsinstitut L\u00e9ger 54\u2009% der Befragten die gleichen Eherechte f\u00fcr homosexuelle Paare. Im Februar 2020 lag die Zustimmung laut gfs bei 67\u2009% f\u00fcr die Ehe f\u00fcr alle inklusive Adoptionsrecht und Zugang zu Fortpflanzungsmedizin. <span class=\"Apple-converted-space\">\u00a0<\/span><\/p>\n<p>Wie l\u00e4sst sich die grosse Unterst\u00fctzung der mehrheitlich katholisch gepr\u00e4gten Bev\u00f6lkerung Spaniens erkl\u00e4ren, und das bereits vor 15 Jahren? L\u00f3pez Aguilar verweist auf das Regime von Diktator Francisco Franco, das den B\u00fcrger*innen bis in die Siebzigerjahre pers\u00f6nliche Freiheiten entzog und sie einer strengen Zensur unterwarf. Den Schritt zur konstitutionellen Demokratie, den viele L\u00e4nder nach dem Zweiten Weltkrieg gemacht hatten, musste das Land im Eiltempo nachholen. \u00abDas Verst\u00e4ndnis unserer pluralistischen Identit\u00e4t, die Legalisierung der Scheidung und der Abtreibung \u2013 das alles kam in Spanien sehr sp\u00e4t\u00bb, sagt er. \u00abEs war also an der Zeit, dass Spanien mit der Ehe f\u00fcr alle eine Pionierrolle einnahm. Das Land wollte eine Avantgarde sein.\u00bb<span class=\"Apple-converted-space\">\u00a0<\/span><\/p>\n<blockquote class=\"wp-embedded-content\" data-secret=\"80vgXY7f9D\"><p><a href=\"https:\/\/mannschaft.com\/2020\/03\/26\/kathrin-bertschy-bei-ehe-fuer-alle-zu-viel-zeit-verzoegert\/\">Kathrin Bertschy: Bei Ehe f\u00fcr alle \u00abzu viel Zeit verz\u00f6gert\u00bb<\/a><\/p><\/blockquote>\n<p><iframe class=\"wp-embedded-content\" sandbox=\"allow-scripts\" security=\"restricted\" style=\"position: absolute; clip: rect(1px, 1px, 1px, 1px);\" title=\"&#8222;Kathrin Bertschy: Bei Ehe f\u00fcr alle \u00abzu viel Zeit verz\u00f6gert\u00bb&#8220; &#8212; Mannschaft Magazin\" src=\"https:\/\/mannschaft.com\/2020\/03\/26\/kathrin-bertschy-bei-ehe-fuer-alle-zu-viel-zeit-verzoegert\/embed\/#?secret=80vgXY7f9D\" data-secret=\"80vgXY7f9D\" width=\"600\" height=\"338\" frameborder=\"0\" marginwidth=\"0\" marginheight=\"0\" scrolling=\"no\"><\/iframe><\/p>\n<p><b>Selbst das K\u00f6nigshaus sagte Ja<\/b><br \/>\nDas Eiltempo in die Zukunft war jedoch nicht nur dem Partido Popular ein Dorn im Auge. Mit Unterst\u00fctzung der katholischen Kirche und konservativer Medien machte er Stimmung gegen die geplante Ehe\u00f6ffnung, im Parlament f\u00fchrte er heftige Diskussionen. Die Partei warf L\u00f3pez Aguilar vor, Politik f\u00fcr Minderheiten zu betreiben. \u00abIch widersprach\u00bb, sagt er. \u00abSteht die Ehe diskriminierungsfrei allen offen, so profitiert die ganze Gesellschaft davon.\u00bb<\/p>\n<p>L\u00f3pez Aguilar hatte auch den K\u00f6nig, damals der 77-j\u00e4hrige Juan Carlos I, auf seiner Seite, dessen Aufgabe es ist, vom Parlament verabschiedete Gesetze zu unterschreiben. Der Partido Popular hatte dem Monarchen die Taktik des belgischen K\u00f6nig Baudouins nahegelegt, der 1990 f\u00fcr zwei Tage abdankte, damit er die Aufhebung des Abtreibungsverbots nicht absegnen musste. \u00abJuan Carlos liess sich nicht auf die Tricks des Partido Popular ein\u00bb, sagt L\u00f3pez Aguilar. Der K\u00f6nig habe seine verfassungsrechtliche Verpflichtung wahrgenommen. \u00abEr sagte \u2039Ich bin der K\u00f6nig von Spanien und nicht von Belgien\u203a, und unterschrieb das Gesetz.\u00bb<\/p>\n<blockquote><p>\u00abDer Kampf f\u00fcr gleiche Rechte dauert ein Leben lang.\u00bb<\/p><\/blockquote>\n<p><strong>Zuspruch f\u00fcr die Schweizer Community<\/strong><br \/>\nL\u00f3pez Aguilar ist \u00fcberzeugt, dass die Ehe f\u00fcr alle einen beachtlichen Teil zur Akzeptanz von LGBTIQ-Menschen im spanischen Alltag beigetragen habe. Das zeige nicht zuletzt auch die Teilnahme Rajoys an einer gleichgeschlechtlichen Eheschliessung. \u00abDie Pride in Madrid ist zu einem grossen Volksfest geworden, an dem die gesamte Stadtbev\u00f6lkerung teilnimmt\u00bb, sagt er. \u00abIn meiner Generation war es f\u00fcr homosexuelle Personen selbstverst\u00e4ndlich, die sexuelle Orientierung zu verstecken. Dem ist heute nicht mehr so.\u00bb<\/p>\n<p>Gegen\u00fcber den versammelten G\u00e4sten in Bern r\u00e4umt L\u00f3pez Aguilar ein, dass Homophobie in Spanien noch l\u00e4ngst nicht ausgerottet sei. \u00abDer Kampf f\u00fcr gleiche Rechte dauert ein Leben lang\u00bb, sagt er. \u00abMan wird es immer wieder mit R\u00fcckschl\u00e4gen zu tun haben. Daher muss man stets wachsam und reaktionsf\u00e4hig sein.\u00bb<\/p>\n<p>Im Prozess der Ehe\u00f6ffnung in der Schweiz ermutigt er die anwesenden Politiker*innen und Aktivist*innen, nicht lockerzulassen und den Druck aufrechtzuerhalten. \u00abSchmiedet Allianzen und findet eine Mehrheit. \u00dcberzeugt andere, indem ihr selbst \u00fcberzeugt auftretet. Falls es zu einem Referendum kommt, geht auf die Strasse und betreibt Wahlkampf\u00bb, sagt er. Schlussendlich habe es eine offene und demokratische Gesellschaft selbst in der Hand, ihre eigenen Forderungen zu diskutieren und in der Politik umzusetzen. \u00abIch bin mir sicher, dass die Schweiz mehr als bereit dazu ist.\u00bb<\/p>\n","protected":false},"excerpt":{"rendered":"<p>Vor 15 Jahren \u00f6ffnete Spanien als weltweit drittes Land die Ehe f\u00fcr gleichgeschlechtliche Paare. Im Februar teilte der damalige Justizminister Juan Fernando L\u00f3pez Aguilar seine Erfahrungen mit der Schweizer Community. <a class=\"g1-link g1-link-more\" href=\"https:\/\/alte.mannschaft.lgbt\/bimber\/ehe-fuer-alle-spanische-nachhilfe-fuer-die-schweiz\/\">Weiterlesen<\/a><\/p>\n","protected":false},"author":2,"featured_media":35590,"comment_status":"closed","ping_status":"closed","sticky":false,"template":"","format":"standard","meta":[],"categories":[4371,1340],"tags":[5531,5449,193],"wps_subtitle":"Was Spanien seit 15 Jahren hat, fehlt hier bis heute","_links":{"self":[{"href":"https:\/\/alte.mannschaft.lgbt\/bimber\/wp-json\/wp\/v2\/posts\/78138"}],"collection":[{"href":"https:\/\/alte.mannschaft.lgbt\/bimber\/wp-json\/wp\/v2\/posts"}],"about":[{"href":"https:\/\/alte.mannschaft.lgbt\/bimber\/wp-json\/wp\/v2\/types\/post"}],"author":[{"embeddable":true,"href":"https:\/\/alte.mannschaft.lgbt\/bimber\/wp-json\/wp\/v2\/users\/2"}],"replies":[{"embeddable":true,"href":"https:\/\/alte.mannschaft.lgbt\/bimber\/wp-json\/wp\/v2\/comments?post=78138"}],"version-history":[{"count":0,"href":"https:\/\/alte.mannschaft.lgbt\/bimber\/wp-json\/wp\/v2\/posts\/78138\/revisions"}],"wp:featuredmedia":[{"embeddable":true,"href":"https:\/\/alte.mannschaft.lgbt\/bimber\/wp-json\/wp\/v2\/media\/35590"}],"wp:attachment":[{"href":"https:\/\/alte.mannschaft.lgbt\/bimber\/wp-json\/wp\/v2\/media?parent=78138"}],"wp:term":[{"taxonomy":"category","embeddable":true,"href":"https:\/\/alte.mannschaft.lgbt\/bimber\/wp-json\/wp\/v2\/categories?post=78138"},{"taxonomy":"post_tag","embeddable":true,"href":"https:\/\/alte.mannschaft.lgbt\/bimber\/wp-json\/wp\/v2\/tags?post=78138"}],"curies":[{"name":"wp","href":"https:\/\/api.w.org\/{rel}","templated":true}]}}