{"id":77880,"date":"2020-05-12T13:47:00","date_gmt":"2020-05-12T11:47:00","guid":{"rendered":"https:\/\/mannschaft.com\/?p=77880"},"modified":"2023-02-20T14:46:41","modified_gmt":"2023-02-20T13:46:41","slug":"rene-furterer-ueberzeugt","status":"publish","type":"post","link":"https:\/\/alte.mannschaft.lgbt\/bimber\/rene-furterer-ueberzeugt\/","title":{"rendered":"Ren\u00e9 Furterer \u00fcberzeugt die Mannschaft-Leser"},"content":{"rendered":"<h3>Ausgew\u00e4hlte Mannschaft-Leser hatten die M\u00f6glichkeit, ihren Haaren etwas Gutes zu tun und haben f\u00fcr dich die Haarpflegeprodukte von Ren\u00e9 Furterer getestet. Hier sind die Ergebnisse!<\/h3>\n<p>Waschen, trocknen, stylen: Unser Haar und unsere Kopfhaut m\u00fcssen t\u00e4glich ganz sch\u00f6n viel durchmachen. Kommen noch Umweltverschmutzungen, Talg und Schweiss dazu, erstaunt es nicht, dass sich unsere Kopfhaut trocken anf\u00fchlt und das Haar schlapp und stumpf wirkt. Im schlimmsten Fall kommt es sogar zu Haarausfall. Die Produkte von <a href=\"https:\/\/www.perfecthair.ch\/de\/rene-furterer\" target=\"_blank\" rel=\"noopener noreferrer\"><strong>Ren\u00e9 Furterer<\/strong><\/a> schaffen Abhilfe.<\/p>\n<p>Die Haarpflege von Ren\u00e9 Furterer nahm ihre Anf\u00e4nge in der Provence. Unter dem Einfluss seiner Grossmutter begeistert sich der junge Friseur schon fr\u00fch f\u00fcr Pflanzenkunde. Er erkennt, dass sch\u00f6nes Haar nur auf einer gepflegten Kopfhaut wachsen kann, und entwickelt individuell abgestimmte Massagemethoden und Pflegerituale. Seine Produkte sind auf Basis von 100 % nat\u00fcrlichen \u00e4therischen \u00d6len und Pflanzenextrakten formuliert, die aufgrund ihrer spezifischen Wirkungen und Aromen sorgf\u00e4ltig ausgew\u00e4hlt wurden.<\/p>\n<div class=\"content-box-basic\">\n<h3 class=\"lavendeltitel\" style=\"text-align: center;\">Exklusiver Gutscheincode!<\/h3>\n<p style=\"text-align: center;\">Bis zum 30. September 2020 erh\u00e4ltst du 5 CHF Rabatt auf die Produkte von Ren\u00e9 Furterer bei PerfectHair.ch.<\/p>\n<p style=\"text-align: center;\">Gutscheincode: RF5MANNSCHAFT \/\/ G\u00fcltig ab einem Einkauf von CHF 40.<\/p>\n<p style=\"text-align: center;\"><a href=\"https:\/\/www.perfecthair.ch\/de\/rene-furterer\" target=\"_blank\" rel=\"noopener\"><button>Zum Shop<\/button><\/a><\/p>\n<\/div>\n<p><strong>Die Testergebnisse<\/strong><br>Im M\u00e4rz haben 50 ausgew\u00e4hlte Mannschaft-Leser die Haarpflege von Ren\u00e9 Furterer getestet und sind zu folgendem Schluss gekommen:<\/p>\n<ul class=\"custom\">\n<li>\u00bb Knapp 80 % aller Testpersonen bemerkten eine <strong>St\u00e4rkung des Haars<\/strong> nach einer nur einw\u00f6chigen Anwendung des Forticea-Rituals (Shampoo und Lotion)<p><\/p>\n<\/li>\n<li>\u00bb <strong>100 % aller Tester<\/strong> geben an, dass die \u00abLeave-in\u00bb-Formulierung der hochkonzentrierten Forticea-Lotion weder fettet noch klebt.<p><\/p>\n<\/li>\n<li>\u00bb <strong>90 % der Testpersonen<\/strong> sagen aus, dass das Style-Gel den ganzen Tag Halt verleiht.<p><\/p>\n<\/li>\n<li>\u00bb <strong>Alle Tester<\/strong> sind sich einig, dass das Frisieren von langen Haaren mit dem Style Texturspray einfach ist.<p><\/p>\n<\/li>\n<\/ul>\n\n\n<hr class=\"wp-block-separator has-text-color has-vivid-purple-color has-css-opacity has-vivid-purple-background-color has-background is-style-wide\"\/>\n\n\n\n<div class=\"wp-block-columns is-layout-flex wp-container-3\">\n<div class=\"wp-block-column is-layout-flow\" style=\"flex-basis:33.33%\">\n<figure class=\"wp-block-image size-full\"><a href=\"https:\/\/mannschaft.com\/bimber\/wp-content\/uploads\/2020\/05\/Furterer-Forticea.png\"><img data-expand=\"600\" decoding=\"async\" loading=\"lazy\" width=\"226\" height=\"228\" src=\"data:image\/svg+xml;charset=utf-8,%3Csvg xmlns%3D'http%3A%2F%2Fwww.w3.org%2F2000%2Fsvg' viewBox%3D'0 0 226 228'%2F%3E\" data-src=\"https:\/\/mannschaft.com\/bimber\/wp-content\/uploads\/2020\/05\/Furterer-Forticea.png\" alt=\"\" class=\"lazyload wp-image-77887\" data-srcset=\"https:\/\/alte.mannschaft.lgbt\/bimber\/wp-content\/uploads\/2020\/05\/Furterer-Forticea.png 226w, https:\/\/alte.mannschaft.lgbt\/bimber\/wp-content\/uploads\/2020\/05\/Furterer-Forticea-50x50.png 50w, https:\/\/alte.mannschaft.lgbt\/bimber\/wp-content\/uploads\/2020\/05\/Furterer-Forticea-110x110.png 110w, https:\/\/alte.mannschaft.lgbt\/bimber\/wp-content\/uploads\/2020\/05\/Furterer-Forticea-48x48.png 48w, https:\/\/alte.mannschaft.lgbt\/bimber\/wp-content\/uploads\/2020\/05\/Furterer-Forticea-95x96.png 95w, https:\/\/alte.mannschaft.lgbt\/bimber\/wp-content\/uploads\/2020\/05\/Furterer-Forticea-100x100.png 100w\" data-sizes=\"(max-width: 226px) 100vw, 226px\" \/><\/a><\/figure>\n<\/div>\n\n\n\n<div class=\"wp-block-column is-layout-flow\" style=\"flex-basis:66.66%\">\n<p><strong>Astera Fresh \u2013 bei irritierter Kopfhaut<\/strong><\/p>\n<p>Mit Eukalyptus und Minze beruhigt das Shampoo die durch Stress, Umwelteinfl\u00fcsse und Temperaturschwankungen gereizte Kopfhaut.<\/p>\n<\/div>\n<\/div>\n\n\n\n<hr class=\"wp-block-separator has-text-color has-vivid-purple-color has-css-opacity has-vivid-purple-background-color has-background is-style-wide\"\/>\n\n\n\n<div class=\"wp-block-columns is-layout-flex wp-container-6\">\n<div class=\"wp-block-column is-layout-flow\" style=\"flex-basis:33.33%\">\n<figure class=\"wp-block-image size-full\"><a href=\"https:\/\/mannschaft.com\/bimber\/wp-content\/uploads\/2020\/05\/Furterer-astera.png\"><img data-expand=\"600\" decoding=\"async\" loading=\"lazy\" width=\"226\" height=\"226\" src=\"data:image\/svg+xml;charset=utf-8,%3Csvg xmlns%3D'http%3A%2F%2Fwww.w3.org%2F2000%2Fsvg' viewBox%3D'0 0 226 226'%2F%3E\" data-src=\"https:\/\/mannschaft.com\/bimber\/wp-content\/uploads\/2020\/05\/Furterer-astera.png\" alt=\"\" class=\"lazyload wp-image-77886\" data-srcset=\"https:\/\/alte.mannschaft.lgbt\/bimber\/wp-content\/uploads\/2020\/05\/Furterer-astera.png 226w, https:\/\/alte.mannschaft.lgbt\/bimber\/wp-content\/uploads\/2020\/05\/Furterer-astera-50x50.png 50w, https:\/\/alte.mannschaft.lgbt\/bimber\/wp-content\/uploads\/2020\/05\/Furterer-astera-192x192.png 192w, https:\/\/alte.mannschaft.lgbt\/bimber\/wp-content\/uploads\/2020\/05\/Furterer-astera-110x110.png 110w, https:\/\/alte.mannschaft.lgbt\/bimber\/wp-content\/uploads\/2020\/05\/Furterer-astera-220x220.png 220w, https:\/\/alte.mannschaft.lgbt\/bimber\/wp-content\/uploads\/2020\/05\/Furterer-astera-48x48.png 48w, https:\/\/alte.mannschaft.lgbt\/bimber\/wp-content\/uploads\/2020\/05\/Furterer-astera-96x96.png 96w, https:\/\/alte.mannschaft.lgbt\/bimber\/wp-content\/uploads\/2020\/05\/Furterer-astera-100x100.png 100w\" data-sizes=\"(max-width: 226px) 100vw, 226px\" \/><\/a><\/figure>\n<\/div>\n\n\n\n<div class=\"wp-block-column is-layout-flow\" style=\"flex-basis:66.66%\">\n<p><strong>Forticea \u2013 f\u00fcr starkes, kr\u00e4ftiges Haar<\/strong><\/p>\n<p>Das Shampoo mit Guarana und \u00e4therischen \u00d6len versorgt M\u00e4nnerhaar mit Energie und N\u00e4hrstoffen. Die Lotion revitalisiert die Kopfhaut, kr\u00e4ftigt das Haar und erleichtert das Frisieren.<\/p>\n\n\n\n<p><\/p>\n<\/div>\n<\/div>\n\n\n\n<hr class=\"wp-block-separator has-text-color has-vivid-purple-color has-css-opacity has-vivid-purple-background-color has-background is-style-wide\"\/>\n\n\n\n<div class=\"wp-block-columns is-layout-flex wp-container-9\">\n<div class=\"wp-block-column is-layout-flow\" style=\"flex-basis:33.33%\">\n<figure class=\"wp-block-image size-full\"><a href=\"https:\/\/mannschaft.com\/bimber\/wp-content\/uploads\/2020\/05\/Furterer-Style.png\"><img data-expand=\"600\" decoding=\"async\" loading=\"lazy\" width=\"226\" height=\"226\" src=\"data:image\/svg+xml;charset=utf-8,%3Csvg xmlns%3D'http%3A%2F%2Fwww.w3.org%2F2000%2Fsvg' viewBox%3D'0 0 226 226'%2F%3E\" data-src=\"https:\/\/mannschaft.com\/bimber\/wp-content\/uploads\/2020\/05\/Furterer-Style.png\" alt=\"\" class=\"lazyload wp-image-77888\" data-srcset=\"https:\/\/alte.mannschaft.lgbt\/bimber\/wp-content\/uploads\/2020\/05\/Furterer-Style.png 226w, https:\/\/alte.mannschaft.lgbt\/bimber\/wp-content\/uploads\/2020\/05\/Furterer-Style-50x50.png 50w, https:\/\/alte.mannschaft.lgbt\/bimber\/wp-content\/uploads\/2020\/05\/Furterer-Style-192x192.png 192w, https:\/\/alte.mannschaft.lgbt\/bimber\/wp-content\/uploads\/2020\/05\/Furterer-Style-110x110.png 110w, https:\/\/alte.mannschaft.lgbt\/bimber\/wp-content\/uploads\/2020\/05\/Furterer-Style-220x220.png 220w, https:\/\/alte.mannschaft.lgbt\/bimber\/wp-content\/uploads\/2020\/05\/Furterer-Style-48x48.png 48w, https:\/\/alte.mannschaft.lgbt\/bimber\/wp-content\/uploads\/2020\/05\/Furterer-Style-96x96.png 96w, https:\/\/alte.mannschaft.lgbt\/bimber\/wp-content\/uploads\/2020\/05\/Furterer-Style-100x100.png 100w\" data-sizes=\"(max-width: 226px) 100vw, 226px\" \/><\/a><\/figure>\n<\/div>\n\n\n\n<div class=\"wp-block-column is-layout-flow\" style=\"flex-basis:66.66%\">\n<p><strong>Style \u2013 Spray &amp; Gel<\/strong><\/p>\n<p>Die Stylingprodukte von Ren\u00e9 Furterer b\u00fcndeln die Kraft der Pflanzen f\u00fcr eine gesunde Kopfhaut und nat\u00fcrlich aussehendes M\u00e4nnerhaar \u2013 mit Jojoba- Extrakten, Vitamin B5 und ohne Silikone.<\/p>\n<\/div>\n<\/div>\n\n\n\n<hr class=\"wp-block-separator has-text-color has-vivid-purple-color has-css-opacity has-vivid-purple-background-color has-background is-style-wide\"\/>\n\n\n<p><strong>CHF 5 Rabatt auf deine Bestellung bei PerfectHair.ch<\/strong><br>Bestelle jetzt deine pers\u00f6nlichen Favoriten aus der Ren\u00e9 Furterer Linie und erhalte CHF 5 Rabatt auf deine Bestellung ab CHF 40.<\/p>\n<p>Einfach am Ende des Bestellvorgangs auf <strong><a href=\"https:\/\/www.perfecthair.ch\/de\/rene-furterer\">PerfectHair.ch<\/a><\/strong> den Gutscheincode <strong>RF5MANNSCHAFT<\/strong> eingeben.<\/p>\n<p>Der Code ist g\u00fcltig f\u00fcr alle Bestellung bis zum 30. September 2020.<\/p>\n\n\n<hr class=\"wp-block-separator has-text-color has-vivid-purple-color has-css-opacity has-vivid-purple-background-color has-background is-style-wide\"\/>\n\n\n\n<figure class=\"wp-block-image size-full\"><a href=\"https:\/\/mannschaft.com\/bimber\/wp-content\/uploads\/2020\/05\/Furterer-Header.jpg\"><img data-expand=\"600\" decoding=\"async\" loading=\"lazy\" width=\"800\" height=\"496\" src=\"data:image\/svg+xml;charset=utf-8,%3Csvg xmlns%3D'http%3A%2F%2Fwww.w3.org%2F2000%2Fsvg' viewBox%3D'0 0 800 496'%2F%3E\" data-src=\"https:\/\/mannschaft.com\/bimber\/wp-content\/uploads\/2020\/05\/Furterer-Header.jpg\" alt=\"\" class=\"lazyload wp-image-77885\" data-srcset=\"https:\/\/alte.mannschaft.lgbt\/bimber\/wp-content\/uploads\/2020\/05\/Furterer-Header.jpg 800w, https:\/\/alte.mannschaft.lgbt\/bimber\/wp-content\/uploads\/2020\/05\/Furterer-Header-300x186.jpg 300w, https:\/\/alte.mannschaft.lgbt\/bimber\/wp-content\/uploads\/2020\/05\/Furterer-Header-425x264.jpg 425w, https:\/\/alte.mannschaft.lgbt\/bimber\/wp-content\/uploads\/2020\/05\/Furterer-Header-768x476.jpg 768w, https:\/\/alte.mannschaft.lgbt\/bimber\/wp-content\/uploads\/2020\/05\/Furterer-Header-561x348.jpg 561w, https:\/\/alte.mannschaft.lgbt\/bimber\/wp-content\/uploads\/2020\/05\/Furterer-Header-364x226.jpg 364w, https:\/\/alte.mannschaft.lgbt\/bimber\/wp-content\/uploads\/2020\/05\/Furterer-Header-758x470.jpg 758w, https:\/\/alte.mannschaft.lgbt\/bimber\/wp-content\/uploads\/2020\/05\/Furterer-Header-608x377.jpg 608w, https:\/\/alte.mannschaft.lgbt\/bimber\/wp-content\/uploads\/2020\/05\/Furterer-Header-77x48.jpg 77w, https:\/\/alte.mannschaft.lgbt\/bimber\/wp-content\/uploads\/2020\/05\/Furterer-Header-155x96.jpg 155w, https:\/\/alte.mannschaft.lgbt\/bimber\/wp-content\/uploads\/2020\/05\/Furterer-Header-400x248.jpg 400w\" data-sizes=\"(max-width: 800px) 100vw, 800px\" \/><\/a><figcaption class=\"wp-element-caption\">Bild: zvg<\/figcaption><\/figure>\n\n\n<p>Mit \u00fcber 300 Marken und \u00fcber 27.000 Produkten ist <strong><a href=\"https:\/\/www.perfecthair.ch\/de\/\" target=\"_blank\" rel=\"noopener noreferrer\">PerfectHair.ch<\/a><\/strong> der gr\u00f6sste Schweizer Online Shop f\u00fcr professionelle Haar- und Beautyprodukte und schon l\u00e4ngst kein Geheimtipp mehr unter den Beauty- und Haarprofis. Egal, was du mit deinen Haaren vor hast, bei <strong><a href=\"https:\/\/www.perfecthair.ch\/de\/\" target=\"_blank\" rel=\"noopener noreferrer\">PerfectHair.ch<\/a><\/strong> findest du garantiert die richtigen Pflege- und Stylingprodukte.<\/p>","protected":false},"excerpt":{"rendered":"<p>Ausgew\u00e4hlte Mannschaft-Leser hatten die M\u00f6glichkeit, ihren Haaren etwas Gutes zu tun und haben f\u00fcr dich die Haarpflegeprodukte von Ren\u00e9 Furterer getestet. <a class=\"g1-link g1-link-more\" href=\"https:\/\/alte.mannschaft.lgbt\/bimber\/rene-furterer-ueberzeugt\/\">Weiterlesen<\/a><\/p>\n","protected":false},"author":21,"featured_media":77885,"comment_status":"closed","ping_status":"closed","sticky":false,"template":"","format":"standard","meta":[],"categories":[262],"tags":[5535],"wps_subtitle":"Erhalte jetzt CHF 5 Rabatt auf die Haarpflegeprodukte von Ren\u00e9 Furterer","_links":{"self":[{"href":"https:\/\/alte.mannschaft.lgbt\/bimber\/wp-json\/wp\/v2\/posts\/77880"}],"collection":[{"href":"https:\/\/alte.mannschaft.lgbt\/bimber\/wp-json\/wp\/v2\/posts"}],"about":[{"href":"https:\/\/alte.mannschaft.lgbt\/bimber\/wp-json\/wp\/v2\/types\/post"}],"author":[{"embeddable":true,"href":"https:\/\/alte.mannschaft.lgbt\/bimber\/wp-json\/wp\/v2\/users\/21"}],"replies":[{"embeddable":true,"href":"https:\/\/alte.mannschaft.lgbt\/bimber\/wp-json\/wp\/v2\/comments?post=77880"}],"version-history":[{"count":13,"href":"https:\/\/alte.mannschaft.lgbt\/bimber\/wp-json\/wp\/v2\/posts\/77880\/revisions"}],"predecessor-version":[{"id":162256,"href":"https:\/\/alte.mannschaft.lgbt\/bimber\/wp-json\/wp\/v2\/posts\/77880\/revisions\/162256"}],"wp:featuredmedia":[{"embeddable":true,"href":"https:\/\/alte.mannschaft.lgbt\/bimber\/wp-json\/wp\/v2\/media\/77885"}],"wp:attachment":[{"href":"https:\/\/alte.mannschaft.lgbt\/bimber\/wp-json\/wp\/v2\/media?parent=77880"}],"wp:term":[{"taxonomy":"category","embeddable":true,"href":"https:\/\/alte.mannschaft.lgbt\/bimber\/wp-json\/wp\/v2\/categories?post=77880"},{"taxonomy":"post_tag","embeddable":true,"href":"https:\/\/alte.mannschaft.lgbt\/bimber\/wp-json\/wp\/v2\/tags?post=77880"}],"curies":[{"name":"wp","href":"https:\/\/api.w.org\/{rel}","templated":true}]}}