{"id":77459,"date":"2020-04-27T21:38:44","date_gmt":"2020-04-27T19:38:44","guid":{"rendered":"https:\/\/mannschaft.com\/?p=77459"},"modified":"2020-04-27T22:09:57","modified_gmt":"2020-04-27T20:09:57","slug":"ermittlungen-nach-hetzpredigt-gegen-homosexuelle","status":"publish","type":"post","link":"https:\/\/alte.mannschaft.lgbt\/bimber\/ermittlungen-nach-hetzpredigt-gegen-homosexuelle\/","title":{"rendered":"Ermittlungen nach t\u00fcrkischer Hasspredigt gegen Homosexuelle"},"content":{"rendered":"<h3>Ali Erba\u015f ist Pr\u00e4sident des t\u00fcrkischen Amtes f\u00fcr religi\u00f6se Angelegenheiten, Diyanet. In seiner Predigt zu Beginn des Fastenmonates Ramadan am Freitag hatte er \u00fcber den Kampf gegen das Coronavirus gesprochen und gegen Homosexualit\u00e4t gehetzt.<\/h3>\n<p>Der Chef der Religionsbeh\u00f6rde in der T\u00fcrkei und zugleich Vorgesetzter von 1000 Imamen in Deutschland\u00a0hat mit \u00c4usserungen \u00fcber Homosexualit\u00e4t f\u00fcr Aufregung gesorgt. Der islamische Theologe Ali Erba\u015f hatte gesagt, Homosexualit\u00e4t bringe Krankheiten mit sich und Generationen w\u00fcrden deswegen \u00abverrotten\u00bb.<\/p>\n<blockquote class=\"wp-embedded-content\" data-secret=\"4JrP2enugX\"><p><a href=\"https:\/\/mannschaft.com\/2018\/02\/06\/tuerkischer-lgbti-aktivist-in-ankara-verhaftet-und-inhaftiert\/\">Update: T\u00fcrkischer LGBTI-Aktivist in Ankara freigelassen<\/a><\/p><\/blockquote>\n<p><iframe title=\"&#8222;Update: T\u00fcrkischer LGBTI-Aktivist in Ankara freigelassen&#8220; &#8212; Mannschaft Magazin\" class=\"wp-embedded-content\" sandbox=\"allow-scripts\" security=\"restricted\" style=\"position: absolute; clip: rect(1px, 1px, 1px, 1px);\" src=\"https:\/\/mannschaft.com\/2018\/02\/06\/tuerkischer-lgbti-aktivist-in-ankara-verhaftet-und-inhaftiert\/embed\/#?secret=4JrP2enugX\" data-secret=\"4JrP2enugX\" width=\"600\" height=\"338\" frameborder=\"0\" marginwidth=\"0\" marginheight=\"0\" scrolling=\"no\"><\/iframe><\/p>\n<p>Die Oberstaatsanwaltschaft in Ankara leitete nun Ermittlungen ein, allerdings gegen die Anwaltskammer der Hauptstadt, weil sie den Diyanet-Chef scharf kritisiert hatte. Der Vorwurf:\u00a0Herabw\u00fcrdigung religi\u00f6ser Werte.<\/p>\n<p>Hintergrund ist eine Predigt Erba\u015f\u2019 zu Beginn des Fastenmonats Ramadan. Darin hatte er gesagt, dass Homosexualit\u00e4t Krankheiten mit sich br\u00e4chten. Er kritisierte zudem Ehebruch und das Zusammenleben unverheirateter Paaren.<\/p>\n<blockquote class=\"wp-embedded-content\" data-secret=\"zUprgetk8W\"><p><a href=\"https:\/\/mannschaft.com\/2019\/04\/19\/islamische-glaubensgemeinschaft-in-oesterreich-kritisiert-homophobes-video\/\">Islamisches Zentrum stellt homophobes Video ins Netz<\/a><\/p><\/blockquote>\n<p><iframe title=\"&#8222;Islamisches Zentrum stellt homophobes Video ins Netz&#8220; &#8212; Mannschaft Magazin\" class=\"wp-embedded-content\" sandbox=\"allow-scripts\" security=\"restricted\" style=\"position: absolute; clip: rect(1px, 1px, 1px, 1px);\" src=\"https:\/\/mannschaft.com\/2019\/04\/19\/islamische-glaubensgemeinschaft-in-oesterreich-kritisiert-homophobes-video\/embed\/#?secret=zUprgetk8W\" data-secret=\"zUprgetk8W\" width=\"600\" height=\"338\" frameborder=\"0\" marginwidth=\"0\" marginheight=\"0\" scrolling=\"no\"><\/iframe><\/p>\n<p>Homosexualit\u00e4t ist in der T\u00fcrkei zwar nicht offiziell verboten. Doch Jahr f\u00fcr Jahr wird die Istanbul Pride verboten, so auch 2019 <a href=\"https:\/\/mannschaft.com\/2019\/06\/19\/istanbul-pride-verboten-tiflis-pride-in-gefahr\/\" target=\"_blank\" rel=\"noopener noreferrer\">(MANNSCHAFT berichtete). <\/a>Und in Anka wurde im vergangenen Jahr das deutschsprachige LGBTIQ-Filmfestival untersagt <a href=\"https:\/\/mannschaft.com\/2017\/11\/19\/ankara-macht-kurzen-prozess-und-verbietet-alle-kulturevents-sexueller-minderheiten\/\" target=\"_blank\" rel=\"noopener noreferrer\">(MANNSCHAFT berichtete)<\/a>.<\/p>\n<p>Die Anwaltskammer in Ankara warf Erba\u015f daraufhin unter anderem vor, einen Teil der Menschheit mit Hass herabzuw\u00fcrdigen und diese zum Ziel zu machen. Justizminister Abdulhamit G\u00fcl und Fahrettin Altun, Sprecher von Pr\u00e4sident Recep Tayyip Erdogan, verteidigten Erba\u015f: Dessen Aussagen seien korrekt, aber nur bindend f\u00fcr Muslime.<\/p>\n<p>In der T\u00fcrkei wurde Kindern k\u00fcrzlich auch das Malen von Regenb\u00f6gen verboten. Schliesslich seien diese ein \u00abSymbol f\u00fcr Homosexualit\u00e4t\u00bb<a href=\"https:\/\/mannschaft.com\/2020\/04\/13\/corona-regenbogen-in-der-krise-unerwuenscht\/\" target=\"_blank\" rel=\"noopener noreferrer\"> (MANNSCHAFT berichtete)<\/a>.<\/p>\n","protected":false},"excerpt":{"rendered":"<p>Ali Erba\u015f ist Chef der t\u00fcrkischen Religionsbeh\u00f6rde. In seiner Predigt zu Beginn des Fastenmonates Ramadan hatte er \u00fcber den Kampf gegen das Coronavirus gesprochen und gegen Homosexualit\u00e4t gehetzt. <a class=\"g1-link g1-link-more\" href=\"https:\/\/alte.mannschaft.lgbt\/bimber\/ermittlungen-nach-hetzpredigt-gegen-homosexuelle\/\">Weiterlesen<\/a><\/p>\n","protected":false},"author":1,"featured_media":77460,"comment_status":"closed","ping_status":"closed","sticky":false,"template":"","format":"standard","meta":[],"categories":[2],"tags":[5467,5512,349],"wps_subtitle":"Die \u00c4usserungen stammen vom Chef der t\u00fcrkischen Religionsbeh\u00f6rde - doch ermittelt wird gegen seine Kritiker","_links":{"self":[{"href":"https:\/\/alte.mannschaft.lgbt\/bimber\/wp-json\/wp\/v2\/posts\/77459"}],"collection":[{"href":"https:\/\/alte.mannschaft.lgbt\/bimber\/wp-json\/wp\/v2\/posts"}],"about":[{"href":"https:\/\/alte.mannschaft.lgbt\/bimber\/wp-json\/wp\/v2\/types\/post"}],"author":[{"embeddable":true,"href":"https:\/\/alte.mannschaft.lgbt\/bimber\/wp-json\/wp\/v2\/users\/1"}],"replies":[{"embeddable":true,"href":"https:\/\/alte.mannschaft.lgbt\/bimber\/wp-json\/wp\/v2\/comments?post=77459"}],"version-history":[{"count":0,"href":"https:\/\/alte.mannschaft.lgbt\/bimber\/wp-json\/wp\/v2\/posts\/77459\/revisions"}],"wp:featuredmedia":[{"embeddable":true,"href":"https:\/\/alte.mannschaft.lgbt\/bimber\/wp-json\/wp\/v2\/media\/77460"}],"wp:attachment":[{"href":"https:\/\/alte.mannschaft.lgbt\/bimber\/wp-json\/wp\/v2\/media?parent=77459"}],"wp:term":[{"taxonomy":"category","embeddable":true,"href":"https:\/\/alte.mannschaft.lgbt\/bimber\/wp-json\/wp\/v2\/categories?post=77459"},{"taxonomy":"post_tag","embeddable":true,"href":"https:\/\/alte.mannschaft.lgbt\/bimber\/wp-json\/wp\/v2\/tags?post=77459"}],"curies":[{"name":"wp","href":"https:\/\/api.w.org\/{rel}","templated":true}]}}