{"id":76588,"date":"2020-04-15T16:56:58","date_gmt":"2020-04-15T14:56:58","guid":{"rendered":"https:\/\/mannschaft.com\/?p=76588"},"modified":"2024-09-20T10:06:34","modified_gmt":"2024-09-20T08:06:34","slug":"conchita-wurst-moderiert-raabs-ersatz-esc","status":"publish","type":"post","link":"https:\/\/alte.mannschaft.lgbt\/bimber\/conchita-wurst-moderiert-raabs-ersatz-esc\/","title":{"rendered":"Conchita Wurst moderiert Raabs Ersatz-ESC"},"content":{"rendered":"<h3>Conchita Wurst wird die von Stefan Raab in Deutschland geplante Alternative zum abgesagten Eurovision Song Contest moderieren.<\/h3>\n<p>ProSieben strahlt die von Stefan Raab produzierte Fernsehshow am 16. Mai aus. Steven G\u00e4tjen werde demnach neben der 2014er ESC-Gewinnerin durch den \u00abFree European Song Contest\u00bb f\u00fchren, hiess es am Mittwochnachmittag. Der deutsch-amerikanische Moderator f\u00fchrt bereits seit 2017 bei ProSieben durch die \u00abRed Carpet Show\u00bb vor der j\u00e4hrlichen Oscar-Verleihung.<\/p>\n<p>Weitere Details zum Ablauf der Liveshow wurden nun bekannt: Demnach treten \u00abprominente\u00bb Musiker*innen vor Publikum f\u00fcr ihr Herkunftsland an. Die Zuschauer*innen vergeben Punkte und k\u00fcren so den Sieger des Abends. Zu den teilnehmenden K\u00fcnstler*innen gab es keine weiteren Angaben. Unklar ist auch weiterhin, ob Raab selbst vor die Kamera tritt. Der hatte seine Karriere als Fernsehmoderator 2015 beendet.<\/p>\n<p>Conchita Wurst war erst im Herbst Teil der Sendung \u00abQueen of Drags\u00bb: Als Jurorin suchte sie neben Heidi Klum und Bill Kaulitz die \u00abQueen of Drags\u00bb <a href=\"https:\/\/mannschaft.com\/2019\/11\/12\/queen-of-drags-das-schwulste-set-das-es-jemals-gab\/\" target=\"_blank\" rel=\"noopener noreferrer\">(MANNSCHAFT berichtete).<\/a><\/p>\n<p>Doch Wurst und G\u00e4tjen haben am 16. Mai Konkurrenz: Die (European Broadcasting Union (EBU) wird statt des eigentlichen Eurovision Song Contest eine Sendung mit dem Titel \u00abEurope Shine a Light\u00bb ausstrahlen. Mit dem europaweiten Ereignis will sie die Musiker*innen feiern, die bei ESC in Rotterdam antreten sollten, erkl\u00e4rte ARD-Unterhaltungskoordinator Thomas Schreiber.<\/p>\n<p>\u00ab40 europ\u00e4ische L\u00e4nder plus Australien wollen sich hoffentlich ab 21 Uhr versammeln\u00bb, sagte Thomas Schreiber weiter. Es werde kein ESC mit Voting geben, der Abend soll aber trotzdem Europa zusammenbringen.<\/p>\n<p>Davor hatte die EBU klargestellt, dass die diesj\u00e4hrigen Kandidat*innen des abgesagten Eurovision Song Contests nicht mit dem gleichen Song 2021 antreten d\u00fcrften. Die Fans reagierten mit Unverst\u00e4ndnis (<a href=\"http:\/\/Die diesj\u00e4hrigen Kandidat*innen des abgesagten Eurovision Song Contests d\u00fcrfen 2021 nicht mit dem gleichen Song antreten. Die Fans reagieren mit Unverst\u00e4ndnis\" target=\"_blank\" rel=\"noopener noreferrer\">MANNSCHAFT berichtete).<\/a><\/p>\n<p>Aufgrund der Corona-Pandemie musste die diesj\u00e4hrige Austragung des Contest abgesagt werden, der in f\u00fcnf Wochen in Rotterdam stattfinden sollte (<a href=\"https:\/\/mannschaft.com\/2020\/03\/18\/der-esc-2020-ist-gestrichen\/\">MANNSCHAFT berichtete)<\/a>. 2021 soll der ESC dann wieder wie gewohnt stattfinden.<\/p>\n","protected":false},"excerpt":{"rendered":"<p>Conchita Wurst wird die von Stefan Raab in Deutschland geplante Alternative zum abgesagten Eurovision Song Contest moderieren. <a class=\"g1-link g1-link-more\" href=\"https:\/\/alte.mannschaft.lgbt\/bimber\/conchita-wurst-moderiert-raabs-ersatz-esc\/\">Weiterlesen<\/a><\/p>\n","protected":false},"author":1,"featured_media":0,"comment_status":"closed","ping_status":"closed","sticky":false,"template":"","format":"standard","meta":[],"categories":[346],"tags":[620,103,5467],"wps_subtitle":"Am 16. Mai auf ProSieben","_links":{"self":[{"href":"https:\/\/alte.mannschaft.lgbt\/bimber\/wp-json\/wp\/v2\/posts\/76588"}],"collection":[{"href":"https:\/\/alte.mannschaft.lgbt\/bimber\/wp-json\/wp\/v2\/posts"}],"about":[{"href":"https:\/\/alte.mannschaft.lgbt\/bimber\/wp-json\/wp\/v2\/types\/post"}],"author":[{"embeddable":true,"href":"https:\/\/alte.mannschaft.lgbt\/bimber\/wp-json\/wp\/v2\/users\/1"}],"replies":[{"embeddable":true,"href":"https:\/\/alte.mannschaft.lgbt\/bimber\/wp-json\/wp\/v2\/comments?post=76588"}],"version-history":[{"count":1,"href":"https:\/\/alte.mannschaft.lgbt\/bimber\/wp-json\/wp\/v2\/posts\/76588\/revisions"}],"predecessor-version":[{"id":206417,"href":"https:\/\/alte.mannschaft.lgbt\/bimber\/wp-json\/wp\/v2\/posts\/76588\/revisions\/206417"}],"wp:attachment":[{"href":"https:\/\/alte.mannschaft.lgbt\/bimber\/wp-json\/wp\/v2\/media?parent=76588"}],"wp:term":[{"taxonomy":"category","embeddable":true,"href":"https:\/\/alte.mannschaft.lgbt\/bimber\/wp-json\/wp\/v2\/categories?post=76588"},{"taxonomy":"post_tag","embeddable":true,"href":"https:\/\/alte.mannschaft.lgbt\/bimber\/wp-json\/wp\/v2\/tags?post=76588"}],"curies":[{"name":"wp","href":"https:\/\/api.w.org\/{rel}","templated":true}]}}