{"id":74496,"date":"2020-03-18T10:30:17","date_gmt":"2020-03-18T09:30:17","guid":{"rendered":"https:\/\/mannschaft.com\/?p=74496"},"modified":"2024-09-20T10:07:41","modified_gmt":"2024-09-20T08:07:41","slug":"der-esc-2020-ist-gestrichen","status":"publish","type":"post","link":"https:\/\/alte.mannschaft.lgbt\/bimber\/der-esc-2020-ist-gestrichen\/","title":{"rendered":"Der ESC 2020 ist gestrichen!"},"content":{"rendered":"<h3>Die Nachricht der EBU kam am Mittwochmittag: \u00abMit grossem Bedauern m\u00fcssen wir die Absage des ESC 2020 in Rotterdam bekannt geben.\u00bb<\/h3>\n<p>Die Unsicherheit, die durch die Verbreitung des Coronavirus (COVID-19) in ganz Europa entsteht, und die von den Regierungen der teilnehmenden Rundfunkanstalten und den niederl\u00e4ndischen Beh\u00f6rden auferlegten Beschr\u00e4nkungen h\u00e4tten dazu gef\u00fchrt, dass die Europ\u00e4ische Rundfunkunion (EBU) die schwierige Entscheidung getroffen hat, den ESC 2020 abzusagen.<\/p>\n<p>Man habe in den letzten Wochen viele alternative Optionen untersucht, um den Eurovision Song Contest zu erm\u00f6glichen. Doch aufgrund der Unsicherheit, die durch die Verbreitung von COVID-19 in ganz Europa entsteht, und der von den Regierungen der teilnehmenden Rundfunkanstalten und der niederl\u00e4ndischen Beh\u00f6rden auferlegten Beschr\u00e4nkungen hat die Europ\u00e4ische Rundfunkunion (EBU) die schwere Entscheidung getroffen, nicht mit der Planung fortzufahren. Ungarn hatte sich schon vorzeitig aus dem Contest zur\u00fcckgezogen &#8211; allerdings aus anderen Gr\u00fcnden <a href=\"https:\/\/mannschaft.com\/2019\/11\/28\/esc-ohne-ungarn-ist-homohass-der-grund\/\" target=\"_blank\" rel=\"noopener noreferrer\">(MANNSCHAFT berichtete)<\/a>.<\/p>\n<p>\u00abDie Gesundheit von K\u00fcnstler*innen, Mitarbeiter*innen, Fans und Besucher*innen sowie die Situation in den Niederlanden, Europa und der Welt stehen im Mittelpunkt dieser Entscheidung.\u00bb<\/p>\n<p>Man sei sehr stolz darauf, dass der Eurovision Song Contest in den letzten 64 Jahren jedes Jahr ohne Unterbrechung das Publikum vereint habe, und man sei wie die Millionen Fans auf der ganzen Welt \u00e4usserst traurig, dass er nun nicht im Mai stattfinden kann.<\/p>\n<p>Jon Ola Sand, der Executive Supervisor des ESC, erkl\u00e4rte: \u00abDie EBU zusammen mit dem Host Broadcaster NPO, NOS, AVROTROS und die Stadt Rotterdam werden weiterhin dar\u00fcber sprechen, ob es m\u00f6glich ist, den Eurovision Song Contest 2021 in Rotterdam auszurichten. Ich m\u00f6chte mich bei allen bedanken, die dieses Jahr an der Durchf\u00fchrung eines grossartigen Eurovision Song Contest beteiligt waren.\u00bb Eines aber k\u00f6nne er versprechen: \u00abDer Eurovision Song Contest wird st\u00e4rker als je zuvor zur\u00fcckkehren.\u00bb<\/p>\n<p>Wie es in der Ank\u00fcndigung der Veranstalter heisst, bitte man um etwas Geduld, bis die Auswirkungen und Implikationen dieser \u00abbeispiellosen Entscheidung\u00bb klar seien. In der Zeit wolle man dem gesamten Host Broadcaster-Team in den Niederlanden und den 41 \u00f6ffentlich-rechtlichen Sendern, die so hart an der Planung der diesj\u00e4hrigen Veranstaltung gearbeitet haben, unseren Dank aussprechen.<\/p>\n<p>\u00abWir sind alle am Boden zerst\u00f6rt, dass der Eurovision Song Contest nicht im Mai stattfinden kann, sind aber zuversichtlich, dass die gesamte Eurovision-Familie auf der ganzen Welt in dieser schwierigen Zeit mit Liebe und Unterst\u00fctzung f\u00fcr einander da sein wird,\u00bb heisst es am Ende der Erkl\u00e4rung.<\/p>\n","protected":false},"excerpt":{"rendered":"<p>Das gab es in \u00fcber 60 Jahren noch nie: Der ESC f\u00e4llt aus. Schuld ist die Corona-Pandemie.  <a class=\"g1-link g1-link-more\" href=\"https:\/\/alte.mannschaft.lgbt\/bimber\/der-esc-2020-ist-gestrichen\/\">Weiterlesen<\/a><\/p>\n","protected":false},"author":3,"featured_media":62348,"comment_status":"closed","ping_status":"closed","sticky":false,"template":"","format":"standard","meta":[],"categories":[346],"tags":[103,5467],"wps_subtitle":"Eine traurige Premiere in der 64-j\u00e4hrigen Geschichte des Contest","_links":{"self":[{"href":"https:\/\/alte.mannschaft.lgbt\/bimber\/wp-json\/wp\/v2\/posts\/74496"}],"collection":[{"href":"https:\/\/alte.mannschaft.lgbt\/bimber\/wp-json\/wp\/v2\/posts"}],"about":[{"href":"https:\/\/alte.mannschaft.lgbt\/bimber\/wp-json\/wp\/v2\/types\/post"}],"author":[{"embeddable":true,"href":"https:\/\/alte.mannschaft.lgbt\/bimber\/wp-json\/wp\/v2\/users\/3"}],"replies":[{"embeddable":true,"href":"https:\/\/alte.mannschaft.lgbt\/bimber\/wp-json\/wp\/v2\/comments?post=74496"}],"version-history":[{"count":1,"href":"https:\/\/alte.mannschaft.lgbt\/bimber\/wp-json\/wp\/v2\/posts\/74496\/revisions"}],"predecessor-version":[{"id":206421,"href":"https:\/\/alte.mannschaft.lgbt\/bimber\/wp-json\/wp\/v2\/posts\/74496\/revisions\/206421"}],"wp:featuredmedia":[{"embeddable":true,"href":"https:\/\/alte.mannschaft.lgbt\/bimber\/wp-json\/wp\/v2\/media\/62348"}],"wp:attachment":[{"href":"https:\/\/alte.mannschaft.lgbt\/bimber\/wp-json\/wp\/v2\/media?parent=74496"}],"wp:term":[{"taxonomy":"category","embeddable":true,"href":"https:\/\/alte.mannschaft.lgbt\/bimber\/wp-json\/wp\/v2\/categories?post=74496"},{"taxonomy":"post_tag","embeddable":true,"href":"https:\/\/alte.mannschaft.lgbt\/bimber\/wp-json\/wp\/v2\/tags?post=74496"}],"curies":[{"name":"wp","href":"https:\/\/api.w.org\/{rel}","templated":true}]}}