{"id":73995,"date":"2020-03-12T11:02:26","date_gmt":"2020-03-12T10:02:26","guid":{"rendered":"https:\/\/mannschaft.com\/?p=73995"},"modified":"2020-08-12T14:49:59","modified_gmt":"2020-08-12T12:49:59","slug":"schwul-und-vater-auf-der-suche-nach-dem-besten-konzept","status":"publish","type":"post","link":"https:\/\/alte.mannschaft.lgbt\/bimber\/schwul-und-vater-auf-der-suche-nach-dem-besten-konzept\/","title":{"rendered":"Papi oder Onkel? Auf der Suche nach einem erf\u00fcllten Leben"},"content":{"rendered":"<h3>Was bedeutet es, schwul und Vater zu sein? Wie funktioniert das in der Praxis? Und ist ein erf\u00fclltes Leben vielleicht auch ohne Kinder m\u00f6glich?<span class=\"Apple-converted-space\">\u00a0<\/span><\/h3>\n<p>Ich bin zum Geburtstag einer guten Freundin eingeladen, mit der ich fr\u00fcher regelm\u00e4ssig feiern war. Damals liess sie keine Party aus, war jedes Wochenende unterwegs. Heute ist das anders. Sie ist Mutter. Als ich zur T\u00fcr eintrete, kommt mir ihr Freund mit der gemeinsamen Tochter entgegen. Die Kleine l\u00e4chelt mich an. Sanft streichle ich \u00fcber ihren Kopf und ziehe weiter ins Wohnzimmer. Dort haben es sich bereits andere Freunde mit ihrem Nachwuchs gem\u00fctlich gemacht.<\/p>\n<p>Eine halbe Stunde sp\u00e4ter platzt die Wohnung aus allen N\u00e4hten. Nur wenige G\u00e4ste sind kinderlos. Gespr\u00e4che \u00fcber die Zubereitung selbstgemachter Breie konkurrieren mit dem Geschrei und Gequietsche unz\u00e4hliger Spr\u00f6sslinge. Pl\u00f6tzlich fragt mich jemand, ob ich je \u00fcber Adoption nachgedacht h\u00e4tte. Immerhin sei ich mit meinem p\u00e4dagogisch-psychologischen Hintergrund doch pr\u00e4destiniert als Vater.<\/p>\n<p>Sehns\u00fcchtig l\u00e4chelnd erkl\u00e4re ich, dass ich das lange wollte, mich nun aber damit begn\u00fcge, in meiner Arbeit Eltern bei deren Erziehungsproblemen zu helfen. Zudem rechtfertige ich meine Entscheidung auch mit dem Argument, die Ressourcen unseres \u00fcberfrachteten Planeten nicht noch st\u00e4rker beanspruchen zu wollen. So hoffe ich, einer Diskussion dar\u00fcber zu entkommen, dass ich in stillen Momenten trotzdem ab und zu das Gef\u00fchl habe, ein wichtigstes Lebenskapitel auslassen zu m\u00fcssen. Das eine, von dem alle schw\u00e4rmen.<span class=\"Apple-converted-space\">\u00a0<\/span><\/p>\n<p><b>Nachwuchs: Ein Lebenselixier?<\/b><br \/>\nKinder zu haben, macht gl\u00fccklich und gesund. Das habe ich in meinem Psychologiegrundstudium gelernt. Trotz Schlafmangels, blank liegender Nerven, hoher Kosten und zahlreicher Konfliktherde ist die reine Tatsache, Eltern zu sein, ein nat\u00fcrlicher Schutzfaktor gegen psychische Erkrankungen. Vor allem, weil sie Generativit\u00e4t bedeutet \u2013 quasi eine Art Weiterleben der eigenen Person \u00fcber den Tod hinaus. Was aber, wenn das Zeugen von Nachwuchs schwerf\u00e4llt?<\/p>\n<blockquote class=\"wp-embedded-content\" data-secret=\"d3ALDxmtOk\"><p><a href=\"https:\/\/mannschaft.com\/2020\/02\/28\/israel-schwule-vaeter-klagen-recht-auf-leihmutterschaft-ein\/\">Schwule V\u00e4ter erk\u00e4mpfen Recht auf Leihmutterschaft in Israel<\/a><\/p><\/blockquote>\n<p><iframe class=\"wp-embedded-content\" sandbox=\"allow-scripts\" security=\"restricted\" style=\"position: absolute; clip: rect(1px, 1px, 1px, 1px);\" title=\"&#8222;Schwule V\u00e4ter erk\u00e4mpfen Recht auf Leihmutterschaft in Israel&#8220; &#8212; Mannschaft Magazin\" src=\"https:\/\/mannschaft.com\/2020\/02\/28\/israel-schwule-vaeter-klagen-recht-auf-leihmutterschaft-ein\/embed\/#?secret=d3ALDxmtOk\" data-secret=\"d3ALDxmtOk\" width=\"600\" height=\"338\" frameborder=\"0\" marginwidth=\"0\" marginheight=\"0\" scrolling=\"no\"><\/iframe><\/p>\n<p>Besonders f\u00fcr schwule M\u00e4nner scheint es oft kompliziert, sich einen Kinderwunsch zu erf\u00fcllen. Sofern dieser \u00fcberhaupt vorhanden ist. Denn nat\u00fcrlich gibt es \u2013 genauso wie bei Heterosexuellen \u2013 auch unter Schwulen jene, deren biologische Uhr nie zu ticken beginnt oder die sich aus anderen Gr\u00fcnden daf\u00fcr entscheiden, sich nicht fortpflanzen wollen. Windige Marketingstrategen haben sich das zunutze gemacht und sehen in dieser Gruppe von Menschen sogar eine besonders wirtschaftsstarke, kaufkr\u00e4ftige Population: \u00abDouble income, no kids\u00bb.<\/p>\n<p>Ist das Verlangen, eine Familie gr\u00fcnden zu wollen, aber erst einmal geweckt, stellt sich irgendwann auch die Frage, wie das Ganze zu bewerkstelligen w\u00e4re. \u00abTats\u00e4chlich gibt es f\u00fcr schwule M\u00e4nner unterschiedliche Wege\u00bb, erkl\u00e4rt Markus Ulrich, Pressesprecher beim <a href=\"https:\/\/www.lsvd.de\/de\">Lesben- und Schwulenverband Deutschland (LSVD)<\/a>.<\/p>\n<p><b>Was es zu bedenken gilt<\/b><br \/>\nEgal ob Vollzeitpflege, Adoption, Co-Parenting oder Leihmutterschaft, alle Optionen bergen neben positiven Aspekten auch Risiken. Mal gesetzlicher, mal ethischer Natur. Der Infokasten bietet einen kurzen \u00dcberblick, was unter den einzelnen Begriffen zu verstehen ist.<\/p>\n<p>Aus meiner Erfahrung als Einzelfallhelfer f\u00fcrs Jugendamt haben besonders Adoptionen und Pflegebeziehungen leider h\u00e4ufig einen bitteren Beigeschmack. Vielerorts mangelt es an Ressourcen, weswegen \u00c4mter grosses Interesse daran haben, Kinder langfristig zu vermitteln. Auch an homosexuelle Paare. Was dabei jedoch oft nicht klar kommuniziert wird, ist der Fakt, dass ein Grossteil der unterzubringenden Kinder massive Traumata mit sich bringt.<\/p>\n<blockquote class=\"wp-embedded-content\" data-secret=\"JFfSk5sKTB\"><p><a href=\"https:\/\/mannschaft.com\/2020\/03\/09\/spende-fuer-das-ignorieren-von-lgbtiq-rechten\/\">Spende f\u00fcr das Ignorieren von LGBTIQ-Rechten<\/a><\/p><\/blockquote>\n<p><iframe class=\"wp-embedded-content\" sandbox=\"allow-scripts\" security=\"restricted\" style=\"position: absolute; clip: rect(1px, 1px, 1px, 1px);\" title=\"&#8222;Spende f\u00fcr das Ignorieren von LGBTIQ-Rechten&#8220; &#8212; Mannschaft Magazin\" src=\"https:\/\/mannschaft.com\/2020\/03\/09\/spende-fuer-das-ignorieren-von-lgbtiq-rechten\/embed\/#?secret=JFfSk5sKTB\" data-secret=\"JFfSk5sKTB\" width=\"600\" height=\"338\" frameborder=\"0\" marginwidth=\"0\" marginheight=\"0\" scrolling=\"no\"><\/iframe><\/p>\n<p>Grundlos werden sie nur in den seltensten F\u00e4llen aus ihren Herkunftsfamilien entnommen beziehungsweise bleiben sie als Waisen zur\u00fcck. Vernachl\u00e4ssigung, Missbrauch, Sch\u00e4digungen durch den vorgeburtlichen Kontakt mit Alkohol oder anderen Drogen sind nicht selten. Ohne das entsprechende Know-how im Umgang mit verschiedenen Beeintr\u00e4chtigungen f\u00fchrt die Betreuung betroffener Kinder schnell zu Frustration und \u00dcberforderung. Es folgen Odysseen, bei denen eigentlich Schutzbefohlene von einer Familie oder Einrichtung zur n\u00e4chsten geschickt werden. Sich um ein Kind k\u00fcmmern und ihm eine bessere Zukunft schenken zu wollen, stellt eine wichtige Basis dar, ist aber keine Garantie, dies auch gew\u00e4hrleisten zu k\u00f6nnen. Dessen sollte man sich zu jederzeit bewusst sein und auch aktiv Hilfe beim Jugendamt \u2013 in der Schweiz die KESB\u202f\u2013 einfordern.<\/p>\n<p><b>Gut informiert<\/b><br \/>\n\u00abWir empfehlen, sich vor der Familiengr\u00fcndung genau zu informieren und beraten zu lassen. Mit der Zeit k\u00f6nnen sich W\u00fcnsche und Bed\u00fcrfnisse beteiligter Personen ver\u00e4ndern. Bei Regenbogenfamilien fallen die leibliche, rechtliche und soziale Elternschaft zudem nicht zwangsl\u00e4ufig zusammen\u00bb, gibt Ulrich zu bedenken. Generell tue sich der Gesetzgeber noch immer schwer damit, alternative Familienmodelle den klassischen Formen gleichzustellen. Der LSVD setzt sich daf\u00fcr ein, dies grundlegend zu \u00e4ndern und betreibt dar\u00fcber hinaus Aufkl\u00e4rungs- und Antidiskriminierungsarbeit in der Gesellschaft. Leider h\u00e4lt sich das Vorurteil, nichtheterosexuelle\u00a0Menschen seien ungeeignet, Kinder aufzuziehen, n\u00e4mlich hartn\u00e4ckig. Selbst unter Fachleuten und auf politischer Ebene. Ulrich erg\u00e4nzt: \u00abAuch Leihmutterschaften werden kritisch gesehen. In Deutschland, \u00d6sterreich und der Schweiz sind sie verboten. Paare m\u00fcssen daf\u00fcr ins Ausland gehen. Das kostet sehr viel Geld, und bei der Anerkennung der Vaterschaft des nichtleiblichen Vaters kann es im Nachhinein zu Problemen kommen.\u00bb<\/p>\n<p>Zwei, die sich trotz aller H\u00fcrden und Schwierigkeiten f\u00fcr eine Leihmutterschaft entschieden haben, sind Harald und sein Mann Guy aus der N\u00e4he von Stuttgart. \u00abDa wir uns ausmalten, wie kompliziert es sein k\u00f6nnte, sich in Erziehungsfragen abzustimmen, und da wir keine Wochenend\u00ad\u00adeltern sein wollten, entschieden wir uns schlussendlich gegen Co-Parenting mit einem lesbischen Paar.\u00bb<\/p>\n<p><b>Zwei plus eins und eins macht f\u00fcnf<\/b><br \/>\nEs war Guy, der Harald davon \u00fcberzeugte, das Projekt Familie in Angriff zu nehmen. \u00abAls er mich 2008 damit konfrontierte, war das f\u00fcr mich zun\u00e4chst nicht wirklich vorstellbar\u00bb, erinnert sich Harald. \u00abDoch weil ich mir prinzipiell eine Zukunft mit Kindern ausmalen konnte, unterst\u00fctzte ich meinen Mann schlussendlich. Nat\u00fcrlich hatten wir auch Angst vor diesem Schritt und fragten uns, ob wir den Anforderungen gerecht werden k\u00f6nnten.\u00bb<\/p>\n<blockquote class=\"wp-embedded-content\" data-secret=\"1Lv6ey6xNO\"><p><a href=\"https:\/\/mannschaft.com\/2020\/03\/06\/grindr-steht-angeblich-kurz-vor-dem-verkauf\/\">Grindr steht angeblich kurz vor dem Verkauf<\/a><\/p><\/blockquote>\n<p><iframe class=\"wp-embedded-content\" sandbox=\"allow-scripts\" security=\"restricted\" style=\"position: absolute; clip: rect(1px, 1px, 1px, 1px);\" title=\"&#8222;Grindr steht angeblich kurz vor dem Verkauf&#8220; &#8212; Mannschaft Magazin\" src=\"https:\/\/mannschaft.com\/2020\/03\/06\/grindr-steht-angeblich-kurz-vor-dem-verkauf\/embed\/#?secret=1Lv6ey6xNO\" data-secret=\"1Lv6ey6xNO\" width=\"600\" height=\"338\" frameborder=\"0\" marginwidth=\"0\" marginheight=\"0\" scrolling=\"no\"><\/iframe><\/p>\n<p>Mithilfe einer US-amerikanischen Agentur, einer Eizellspenderin namens Stevie und der Leihmutter Francesca verwirklichten die beiden M\u00e4nner ihren Traum vom eigenen Kind. Und zwar insgesamt dreimal. David und die Zwillinge Philipp und Lynn bereichern seitdem den Alltag des Automobilverk\u00e4ufers und des Bankvorstands \u2013 oder Papa und Papi, wie sie von ihren Kleinen genannt werden. \u00abAm meisten sch\u00e4tzen wir, dass unsere drei gl\u00fccklich mit ihren V\u00e4tern sind.\u00bb<\/p>\n<p><b>Familie mal anders<\/b><br \/>\n\u00dcber die Eigenheiten ihres Weges sind sich Guy und Harald im Klaren. \u00abWir suchten uns gezielt ein Land aus, mit dem wir kulturell verbunden sind und in\u00a0dem der gesamte Vorgang professionell und menschenw\u00fcrdig abl\u00e4uft. Beim ersten Mal haben wir dadurch einen mittleren f\u00fcnfstelligen Eurobetrag ausgegeben. Wir sahen das aber nie als Kosten, sondern als Kompensation f\u00fcr Leistungen, die wir in Anspruch genommen haben\u00bb, f\u00fchrt Harald aus. Ihre Kinder w\u00fcssten, woher sie kommen. Regelm\u00e4ssig videotelefonierten sie mit Francesca und Stevie, und auch gegenseitigen Besuche gebe es. \u00abEine Herausforderung war sicher, den Kindern trotz der Aussergew\u00f6hnlichkeit unserer Situation zu vermitteln, dass sie ganz normal sind. Auf Fragen, ob sie gar keine Mutter h\u00e4tten, reagieren sie jetzt ganz cool und erwidern, dass die Francesca heisse und in Amerika lebe.\u00a0Schon ist alles geritzt.\u00bb<\/p>\n<figure id=\"attachment_74009\" aria-describedby=\"caption-attachment-74009\" class=\"wp-caption aligncenter\"><a href=\"https:\/\/mannschaft.com\/bimber\/wp-content\/uploads\/2020\/03\/PapiOnkeel.jpg\"><img data-expand=\"600\" decoding=\"async\" loading=\"lazy\" class=\"lazyload wp-image-74009 size-full\" src=\"data:image\/svg+xml;charset=utf-8,%3Csvg xmlns%3D'http%3A%2F%2Fwww.w3.org%2F2000%2Fsvg' viewBox%3D'0 0 1200 956'%2F%3E\" data-src=\"https:\/\/mannschaft.com\/bimber\/wp-content\/uploads\/2020\/03\/PapiOnkeel.jpg\" alt=\"Kinder Onkel\" width=\"1200\" height=\"956\" data-srcset=\"https:\/\/alte.mannschaft.lgbt\/bimber\/wp-content\/uploads\/2020\/03\/PapiOnkeel.jpg 1200w, https:\/\/alte.mannschaft.lgbt\/bimber\/wp-content\/uploads\/2020\/03\/PapiOnkeel-300x239.jpg 300w, https:\/\/alte.mannschaft.lgbt\/bimber\/wp-content\/uploads\/2020\/03\/PapiOnkeel-425x339.jpg 425w, https:\/\/alte.mannschaft.lgbt\/bimber\/wp-content\/uploads\/2020\/03\/PapiOnkeel-768x612.jpg 768w, https:\/\/alte.mannschaft.lgbt\/bimber\/wp-content\/uploads\/2020\/03\/PapiOnkeel-561x447.jpg 561w, https:\/\/alte.mannschaft.lgbt\/bimber\/wp-content\/uploads\/2020\/03\/PapiOnkeel-1122x894.jpg 1122w, https:\/\/alte.mannschaft.lgbt\/bimber\/wp-content\/uploads\/2020\/03\/PapiOnkeel-364x290.jpg 364w, https:\/\/alte.mannschaft.lgbt\/bimber\/wp-content\/uploads\/2020\/03\/PapiOnkeel-758x604.jpg 758w, https:\/\/alte.mannschaft.lgbt\/bimber\/wp-content\/uploads\/2020\/03\/PapiOnkeel-608x484.jpg 608w, https:\/\/alte.mannschaft.lgbt\/bimber\/wp-content\/uploads\/2020\/03\/PapiOnkeel-1152x918.jpg 1152w, https:\/\/alte.mannschaft.lgbt\/bimber\/wp-content\/uploads\/2020\/03\/PapiOnkeel-60x48.jpg 60w, https:\/\/alte.mannschaft.lgbt\/bimber\/wp-content\/uploads\/2020\/03\/PapiOnkeel-121x96.jpg 121w, https:\/\/alte.mannschaft.lgbt\/bimber\/wp-content\/uploads\/2020\/03\/PapiOnkeel-400x319.jpg 400w\" data-sizes=\"(max-width: 1200px) 100vw, 1200px\" \/><\/a><figcaption id=\"caption-attachment-74009\" class=\"wp-caption-text\">Bereits mit vier Jahren verbrachte Sophie mehrere Tage alleine bei Onkel Tobias in Berlin. (Bild:zvg)<\/figcaption><\/figure>\n<p><b>Das Ph\u00e4nomen Guncle<\/b><br \/>\nM\u00e4nner mit Kindern, egal ob es sich um die eigenen oder fremde handelt, liegen in den sozialen Medien im Trend. Dort sind t\u00e4glich neue Fotos zu finden, die einen ganz bestimmten Hype f\u00fcttern \u2013 den des Guncles (englisch f\u00fcr die Wortkombination aus schwul \u00abgay\u00bb und Onkel \u00abuncle\u00bb). Wo man auch hinschaut: \u00fcberall Kerle, die mit dem Nachwuchs ihrer Geschwister oder dem von Freunden posieren. Aus ganz unterschiedlichen Motiven heraus. Doch selbst wenn der Eindruck, den man bei Facebook, Instagram und Co. erh\u00e4lt, etwas inszeniert wirken mag, verbirgt sich dahinter ein sehr menschliches Bed\u00fcrfnis. N\u00e4mlich, kommenden Generationen etwas mitgeben zu wollen, beziehungsweise zu zeigen, dass man dazu in der Lage ist.<\/p>\n<blockquote class=\"wp-embedded-content\" data-secret=\"67gcPrBCCb\"><p><a href=\"https:\/\/mannschaft.com\/2020\/02\/24\/73013-imotski\/\">Kroatien: Karnevalisten verbrennen Regenbogenfamilie aus Pappe<\/a><\/p><\/blockquote>\n<p><iframe class=\"wp-embedded-content\" sandbox=\"allow-scripts\" security=\"restricted\" style=\"position: absolute; clip: rect(1px, 1px, 1px, 1px);\" title=\"&#8222;Kroatien: Karnevalisten verbrennen Regenbogenfamilie aus Pappe&#8220; &#8212; Mannschaft Magazin\" src=\"https:\/\/mannschaft.com\/2020\/02\/24\/73013-imotski\/embed\/#?secret=67gcPrBCCb\" data-secret=\"67gcPrBCCb\" width=\"600\" height=\"338\" frameborder=\"0\" marginwidth=\"0\" marginheight=\"0\" scrolling=\"no\"><\/iframe><\/p>\n<p>Am Ende ist es schliesslich nicht nur unser genetisches Material, das wir vererben. Es sind auch unsere Einstellungen, unsere Werte, unsere Geschichten und Erfahrungen. Und um die weiterzugeben, braucht es keine Verwandtschaft.<br \/>\n<strong><br \/>\nFreude am Onkelsein<\/strong><br \/>\n\u00abMit meiner Art zu leben und meinen Interessen stelle ich sicher vieles, was meine Nichte Sophie von anderen Menschen gewohnt ist, auf den Kopf. Bestenfalls trage ich so dazu bei, dass sie ein differenzierteres Bild unserer Gesellschaft erh\u00e4lt\u00bb, sagt Tobias aus Berlin. Als er sich im Alter von 17 Jahren auf dem bayrischen Land outete, verabschiedete er sich gleichzeitig auch von der Idee, selbst irgendwann Vater zu werden. \u00abIch habe mich mit den Gegebenheiten arrangiert und sp\u00e4ter nicht mehr an ihnen ger\u00fcttelt. Das zu \u00e4ndern, w\u00fcrde nur Sinn machen, wenn ich einen Partner h\u00e4tte, dem Kinder wichtig w\u00e4ren. F\u00fcr mich allein stellt sich die Frage nicht.\u00bb Stattdessen investiert Tobias sein f\u00fcrsorgliches Potenzial in die Betreuung seiner Nichte, die er im Schnitt alle zwei Monate sieht. Der 36-J\u00e4hrige ist ein wunderbares Beispiel daf\u00fcr, dass man auch ohne eigene Kinder eine Bereicherung f\u00fcr Heranwachsende darstellen kann. Egal, ob als Onkel, Trainer, Lehrer oder Nachbar.<\/p>\n<p><strong>Verantwortung \u00fcbernehmen<\/strong><br \/>\n\u00abMich r\u00fchren das Vertrauen meiner Schwester und das Wissen, dass ich trotz der r\u00e4umlichen Entfernung in Sophies Leben pr\u00e4sent bin. Schon mit vier Jahren war sie f\u00fcr ein paar Tage allein bei mir in Berlin. Ich kenne Kinder, die haben in diesem Alter noch nicht einmal eine Nacht bei ihren Grosseltern verbracht.\u00bb Ihre Empathie, ihre Neugier und dass sie einen eigenen Willen hat, sind Eigenschaften, die Tobias besonders an seiner Nichte liebt. Und so kann er genauso wie Harald und Guy bejahen, dass Kinder das Leben sch\u00f6ner machen k\u00f6nnen. Was nicht bedeutet, dass ein Leben ohne sie wertlos ist.<\/p>\n<blockquote class=\"wp-embedded-content\" data-secret=\"QLJQLhwV39\"><p><a href=\"https:\/\/mannschaft.com\/2019\/01\/04\/neue-ministerin-in-brasilien-ziehen-sich-jungs-blau-an-maedchen-rosa\/\">Familienministerin: \u00abIn Brasilien ziehen sich Jungs blau an, M\u00e4dchen rosa\u00bb<\/a><\/p><\/blockquote>\n<p><iframe class=\"wp-embedded-content\" sandbox=\"allow-scripts\" security=\"restricted\" style=\"position: absolute; clip: rect(1px, 1px, 1px, 1px);\" title=\"&#8222;Familienministerin: \u00abIn Brasilien ziehen sich Jungs blau an, M\u00e4dchen rosa\u00bb&#8220; &#8212; Mannschaft Magazin\" src=\"https:\/\/mannschaft.com\/2019\/01\/04\/neue-ministerin-in-brasilien-ziehen-sich-jungs-blau-an-maedchen-rosa\/embed\/#?secret=QLJQLhwV39\" data-secret=\"QLJQLhwV39\" width=\"600\" height=\"338\" frameborder=\"0\" marginwidth=\"0\" marginheight=\"0\" scrolling=\"no\"><\/iframe><\/p>\n<p>Zu dieser Erkenntnis gelange auch ich selbst immer wieder. Wenn ich meine Freund*innen mit ihren Kindern sehe, r\u00fchrt mich das aus mehreren Gr\u00fcnden. Zum einen, weil ich die Freude in ihren Augen sehe. Zum anderen aber auch, weil ich weiss, dass sie dieses Gef\u00fchl mit mir teilen wollen. So muss ich immer wieder als menschliche Kletterburg oder Faxen machender Stellvertreteronkel herhalten. Was ich gern tue. Genauso, wie ich es geniesse, in meiner Arbeit den Entwicklungsprozess meiner Klient*innen zu begleiten und zu sehen, wie sie ihr Potenzial entfalten. Auch schliesse ich nicht aus, mich irgendwann doch noch daf\u00fcr zu entscheiden, mit dem richtigen Partner an meiner Seite eine eigene Familie zu gr\u00fcnden.<\/p>\n<p>Wir schwulen M\u00e4nner sind es gewohnt, uns gegen Klischees durchsetzen zu m\u00fcssen. Da wir uns in einer heteronormativen Gesellschaft behaupten m\u00fcssen, sind wir es aber auch gewohnt, eine besonders grosse Verantwortung zu \u00fcbernehmen. Verantwortung f\u00fcr uns selbst, unser Leben, f\u00fcr unser Gl\u00fcck und unsere Entscheidungen. Das macht uns potenziell zu guten V\u00e4tern, zu guten Onkeln und zu guten kinderlosen Menschen.<\/p>\n<h4>Familien-Abc<\/h4>\n<p><b>Vollzeitpflege<\/b><br \/>\nEine Form der Erziehungshilfe, bei der ein Kind dauerhaft in einer Pflegefamilie oder Einrichtung untergebracht wird. Potenzielle Pflegeeltern ben\u00f6tigen eine Pflegeerlaubnis und werden f\u00fcr die Pflege und den entstehenden Aufwand finanziell vom Staat entsch\u00e4digt. Die R\u00fcckf\u00fchrung des Kindes in sein Herkunftssystem ist allgegenw\u00e4rtiges Ziel, gestaltet sich in der Umsetzung aber oft schwierig.<\/p>\n<p><b>Adoption:<\/b><br \/>\nUnabh\u00e4ngig davon, ob ein biologisches Verwandtschaftsverh\u00e4ltnis besteht oder nicht, nimmt sich eine Einzelperson oder ein Paar dauerhaft eines Kindes an. Gesetzlich erh\u00e4lt das Kind somit eine neue Familie, was eine Namens\u00e4nderung nach sich ziehen kann. Seit \u00d6ffnung der Ehe haben M\u00e4nnerpaare in Deutschland gemeinsames Adoptionsrecht. In der Schweiz ist dies nur f\u00fcr das leibliche Kind des Partners oder der Partnerin m\u00f6glich (Stiefkindadoption).<\/p>\n<p><b>Co-Parenting:<\/b><br \/>\nMehrere Erwachsene beschliessen, ein Kind zu zeugen und je nach Absprache auch gemeinsam grosszuziehen. Man denke beispielsweise an ein lesbisches Paar und einen schwulen Mann. Unterschiedlichste Konstellationen sind denkbar. Die leiblichen Eltern erhalten dabei vorerst das Sorgerecht.<\/p>\n<p><b>Leihmutterschaft:<\/b><br \/>\nF\u00fcr die Dauer der Schwangerschaft stellt eine Frau ihren K\u00f6rper f\u00fcr eine oder mehrere fremde befruchtete Eizellen zur Verf\u00fcgung. Sie tr\u00e4gt demnach ein Kind aus, mit dem sie biologisch nicht verwandt ist, und gibt dieses nach der Geburt ab. In vielen L\u00e4ndern Europas ist dieses Vorgehen verboten.<\/p>\n","protected":false},"excerpt":{"rendered":"<p>Was bedeutet es, als schwuler Mann Vater zu sein? Wie funktioniert das in der Praxis? Und ist ein erf\u00fclltes Leben vielleicht auch ohne Kinder m\u00f6glich?\u00a0 <a class=\"g1-link g1-link-more\" href=\"https:\/\/alte.mannschaft.lgbt\/bimber\/schwul-und-vater-auf-der-suche-nach-dem-besten-konzept\/\">Weiterlesen<\/a><\/p>\n","protected":false},"author":11,"featured_media":74008,"comment_status":"closed","ping_status":"closed","sticky":false,"template":"","format":"standard","meta":[],"categories":[10,4371],"tags":[5480,5509],"wps_subtitle":"M\u00e4nner mit Kindern, egal ob es sich um die eigenen oder fremde handelt, liegen in den sozialen Medien im Trend","_links":{"self":[{"href":"https:\/\/alte.mannschaft.lgbt\/bimber\/wp-json\/wp\/v2\/posts\/73995"}],"collection":[{"href":"https:\/\/alte.mannschaft.lgbt\/bimber\/wp-json\/wp\/v2\/posts"}],"about":[{"href":"https:\/\/alte.mannschaft.lgbt\/bimber\/wp-json\/wp\/v2\/types\/post"}],"author":[{"embeddable":true,"href":"https:\/\/alte.mannschaft.lgbt\/bimber\/wp-json\/wp\/v2\/users\/11"}],"replies":[{"embeddable":true,"href":"https:\/\/alte.mannschaft.lgbt\/bimber\/wp-json\/wp\/v2\/comments?post=73995"}],"version-history":[{"count":0,"href":"https:\/\/alte.mannschaft.lgbt\/bimber\/wp-json\/wp\/v2\/posts\/73995\/revisions"}],"wp:featuredmedia":[{"embeddable":true,"href":"https:\/\/alte.mannschaft.lgbt\/bimber\/wp-json\/wp\/v2\/media\/74008"}],"wp:attachment":[{"href":"https:\/\/alte.mannschaft.lgbt\/bimber\/wp-json\/wp\/v2\/media?parent=73995"}],"wp:term":[{"taxonomy":"category","embeddable":true,"href":"https:\/\/alte.mannschaft.lgbt\/bimber\/wp-json\/wp\/v2\/categories?post=73995"},{"taxonomy":"post_tag","embeddable":true,"href":"https:\/\/alte.mannschaft.lgbt\/bimber\/wp-json\/wp\/v2\/tags?post=73995"}],"curies":[{"name":"wp","href":"https:\/\/api.w.org\/{rel}","templated":true}]}}