{"id":71685,"date":"2020-02-03T08:00:52","date_gmt":"2020-02-03T07:00:52","guid":{"rendered":"https:\/\/mannschaft.com\/?p=71685"},"modified":"2020-02-03T08:27:54","modified_gmt":"2020-02-03T07:27:54","slug":"karneval-queer-seit-20-jahren","status":"publish","type":"post","link":"https:\/\/alte.mannschaft.lgbt\/bimber\/karneval-queer-seit-20-jahren\/","title":{"rendered":"So queer ist Karneval &#8211; erstes schwules Prinzenpaar wird 20"},"content":{"rendered":"<h3>Auch wenn Deutschland sein erstes schwules Prinzenpaar schon vor 20 Jahren gefeiert hat und den Karneval queer machte &#8211; homosexuelle Paare setzen sich erst jetzt so langsam durch.<\/h3>\n<p>Bis Rosenmontag sind es noch drei Wochen. Aber schon jetzt haben Axel Ladleif und Thorsten Neumann aus M\u00f6nchengladbach gut zu tun &#8211; sie sind das erste schwule Prinzenpaar im Rheinland. Erst am Wochenende feierten sie im D\u00fcsseldorfer Stahlwerk.<\/p>\n<p><iframe loading=\"lazy\" style=\"border: none; overflow: hidden;\" src=\"https:\/\/www.facebook.com\/plugins\/video.php?href=https%3A%2F%2Fwww.facebook.com%2Fmichael.nerich%2Fvideos%2F2909424872411673%2F&amp;show_text=0&amp;width=560\" width=\"560\" height=\"315\" frameborder=\"0\" scrolling=\"no\" allowfullscreen=\"allowfullscreen\"><\/iframe><\/p>\n<p>Das erste gleichgeschlechtliche Prinzenpaar im Rheinland wurde im November offiziell proklamiert. Der CDU-Oberb\u00fcrgermeister Hans Wilhelm Reiners setzte den beiden M\u00e4nnern feierlich die Prinzen-Kappe auf. Viele wollten das sehen: F\u00fcr die Proklamation wurde die doppelte Menge an Karten verkauft wie in den Vorjahren.<\/p>\n<p>\u00abSicher gibt es einige, die lieber eine Prinzessin gehabt h\u00e4tten, aber offene B\u00f6swilligkeiten oder gar Anfeindungen hat es nicht gegeben\u00bb, so das Paar damals in einem <em>RTL<\/em>-Interview. Es habe auch noch nie ein Prinzenpaar geschafft, es allen recht zu machen, erkl\u00e4rten die beiden.<\/p>\n<blockquote class=\"wp-embedded-content\" data-secret=\"W3agkeA1b9\"><p><a href=\"https:\/\/mannschaft.com\/2020\/02\/01\/dont-masturbate-das-neue-nicht-autorisierte-michael-jackson-musical\/\">\u00abDon\u2019t Masturbate\u00bb: Michael-Jackson-Biografie als Musical<\/a><\/p><\/blockquote>\n<p><iframe title=\"&#8222;\u00abDon\u2019t Masturbate\u00bb: Michael-Jackson-Biografie als Musical&#8220; &#8212; Mannschaft Magazin\" class=\"wp-embedded-content\" sandbox=\"allow-scripts\" security=\"restricted\" style=\"position: absolute; clip: rect(1px, 1px, 1px, 1px);\" src=\"https:\/\/mannschaft.com\/2020\/02\/01\/dont-masturbate-das-neue-nicht-autorisierte-michael-jackson-musical\/embed\/#?secret=W3agkeA1b9\" data-secret=\"W3agkeA1b9\" width=\"600\" height=\"338\" frameborder=\"0\" marginwidth=\"0\" marginheight=\"0\" scrolling=\"no\"><\/iframe><\/p>\n<p>Auch Langenfeld im Rheinland hat in der aktuellen Session zwei M\u00e4nner als Prinzenpaar zu bieten: Sebastian Zacher und Tino Kropp. Der Langenfelder Karneval lebe damit ein St\u00fcck gesellschaftliche Normalit\u00e4t, verk\u00fcndete der Langenfelder Karnevalspr\u00e4sident Hans-Werner Jansen bei der Vorstellung des Paares: \u00abAus Toleranz wird Akzeptanz.\u00bb<\/p>\n<p><strong>Bayern machte schon 2005 den Karneval queer<\/strong><br \/>\nBayern hatte schon in der Session 2005\/2006 sein erstes schwules Prinzenpaar: J\u00fcrgen Bergmann, der als Drag Queen \u00abPrinzessin Jaqueline der Erste\u00bb auftrat, und Paris Critikopoulos als Prinz Paris wurden im schw\u00e4bischen K\u00f6nigsbrunn bei Augsburg vom Carnevals Club \u00abFantasia\u00bb inthronisiert.<\/p>\n<p>Im Saarland musste ein lesbisches Paar erst k\u00fcrzlich um Anerkennung k\u00e4mpfen. Heike II. und Ute I. waren von der K\u00fcr zum saarl\u00e4ndischen Prinzenpaar des Jahres ausgeschlossen worden. Der Verband Saarl\u00e4ndischer Karnevalsvereine befand\u00a0 \u00abdass die traditionellen Repr\u00e4sentanten des saarl\u00e4ndischen Brauchtums ein Prinzenpaar, bestehend aus Prinz und Prinzessin darstellen\u00bb.<\/p>\n<blockquote><p>Diese Ausgrenzung ist f\u00fcr uns einfach nicht zu dulden.<\/p><\/blockquote>\n<p>Die Karnevalsgesellschaft Die Rebl\u00e4use e.V. in Kleinblittersdorf hatte den Verband daraufhin kritisiert: \u00abDer Verband Saarl\u00e4ndischer Karnevalsvereine e. V. nennt es Tradition und Brauchtumspflege, wir nennen es schlichtweg Homophobie und diese Ausgrenzung ist f\u00fcr uns einfach nicht zu dulden.\u00bb<\/p>\n<p>Nach der Kritik lenkte der saarl\u00e4ndische Karnevals-Dachverband ein \u2013 die beiden Frauen wollten allerdings nicht mehr antreten.<\/p>\n<p><iframe loading=\"lazy\" style=\"border: none; overflow: hidden;\" src=\"https:\/\/www.facebook.com\/plugins\/post.php?href=https%3A%2F%2Fwww.facebook.com%2FKGReblaus%2Fposts%2F2798199166908943&amp;width=500\" width=\"500\" height=\"676\" frameborder=\"0\" scrolling=\"no\"><\/iframe><\/p>\n<p>Das erste schwule Prinzenpaar gab es \u00fcbrigens vor 20 Jahren &#8211; in der Lutherstadt Wittenberge: Michael I. und Thomas I. Die beiden M\u00e4nner, von Beruf Grafikdesigner, bekamen damals von der Ersten Wittenberger Karnevalsgesellschaft den Auftrag zur Vermarktung des Karnevals. In Ermangelung anderer prinzlicher Bewerber bewarb sich das Paar selbst &#8211; und wurde einstimmig gew\u00e4hlt.<\/p>\n<blockquote class=\"wp-embedded-content\" data-secret=\"CyvWC3duxm\"><p><a href=\"https:\/\/mannschaft.com\/2020\/01\/31\/podcast-schwul-wir-wollen-alles-ueber-gonokokken-syphilis-und-co-wissen\/\">\u00abWir wollen alles \u00fcber Gonokokken, Syphilis und Co wissen\u00bb<\/a><\/p><\/blockquote>\n<p><iframe title=\"&#8222;\u00abWir wollen alles \u00fcber Gonokokken, Syphilis und Co wissen\u00bb&#8220; &#8212; Mannschaft Magazin\" class=\"wp-embedded-content\" sandbox=\"allow-scripts\" security=\"restricted\" style=\"position: absolute; clip: rect(1px, 1px, 1px, 1px);\" src=\"https:\/\/mannschaft.com\/2020\/01\/31\/podcast-schwul-wir-wollen-alles-ueber-gonokokken-syphilis-und-co-wissen\/embed\/#?secret=CyvWC3duxm\" data-secret=\"CyvWC3duxm\" width=\"600\" height=\"338\" frameborder=\"0\" marginwidth=\"0\" marginheight=\"0\" scrolling=\"no\"><\/iframe><\/p>\n<p>Dennoch: Noch immer werden auf Kosten von LGBTIQ Witze gemacht, auch im Karneval.\u00a0Annegret Kramp Karrenbauer griff mit ihren Witzen \u00fcber trans und inter Menschen beim letztj\u00e4hrigen Stockacher Narrengericht im Rahmen der schw\u00e4bisch-alemannischen Fastnacht daneben und wurde vielfach kritisiert <a href=\"https:\/\/mannschaft.com\/2019\/03\/03\/stockacher-narrengericht-kritik-an-cdu-chefin-nach-witzen-ueber-trans-und-inter-menschen\/\" target=\"_blank\" rel=\"noopener noreferrer\">(MANNSCHAFT berichtete)<\/a>. In diesem Jahr will die CDU-Chefin nicht im Karneval auftreten.<\/p>\n","protected":false},"excerpt":{"rendered":"<p>Auch wenn Deutschland sein erstes schwules Prinzenpaar schon vor 20 Jahren gefeiert hat &#8211; homosexuelle Paare setzen sich erst jetzt so langsam durch. <a class=\"g1-link g1-link-more\" href=\"https:\/\/alte.mannschaft.lgbt\/bimber\/karneval-queer-seit-20-jahren\/\">Weiterlesen<\/a><\/p>\n","protected":false},"author":3,"featured_media":71690,"comment_status":"closed","ping_status":"closed","sticky":false,"template":"","format":"standard","meta":[],"categories":[3],"tags":[5452,5461],"wps_subtitle":"Prinz Axel der Erste und sein Prinz Niersius Thorsten sind das erste schwule Prinzenpaar im Rheinland - die Deutschland-Premiere liegt schon l\u00e4nger zur\u00fcck","_links":{"self":[{"href":"https:\/\/alte.mannschaft.lgbt\/bimber\/wp-json\/wp\/v2\/posts\/71685"}],"collection":[{"href":"https:\/\/alte.mannschaft.lgbt\/bimber\/wp-json\/wp\/v2\/posts"}],"about":[{"href":"https:\/\/alte.mannschaft.lgbt\/bimber\/wp-json\/wp\/v2\/types\/post"}],"author":[{"embeddable":true,"href":"https:\/\/alte.mannschaft.lgbt\/bimber\/wp-json\/wp\/v2\/users\/3"}],"replies":[{"embeddable":true,"href":"https:\/\/alte.mannschaft.lgbt\/bimber\/wp-json\/wp\/v2\/comments?post=71685"}],"version-history":[{"count":0,"href":"https:\/\/alte.mannschaft.lgbt\/bimber\/wp-json\/wp\/v2\/posts\/71685\/revisions"}],"wp:featuredmedia":[{"embeddable":true,"href":"https:\/\/alte.mannschaft.lgbt\/bimber\/wp-json\/wp\/v2\/media\/71690"}],"wp:attachment":[{"href":"https:\/\/alte.mannschaft.lgbt\/bimber\/wp-json\/wp\/v2\/media?parent=71685"}],"wp:term":[{"taxonomy":"category","embeddable":true,"href":"https:\/\/alte.mannschaft.lgbt\/bimber\/wp-json\/wp\/v2\/categories?post=71685"},{"taxonomy":"post_tag","embeddable":true,"href":"https:\/\/alte.mannschaft.lgbt\/bimber\/wp-json\/wp\/v2\/tags?post=71685"}],"curies":[{"name":"wp","href":"https:\/\/api.w.org\/{rel}","templated":true}]}}