{"id":71439,"date":"2020-01-29T17:57:49","date_gmt":"2020-01-29T16:57:49","guid":{"rendered":"https:\/\/mannschaft.com\/?p=71439"},"modified":"2020-02-02T12:12:44","modified_gmt":"2020-02-02T11:12:44","slug":"keine-laederach-schoggi-mehr-auf-swiss-fluegen","status":"publish","type":"post","link":"https:\/\/alte.mannschaft.lgbt\/bimber\/keine-laederach-schoggi-mehr-auf-swiss-fluegen\/","title":{"rendered":"Keine L\u00e4derach-Schoggi mehr auf Swiss-Fl\u00fcgen"},"content":{"rendered":"<h3>Nach Kritik und Boykott-Aufrufen arbeitet die Swiss nicht mehr mit dem Schokoladenhersteller L\u00e4derach zusammen.<\/h3>\n<p>Das rechtskonservative Engagement der Unternehmersfamilie L\u00e4derach scheint der Swiss zu heikel geworden zu sein. Wie der <a href=\"https:\/\/www.beobachter.ch\/wirtschaft\/reaktion-auf-negativschlagzeilen-swiss-beendet-zusammenarbeit-mit-laderach\" target=\"_blank\" rel=\"noopener noreferrer\"><em>Beobachter<\/em> <\/a>berichtet, hat die Airline ihre zehnj\u00e4hrige Zusammenarbeit mit dem Schweizer Schokoladenhersteller beendet. Dies best\u00e4tigt Patrick Onken, Marketingchef bei L\u00e4derach, gegen\u00fcber der Zeitschrift. Die Swiss habe Bedenken wegen der negativen Berichterstattung \u00fcber L\u00e4derach gehabt.<\/p>\n<p>Die K\u00fcndigung der Zusammenarbeit erfolgte im November 2019. Die Swiss hatte immer wieder kleine Pralin\u00e9-Schachteln \u00abals Zeichen der Aufmerksamkeit\u00bb an einzelne Passagier*innen abgegeben. Das Produkt bleibe noch bis April im Bordsortiment, wie die Swiss gegen\u00fcber dem <em>Beobachter<\/em> best\u00e4tigt.<\/p>\n<p>Die Familie L\u00e4derach ist in christlichen Kreisen aktiv, unter anderem in der Organisation des \u00abMarsch f\u00fcrs L\u00e4be\u00bb, ein j\u00e4hrlich stattfindender Demonstrationsmarsch f\u00fcr die Einf\u00fchrung eines generellen Abtreibungsverbots sowie eines Verbots der aktiven Sterbehilfe <a href=\"https:\/\/www.beobachter.ch\/wirtschaft\/reaktion-auf-negativschlagzeilen-swiss-beendet-zusammenarbeit-mit-laderach?utm_source=facebook&amp;utm_medium=social&amp;utm_campaign=article_engagement\">(MANNSCHAFT berichtete)<\/a>.<\/p>\n<blockquote class=\"wp-embedded-content\" data-secret=\"PvzRLt72vQ\"><p><a href=\"https:\/\/mannschaft.com\/2019\/05\/30\/die-swiss-feiert-pride-auf-ihren-langstreckenfluegen\/\">Die Swiss feiert Pride auf ihren Langstreckenfl\u00fcgen<\/a><\/p><\/blockquote>\n<p><iframe title=\"&#8222;Die Swiss feiert Pride auf ihren Langstreckenfl\u00fcgen&#8220; &#8212; Mannschaft Magazin\" class=\"wp-embedded-content\" sandbox=\"allow-scripts\" security=\"restricted\" style=\"position: absolute; clip: rect(1px, 1px, 1px, 1px);\" src=\"https:\/\/mannschaft.com\/2019\/05\/30\/die-swiss-feiert-pride-auf-ihren-langstreckenfluegen\/embed\/#?secret=PvzRLt72vQ\" data-secret=\"PvzRLt72vQ\" width=\"600\" height=\"338\" frameborder=\"0\" marginwidth=\"0\" marginheight=\"0\" scrolling=\"no\"><\/iframe><\/p>\n<p>J\u00fcrg L\u00e4derach, ehemaliger CEO von L\u00e4derach, ist auch Pr\u00e4sident von Christianity For Today CFT. Zur \u00abVision\u00bb des Vereins geh\u00f6ren unter anderem die traditionelle Ehe zwischen Mann und Frau, eine von \u00abchristlichen Werten gepr\u00e4gten\u00bb Schulbildung und eine \u00abchristliche Leitkultur in Politik und Gesellschaft\u00bb sowie ein Verbot der Abtreibung. Zudem engagiert sich der Verein gegen die Erweiterung der Anti-Rassismusstrafnorm f\u00fcr Schwule, Lesben und Bisexuell, die am 9. Februar vors Schweizer Stimmvolk kommt <a href=\"https:\/\/mannschaft.com\/2020\/01\/15\/demo-und-zweites-kiss-in-fuer-den-schutz-vor-hass\/\">(MANNSCHAFT berichtete)<\/a>.<\/p>\n<p>Gegen\u00fcber MANNSCHAFT beteuerte die Pressesprecherin von L\u00e4derach, dass das Unternehmen auf keine finanzielle Weise mit dem Verein \u00abMarsch f\u00fcrs L\u00e4be\u00bb verbunden sei. \u00abDas Engagement der Familie L\u00e4derach ist privater Natur und geschieht unabh\u00e4ngig von ihren Funktionen im Unternehmen.\u00bb Offen schwule und lesbische Angestellte seien bei der Firma willkommen und eine Nicht-Diskriminierung am Arbeitsplatz sei \u00abintegraler Teil der christlichen Ethik\u00bb.<\/p>\n<p>Das Engagement der Familie L\u00e4derach f\u00fchrte im August 2019 vermehrt zu Boykott-Aufrufen. \u00abViele wissen nicht, was dahintersteckt\u00bb, sagte Michael De Silva <a href=\"https:\/\/mannschaft.com\/2019\/09\/18\/alleine-gegen-den-schoggi-giganten-laederach\/\">gegen\u00fcber MANNSCHAFT<\/a>, der im September 2019 vor einer Filiale in Z\u00fcrich demonstrierte.<\/p>\n<blockquote class=\"wp-embedded-content\" data-secret=\"cMvr0a0R50\"><p><a href=\"https:\/\/mannschaft.com\/2020\/01\/07\/lgbtiq-news-die-erste-mannschaft-2020-ist-da\/\">Das bringt die erste MANNSCHAFT des Jahres 2020<\/a><\/p><\/blockquote>\n<p><iframe title=\"&#8222;Das bringt die erste MANNSCHAFT des Jahres 2020&#8220; &#8212; Mannschaft Magazin\" class=\"wp-embedded-content\" sandbox=\"allow-scripts\" security=\"restricted\" style=\"position: absolute; clip: rect(1px, 1px, 1px, 1px);\" src=\"https:\/\/mannschaft.com\/2020\/01\/07\/lgbtiq-news-die-erste-mannschaft-2020-ist-da\/embed\/#?secret=cMvr0a0R50\" data-secret=\"cMvr0a0R50\" width=\"600\" height=\"338\" frameborder=\"0\" marginwidth=\"0\" marginheight=\"0\" scrolling=\"no\"><\/iframe><\/p>\n<p>Die Swiss will zu den umstrittenen T\u00e4tigkeiten der Unternehmerfamilie L\u00e4derach nicht direkt Stellung nehmen. \u00abGrunds\u00e4tzlich sind f\u00fcr die Auswahl eines Lieferanten die Qualit\u00e4t, verschiedene wirtschaftliche Aspekte sowie der Markenfit ausschlaggebend\u00bb, sagte Meike Fuhlrott gegen\u00fcber dem Beobachter. Sie r\u00e4umt aber ein, dass es aufgrund der Negativschlagzeilen zu R\u00fcckmeldungen von Kund*innen und Mitarbeitenden gekommen sei.<\/p>\n","protected":false},"excerpt":{"rendered":"<p>Nach Kritik und Boykott-Aufrufen arbeitet die Swiss nicht mehr mit dem Schokoladenhersteller L\u00e4derach zusammen. <a class=\"g1-link g1-link-more\" href=\"https:\/\/alte.mannschaft.lgbt\/bimber\/keine-laederach-schoggi-mehr-auf-swiss-fluegen\/\">Weiterlesen<\/a><\/p>\n","protected":false},"author":2,"featured_media":71441,"comment_status":"closed","ping_status":"closed","sticky":false,"template":"","format":"standard","meta":[],"categories":[1340],"tags":[5466,5461,56],"wps_subtitle":"Die Zusammenarbeit dauerte zehn Jahre","_links":{"self":[{"href":"https:\/\/alte.mannschaft.lgbt\/bimber\/wp-json\/wp\/v2\/posts\/71439"}],"collection":[{"href":"https:\/\/alte.mannschaft.lgbt\/bimber\/wp-json\/wp\/v2\/posts"}],"about":[{"href":"https:\/\/alte.mannschaft.lgbt\/bimber\/wp-json\/wp\/v2\/types\/post"}],"author":[{"embeddable":true,"href":"https:\/\/alte.mannschaft.lgbt\/bimber\/wp-json\/wp\/v2\/users\/2"}],"replies":[{"embeddable":true,"href":"https:\/\/alte.mannschaft.lgbt\/bimber\/wp-json\/wp\/v2\/comments?post=71439"}],"version-history":[{"count":0,"href":"https:\/\/alte.mannschaft.lgbt\/bimber\/wp-json\/wp\/v2\/posts\/71439\/revisions"}],"wp:featuredmedia":[{"embeddable":true,"href":"https:\/\/alte.mannschaft.lgbt\/bimber\/wp-json\/wp\/v2\/media\/71441"}],"wp:attachment":[{"href":"https:\/\/alte.mannschaft.lgbt\/bimber\/wp-json\/wp\/v2\/media?parent=71439"}],"wp:term":[{"taxonomy":"category","embeddable":true,"href":"https:\/\/alte.mannschaft.lgbt\/bimber\/wp-json\/wp\/v2\/categories?post=71439"},{"taxonomy":"post_tag","embeddable":true,"href":"https:\/\/alte.mannschaft.lgbt\/bimber\/wp-json\/wp\/v2\/tags?post=71439"}],"curies":[{"name":"wp","href":"https:\/\/api.w.org\/{rel}","templated":true}]}}