{"id":71346,"date":"2020-01-29T08:29:07","date_gmt":"2020-01-29T07:29:07","guid":{"rendered":"https:\/\/mannschaft.com\/?p=71346"},"modified":"2023-01-30T14:03:09","modified_gmt":"2023-01-30T13:03:09","slug":"schutz-vor-hass-umfrage-zustimmung-sinkt","status":"publish","type":"post","link":"https:\/\/alte.mannschaft.lgbt\/bimber\/schutz-vor-hass-umfrage-zustimmung-sinkt\/","title":{"rendered":"Schutz vor Hass? Die Zustimmung sinkt"},"content":{"rendered":"<h3>Die Zustimmung f\u00fcr die Erweiterung der Anti-Rassismusstrafnorm\u00a0ist gesunken, auch die voraussichtliche Stimmbeteiligung ist unterdurchschnittlich tief. Das Komitee f\u00fcr den Schutz vor Hass zeigt sich beunruhigt.<\/h3>\n<p>Das Komitee f\u00fcr den Schutz vor Hass ist beunruhigt \u00fcber die neuste <a href=\"https:\/\/www.srf.ch\/news\/schweiz\/abstimmungen-oberrubrik\/abstimmungen\/anti-diskriminierungs-gesetz\/im-umfragehoch-deutliches-ja-zum-anti-diskriminierungs-gesetz\" target=\"_blank\" rel=\"noopener noreferrer\">SRF-Abstimmungsumfrage<\/a>. Trotz der tieferen, aber weiterhin klaren Mehrheit f\u00fcr die Erweiterung der Anti-Rassismusstrafnorm, k\u00f6nn sich das Abstimmungsresultat noch immer \u00e4ndern. Das habe sich in der Vergangenheit schon mehrfach gezeigt, heisst es in einer Medienmitteilung vom Mittwoch.<\/p>\n<blockquote class=\"wp-embedded-content\" data-secret=\"HC2re03o9h\"><p><a href=\"https:\/\/mannschaft.com\/2020\/01\/28\/jelena-grigorjewa-keine-aufklaerung-nach-mord-an-russischer-lgbtiq-aktivistin\/\">Wer ermordete die russische LGBTIQ-Aktivistin Jelena Grigorjewa?<\/a><\/p><\/blockquote>\n<p><iframe title=\"&#8222;Wer ermordete die russische LGBTIQ-Aktivistin Jelena Grigorjewa?&#8220; &#8212; Mannschaft Magazin\" class=\"wp-embedded-content\" sandbox=\"allow-scripts\" security=\"restricted\" style=\"position: absolute; clip: rect(1px, 1px, 1px, 1px);\" src=\"https:\/\/mannschaft.com\/2020\/01\/28\/jelena-grigorjewa-keine-aufklaerung-nach-mord-an-russischer-lgbtiq-aktivistin\/embed\/#?secret=HC2re03o9h\" data-secret=\"HC2re03o9h\" width=\"600\" height=\"338\" frameborder=\"0\" marginwidth=\"0\" marginheight=\"0\" scrolling=\"no\"><\/iframe><\/p>\n<p>Die neuste SRF-Umfrage zur Abstimmung am 9. Februar zeigt einen R\u00fcckgang der Zustimmung um 4%. Die klaren Bef\u00fcrworter stagnieren bei 52%, jedoch ging der Anteil der \u00abeher Ja\u00bb-Stimmen deutlich zur\u00fcck. Das beunruhigt Florian Vock, Co-Pr\u00e4sident vom Komitee Ja zum Schutz vor Hass.<\/p>\n<p>\u00abDie Angstmacherei der Gegner verf\u00e4ngt offensichtlich. Das ist gef\u00e4hrlich, denn wir wissen aus der Vergangenheit, wie schnell die Mehrheiten kippen k\u00f6nnen. Trotz klaren Umfragewerte waren die Resultate am Abstimmungssonntag schon mehrmals anders\u00bb, so Vock. K\u00fcrzlich klagte ein Kommentar in der nationalkonservativen <em>Schweizerzeit<\/em> \u00fcber \u00ab\u00fcbelste Beleidigungen\u00bb durch LGBTIQ <a href=\"https:\/\/mannschaft.com\/2020\/01\/20\/konservative-zeitung-hass-ist-in-lgbtiq-community-omnipraesent-schweizerzeit\/\" target=\"_blank\" rel=\"noopener noreferrer\">(MANNSCHAFT berichtete)<\/a>.<\/p>\n<p>Momentan w\u00fcrden 52% die Gesetzeserweiterung bestimmt annehmen, 13% sind eher daf\u00fcr. Die Stimmbeteiligung ist mit voraussichtlich 42% unterdurchschnittlich und vor allem bei den jungen Menschen bis 39 Jahre mit 36% sehr tief.<\/p>\n<blockquote><p>Junge Menschen bef\u00fcrworten den Schutz vor Hass am klarsten.<\/p><\/blockquote>\n<p>\u00abJunge Menschen bef\u00fcrworten den Schutz vor Hass am klarsten. Die tiefe Stimmbeteiligung in dieser Gruppe ist deshalb sehr entt\u00e4uschend. Diese Personen m\u00fcssen wir nochmals mobilisieren\u00bb, sagt Muriel Waeger, Co-Kampagnenleiterin Ja zum Schutz vor Hass.<\/p>\n<p>Der US-Konzern Coca-Cola macht sich f\u00fcr ein Ja zum Schutz vor Hass stark. Der Getr\u00e4nke-Hersteller buchte j\u00fcngst die Titelseite der Pendlerzeitung <em>20Minuten<\/em> <a href=\"https:\/\/mannschaft.com\/2020\/01\/27\/coca-cola-zieht-in-den-abstimmungskampf\/\" target=\"_blank\" rel=\"noopener noreferrer\">(MANNSCHAFT berichtete)<\/a>.<\/p>\n<blockquote class=\"wp-embedded-content\" data-secret=\"ic2Rn7QljR\"><p><a href=\"https:\/\/mannschaft.com\/2020\/01\/07\/lgbtiq-news-die-erste-mannschaft-2020-ist-da\/\">Das bringt die erste MANNSCHAFT des Jahres 2020<\/a><\/p><\/blockquote>\n<p><iframe title=\"&#8222;Das bringt die erste MANNSCHAFT des Jahres 2020&#8220; &#8212; Mannschaft Magazin\" class=\"wp-embedded-content\" sandbox=\"allow-scripts\" security=\"restricted\" style=\"position: absolute; clip: rect(1px, 1px, 1px, 1px);\" src=\"https:\/\/mannschaft.com\/2020\/01\/07\/lgbtiq-news-die-erste-mannschaft-2020-ist-da\/embed\/#?secret=ic2Rn7QljR\" data-secret=\"ic2Rn7QljR\" width=\"600\" height=\"338\" frameborder=\"0\" marginwidth=\"0\" marginheight=\"0\" scrolling=\"no\"><\/iframe><\/p>\n<p>Im Abstimmungskampf zur Erweiterung der Anti-Rassimusstrafnorm organisierte das Ja-Komitee mehrere Aktionen in der ganzen Schweiz. Im Januar zogen \u00fcber 3000 friedliche Demonstrant*innen durch Z\u00fcrich, um f\u00fcr den Schutz vor Hass und f\u00fcr die Akzeptanz von Lesben, Schwulen und Bisexuellen zu demonstrieren. Nach den verschiedenen Vorf\u00e4llen von gewaltt\u00e4tigen \u00dcbergriffen auf gleichgeschlechtliche Paare im Z\u00fcrcher Nachtleben <a href=\"http:\/\/mannschaft.com\/2020\/01\/01\/schwules-paerchen-in-zuerich-krankenhausreif-geschlagen\/\">(MANNSCHAFT berichtete)<\/a>\u00a0war die Demonstration ein selbstbewusstes Zeichen, dass sich die LGBTIQ-Community nicht einsch\u00fcchtern l\u00e4sst.<\/p>\n<p>Da vor allem bei den jungen Menschen die Stimmbeteiligung derzeit nur m\u00e4ssig ist, will das Komitee diese Zielgruppe mit Werbung auf Social Media erreichen. Daf\u00fcr kann man <a href=\"https:\/\/deref-gmx.net\/mail\/client\/qL8qD0gCQRs\/dereferrer\/?redirectUrl=https%3A%2F%2Fdiskriminierungsschutz.nationbuilder.com%2Fr%3Fu%3DAzGP3K7GaZIVwh4trA8sQ-39dxzx3hvTv27qtld54itEh98DGBb3WXqLEGQdDm4G%26e%3D639afcae89f9d44be3630acec152ea0f%26utm_source%3Ddiskriminierungsschutz%26utm_medium%3Demail%26utm_campaign%3Dumfrage_2%26n%3D3\" target=\"_blank\" rel=\"noopener noreferrer\">hier spenden.<\/a><\/p>\n","protected":false},"excerpt":{"rendered":"<p>Die Zustimmung f\u00fcr die Erweiterung der Anti-Rassismusstrafnorm\u00a0ist gesunken, auch die voraussichtliche Stimmbeteiligung ist tief. Das Komitee f\u00fcr den Schutz vor Hass ist beunruhigt. <a class=\"g1-link g1-link-more\" href=\"https:\/\/alte.mannschaft.lgbt\/bimber\/schutz-vor-hass-umfrage-zustimmung-sinkt\/\">Weiterlesen<\/a><\/p>\n","protected":false},"author":1,"featured_media":71348,"comment_status":"closed","ping_status":"closed","sticky":false,"template":"","format":"standard","meta":[],"categories":[1340],"tags":[5538,5507,5461],"wps_subtitle":"Zwar bleibt die Mehrheit f\u00fcr die Erweiterung der Anti-Rassismusstrafnorm klar, doch das Abstimmungsresultat kann sich noch \u00e4ndern","_links":{"self":[{"href":"https:\/\/alte.mannschaft.lgbt\/bimber\/wp-json\/wp\/v2\/posts\/71346"}],"collection":[{"href":"https:\/\/alte.mannschaft.lgbt\/bimber\/wp-json\/wp\/v2\/posts"}],"about":[{"href":"https:\/\/alte.mannschaft.lgbt\/bimber\/wp-json\/wp\/v2\/types\/post"}],"author":[{"embeddable":true,"href":"https:\/\/alte.mannschaft.lgbt\/bimber\/wp-json\/wp\/v2\/users\/1"}],"replies":[{"embeddable":true,"href":"https:\/\/alte.mannschaft.lgbt\/bimber\/wp-json\/wp\/v2\/comments?post=71346"}],"version-history":[{"count":1,"href":"https:\/\/alte.mannschaft.lgbt\/bimber\/wp-json\/wp\/v2\/posts\/71346\/revisions"}],"predecessor-version":[{"id":160797,"href":"https:\/\/alte.mannschaft.lgbt\/bimber\/wp-json\/wp\/v2\/posts\/71346\/revisions\/160797"}],"wp:featuredmedia":[{"embeddable":true,"href":"https:\/\/alte.mannschaft.lgbt\/bimber\/wp-json\/wp\/v2\/media\/71348"}],"wp:attachment":[{"href":"https:\/\/alte.mannschaft.lgbt\/bimber\/wp-json\/wp\/v2\/media?parent=71346"}],"wp:term":[{"taxonomy":"category","embeddable":true,"href":"https:\/\/alte.mannschaft.lgbt\/bimber\/wp-json\/wp\/v2\/categories?post=71346"},{"taxonomy":"post_tag","embeddable":true,"href":"https:\/\/alte.mannschaft.lgbt\/bimber\/wp-json\/wp\/v2\/tags?post=71346"}],"curies":[{"name":"wp","href":"https:\/\/api.w.org\/{rel}","templated":true}]}}