{"id":70824,"date":"2020-01-20T13:04:54","date_gmt":"2020-01-20T12:04:54","guid":{"rendered":"https:\/\/mannschaft.com\/?p=70824"},"modified":"2020-01-20T13:04:54","modified_gmt":"2020-01-20T12:04:54","slug":"konservative-zeitung-hass-ist-in-lgbtiq-community-omnipraesent-schweizerzeit","status":"publish","type":"post","link":"https:\/\/alte.mannschaft.lgbt\/bimber\/konservative-zeitung-hass-ist-in-lgbtiq-community-omnipraesent-schweizerzeit\/","title":{"rendered":"Konservative Zeitung beklagt \u00abHass\u00bb von LGBTIQ auf Christen"},"content":{"rendered":"<h3>Die Nationalkonservative Zeitschrift <em>Schweizerzeit<\/em> beklagt sich \u00fcber \u00ab\u00fcbelste Beleidigungen\u00bb in den Kommentarspalten auf MANNSCHAFT, w\u00e4hrend die eigenen Leser*innen unzensiert zum Mord aufrufen.<\/h3>\n<p>\u00abJustiz an die Wand stellen und abknallen\u00bb, \u00abAfrikaner kannst selten gebrauchen\u00bb oder \u00abHoffentlich bekommen die mal eins in die Fresse\u00bb. In den Kommentarspalten auf <em>Schweizerzeit.ch <\/em>und auf deren Facebook-Seite herrscht der ganz normale Rechtsaussen-Wahnsinn. Nun will die Zeitung aber herausgefunden haben, dass Rechtskonservative und Christen Opfer von \u00abHate Speech\u00bb seien. Gerade in der LGBTIQ-Community sei Hass gegen Andersdenkende \u00abomnipr\u00e4sent\u00bb.<\/p>\n<blockquote class=\"wp-embedded-content\" data-secret=\"VbpwuQKqsj\"><p><a href=\"https:\/\/mannschaft.com\/2020\/01\/14\/10-der-schweizerinnen-halten-homosexualitaet-fuer-unmoralisch\/\">10% der Schweizer*innen halten Homosexualit\u00e4t f\u00fcr unmoralisch<\/a><\/p><\/blockquote>\n<p><iframe title=\"&#8222;10% der Schweizer*innen halten Homosexualit\u00e4t f\u00fcr unmoralisch&#8220; &#8212; Mannschaft Magazin\" class=\"wp-embedded-content\" sandbox=\"allow-scripts\" security=\"restricted\" style=\"position: absolute; clip: rect(1px, 1px, 1px, 1px);\" src=\"https:\/\/mannschaft.com\/2020\/01\/14\/10-der-schweizerinnen-halten-homosexualitaet-fuer-unmoralisch\/embed\/#?secret=VbpwuQKqsj\" data-secret=\"VbpwuQKqsj\" width=\"600\" height=\"338\" frameborder=\"0\" marginwidth=\"0\" marginheight=\"0\" scrolling=\"no\"><\/iframe><\/p>\n<p><strong>\u00ab\u00dcbelste Beschimpfungen\u00bb<\/strong><br \/>\nDer Autor Anian Liebrand greift in seinem <a href=\"https:\/\/schweizerzeit.ch\/ungehemmter-lgbt-hass\/\" target=\"_blank\" rel=\"noopener noreferrer\">Online-Beitrag<\/a> zun\u00e4chst MANNSCHAFT an. Der ehemalige Pr\u00e4sident der Jungen SVP Schweiz beklagt sich, dass \u00abprimitivste Beleidigungen\u00bb von der Redaktion nicht gel\u00f6scht werden.<\/p>\n<p>Dabei geht es etwa um den EDU-Politiker Hans Moser, der verhindern will, dass Schwule und Lesben vor Hass und Gewalt gesch\u00fctzt werden (<a href=\"https:\/\/mannschaft.com\/2019\/01\/06\/christpartei-edu-will-schutz-fuer-schwule-und-lesben-verhindern\/\" target=\"_blank\" rel=\"noopener noreferrer\">MANNSCHAFT berichtete<\/a>). Einige Leser*innen bezeichnen ihn f\u00fcr dieses Handeln als \u00abwiderlichen Kerl\u00bb, was Liebrand als \u00ab\u00fcbelste Beschimpfung\u00bb einstuft.<\/p>\n<p><em>Schweizerzeit<\/em> greift im gleichen Artikel Pink Cross mit identischer Argumentation an. \u00abWir sind gegen jede Form von Hass und l\u00f6schen entsprechende Kommentare\u00bb, sagt Roman Heggli, Gesch\u00e4ftsleiter von Pink Cross. Seiner Erfahrung nach sind aber unter den Beitr\u00e4gen von Pink Cross Hasskommentare gegen Schwule und Lesben ganz klar in der \u00dcberzahl. Auch das Klima der Homophobie in Kommentarspalten bei Onlineartikeln \u00fcber LGBTIQ-Themen sei be\u00e4ngstigend, so Heggli.<\/p>\n<blockquote class=\"wp-embedded-content\" data-secret=\"OVRm064WCQ\"><p><a href=\"https:\/\/mannschaft.com\/2019\/12\/27\/20-000-regenbogenfahnen-fuer-eine-schweiz-ohne-hass\/\">20.000 Regenbogenfahnen f\u00fcr eine Schweiz ohne Hass<\/a><\/p><\/blockquote>\n<p><iframe title=\"&#8222;20.000 Regenbogenfahnen f\u00fcr eine Schweiz ohne Hass&#8220; &#8212; Mannschaft Magazin\" class=\"wp-embedded-content\" sandbox=\"allow-scripts\" security=\"restricted\" style=\"position: absolute; clip: rect(1px, 1px, 1px, 1px);\" src=\"https:\/\/mannschaft.com\/2019\/12\/27\/20-000-regenbogenfahnen-fuer-eine-schweiz-ohne-hass\/embed\/#?secret=OVRm064WCQ\" data-secret=\"OVRm064WCQ\" width=\"600\" height=\"338\" frameborder=\"0\" marginwidth=\"0\" marginheight=\"0\" scrolling=\"no\"><\/iframe><\/p>\n<p><strong>Ein wichtiger Unterschied<\/strong><br \/>\nWas Schweizerzeit verschweigt: Die Kommentare unter den MANNSCHAFT-Beitr\u00e4gen sind Reaktionen auf Artikel, welche beispielsweise von Menschen handeln, die Homosexualit\u00e4t verbieten und unter Todesstrafe stellen wollen. Oder etwa von Eltern, die ihren Sohn verstossen, weil er schwul ist. Oder von Politiker*innen, die wollen, dass Homosexuelle m\u00f6glichst wenig Schutz erhalten.<\/p>\n<p>Die Beleidigungen auf<em> Schweizerzeit.ch<\/em> richten sich im Gegensatz dazu meist gegen Minderheiten oder gegen Leute, die Minderheiten sch\u00fctzen m\u00f6chten. Ein wichtiger Unterschied. Unzensiert rufen mehrere Leser*innen auf der Website etwa zum Mord an der Staatsanwaltschaft Schaffhausen auf, weil diese einen \u00abkriminellen Asylschmarotzer\u00bb nicht ausschaffe.<\/p>\n<p><a href=\"https:\/\/mannschaft.com\/bimber\/wp-content\/uploads\/2020\/01\/SCHWEIZMANNSCHAFT1.jpg\"><img data-expand=\"600\" decoding=\"async\" loading=\"lazy\" class=\"lazyload alignnone wp-image-70826 size-large\" src=\"data:image\/svg+xml;charset=utf-8,%3Csvg xmlns%3D'http%3A%2F%2Fwww.w3.org%2F2000%2Fsvg' viewBox%3D'0 0 425 533'%2F%3E\" data-src=\"https:\/\/mannschaft.com\/bimber\/wp-content\/uploads\/2020\/01\/SCHWEIZMANNSCHAFT1-425x533.jpg\" alt=\"Schweizerzeit Beleidigungen LGBTIQ\" width=\"425\" height=\"533\" data-srcset=\"https:\/\/alte.mannschaft.lgbt\/bimber\/wp-content\/uploads\/2020\/01\/SCHWEIZMANNSCHAFT1-425x533.jpg 425w, https:\/\/alte.mannschaft.lgbt\/bimber\/wp-content\/uploads\/2020\/01\/SCHWEIZMANNSCHAFT1-239x300.jpg 239w, https:\/\/alte.mannschaft.lgbt\/bimber\/wp-content\/uploads\/2020\/01\/SCHWEIZMANNSCHAFT1-768x964.jpg 768w, https:\/\/alte.mannschaft.lgbt\/bimber\/wp-content\/uploads\/2020\/01\/SCHWEIZMANNSCHAFT1-561x704.jpg 561w, https:\/\/alte.mannschaft.lgbt\/bimber\/wp-content\/uploads\/2020\/01\/SCHWEIZMANNSCHAFT1-796x999.jpg 796w, https:\/\/alte.mannschaft.lgbt\/bimber\/wp-content\/uploads\/2020\/01\/SCHWEIZMANNSCHAFT1-364x457.jpg 364w, https:\/\/alte.mannschaft.lgbt\/bimber\/wp-content\/uploads\/2020\/01\/SCHWEIZMANNSCHAFT1-758x951.jpg 758w, https:\/\/alte.mannschaft.lgbt\/bimber\/wp-content\/uploads\/2020\/01\/SCHWEIZMANNSCHAFT1-608x763.jpg 608w, https:\/\/alte.mannschaft.lgbt\/bimber\/wp-content\/uploads\/2020\/01\/SCHWEIZMANNSCHAFT1-1152x1446.jpg 1152w, https:\/\/alte.mannschaft.lgbt\/bimber\/wp-content\/uploads\/2020\/01\/SCHWEIZMANNSCHAFT1-38x48.jpg 38w, https:\/\/alte.mannschaft.lgbt\/bimber\/wp-content\/uploads\/2020\/01\/SCHWEIZMANNSCHAFT1-76x96.jpg 76w, https:\/\/alte.mannschaft.lgbt\/bimber\/wp-content\/uploads\/2020\/01\/SCHWEIZMANNSCHAFT1-313x393.jpg 313w, https:\/\/alte.mannschaft.lgbt\/bimber\/wp-content\/uploads\/2020\/01\/SCHWEIZMANNSCHAFT1-400x502.jpg 400w, https:\/\/alte.mannschaft.lgbt\/bimber\/wp-content\/uploads\/2020\/01\/SCHWEIZMANNSCHAFT1.jpg 1160w\" data-sizes=\"(max-width: 425px) 100vw, 425px\" \/><\/a><\/p>\n<p>Einige Verfasser*innen hoffen indes, dass St\u00e4nder\u00e4t*innen Opfer von Gewalt werden. An anderer Stelle werden die gew\u00e4hlten Volksvertreter*innen als \u00abstalinistisches Saupack\u00bb bezeichnet. Auch rassistische Beleidigungen werden auf der Seite toleriert.<\/p>\n<p><a href=\"https:\/\/mannschaft.com\/bimber\/wp-content\/uploads\/2020\/01\/SCHWEIZERZEITmannschaft2.jpg\"><img data-expand=\"600\" decoding=\"async\" loading=\"lazy\" class=\"lazyload alignnone wp-image-70829 size-large\" src=\"data:image\/svg+xml;charset=utf-8,%3Csvg xmlns%3D'http%3A%2F%2Fwww.w3.org%2F2000%2Fsvg' viewBox%3D'0 0 425 484'%2F%3E\" data-src=\"https:\/\/mannschaft.com\/bimber\/wp-content\/uploads\/2020\/01\/SCHWEIZERZEITmannschaft2-425x484.jpg\" alt=\"Schweizerzeit Beleidigungen 2\" width=\"425\" height=\"484\" data-srcset=\"https:\/\/alte.mannschaft.lgbt\/bimber\/wp-content\/uploads\/2020\/01\/SCHWEIZERZEITmannschaft2-425x484.jpg 425w, https:\/\/alte.mannschaft.lgbt\/bimber\/wp-content\/uploads\/2020\/01\/SCHWEIZERZEITmannschaft2-263x300.jpg 263w, https:\/\/alte.mannschaft.lgbt\/bimber\/wp-content\/uploads\/2020\/01\/SCHWEIZERZEITmannschaft2-561x639.jpg 561w, https:\/\/alte.mannschaft.lgbt\/bimber\/wp-content\/uploads\/2020\/01\/SCHWEIZERZEITmannschaft2-364x415.jpg 364w, https:\/\/alte.mannschaft.lgbt\/bimber\/wp-content\/uploads\/2020\/01\/SCHWEIZERZEITmannschaft2-608x693.jpg 608w, https:\/\/alte.mannschaft.lgbt\/bimber\/wp-content\/uploads\/2020\/01\/SCHWEIZERZEITmannschaft2-42x48.jpg 42w, https:\/\/alte.mannschaft.lgbt\/bimber\/wp-content\/uploads\/2020\/01\/SCHWEIZERZEITmannschaft2-84x96.jpg 84w, https:\/\/alte.mannschaft.lgbt\/bimber\/wp-content\/uploads\/2020\/01\/SCHWEIZERZEITmannschaft2-313x357.jpg 313w, https:\/\/alte.mannschaft.lgbt\/bimber\/wp-content\/uploads\/2020\/01\/SCHWEIZERZEITmannschaft2-400x456.jpg 400w, https:\/\/alte.mannschaft.lgbt\/bimber\/wp-content\/uploads\/2020\/01\/SCHWEIZERZEITmannschaft2.jpg 739w\" data-sizes=\"(max-width: 425px) 100vw, 425px\" \/><\/a><\/p>\n<p>Dazu Kriss Rudolph, CvD bei MANNSCHAFT.com: \u00abBedauerlicher verwechselt die Schweizerzeit hier Ursache und Wirkung und inszeniert sich als Opfer. Ich begr\u00fcsse den Rat ausdr\u00fccklich, der sich am Ende dieses uns\u00e4glichen Textes findet: Es ist besser, vor der eigenen Haust\u00fcre zu kehren, als andere des Hasses zu bezichtigen. Schade, dass sich Anian Liebrand selber nicht daran h\u00e4lt.\u00bb<\/p>\n<p><strong>Schwulenfeindliche Hasskommentare<\/strong><br \/>\nDie Zeitung <em>Schweizerzeit<\/em> existiert seit 1979 und erscheint alle 14 Tage. Chefredaktor Ulrich Schl\u00fcer politisierte f\u00fcr die SVP unter anderem im Nationalrat, scheiterte jedoch sowohl 2007 als auch 2011 an der angestrebten Wiederwahl. Politisch steht die Zeitschrift der SVP und der AUNS nahe und bietet diversen konservativen Politiker*innen eine Plattform.<\/p>\n<p>Besonders ironisch: Der Artikel \u00fcber den \u00abomnipr\u00e4senten Hass\u00bb in der LGBTIQ-Community ist selbst N\u00e4hrboden f\u00fcr den n\u00e4chsten schwulenfeindlichen Hass-Kommentar auf der Seite. Noch ist \u00f6ffentliche Hetze gegen Schwule und Lesben strafrechtlich nicht relevant. Mit der Abstimmung vom 9. Februar kann sich dies \u00e4ndern (<a href=\"https:\/\/mannschaft.com\/2019\/11\/28\/gemeinsam-fuer-den-schutz-vor-hass-und-diskriminierung\/\" target=\"_blank\" rel=\"noopener noreferrer\">MANNSCHAFT berichtete<\/a>).<\/p>\n<p><a href=\"https:\/\/mannschaft.com\/bimber\/wp-content\/uploads\/2020\/01\/schweizerzeit2.jpg\"><img data-expand=\"600\" decoding=\"async\" loading=\"lazy\" class=\"lazyload alignnone wp-image-70830 size-large\" src=\"data:image\/svg+xml;charset=utf-8,%3Csvg xmlns%3D'http%3A%2F%2Fwww.w3.org%2F2000%2Fsvg' viewBox%3D'0 0 425 163'%2F%3E\" data-src=\"https:\/\/mannschaft.com\/bimber\/wp-content\/uploads\/2020\/01\/schweizerzeit2-425x163.jpg\" alt=\"Schweizerzeit Beleidigungen 3\" width=\"425\" height=\"163\" data-srcset=\"https:\/\/alte.mannschaft.lgbt\/bimber\/wp-content\/uploads\/2020\/01\/schweizerzeit2-425x163.jpg 425w, https:\/\/alte.mannschaft.lgbt\/bimber\/wp-content\/uploads\/2020\/01\/schweizerzeit2-300x115.jpg 300w, https:\/\/alte.mannschaft.lgbt\/bimber\/wp-content\/uploads\/2020\/01\/schweizerzeit2-768x294.jpg 768w, https:\/\/alte.mannschaft.lgbt\/bimber\/wp-content\/uploads\/2020\/01\/schweizerzeit2-561x215.jpg 561w, https:\/\/alte.mannschaft.lgbt\/bimber\/wp-content\/uploads\/2020\/01\/schweizerzeit2-1122x430.jpg 1122w, https:\/\/alte.mannschaft.lgbt\/bimber\/wp-content\/uploads\/2020\/01\/schweizerzeit2-364x139.jpg 364w, https:\/\/alte.mannschaft.lgbt\/bimber\/wp-content\/uploads\/2020\/01\/schweizerzeit2-758x290.jpg 758w, https:\/\/alte.mannschaft.lgbt\/bimber\/wp-content\/uploads\/2020\/01\/schweizerzeit2-608x233.jpg 608w, https:\/\/alte.mannschaft.lgbt\/bimber\/wp-content\/uploads\/2020\/01\/schweizerzeit2-125x48.jpg 125w, https:\/\/alte.mannschaft.lgbt\/bimber\/wp-content\/uploads\/2020\/01\/schweizerzeit2-251x96.jpg 251w, https:\/\/alte.mannschaft.lgbt\/bimber\/wp-content\/uploads\/2020\/01\/schweizerzeit2-313x120.jpg 313w, https:\/\/alte.mannschaft.lgbt\/bimber\/wp-content\/uploads\/2020\/01\/schweizerzeit2-400x153.jpg 400w, https:\/\/alte.mannschaft.lgbt\/bimber\/wp-content\/uploads\/2020\/01\/schweizerzeit2.jpg 1141w\" data-sizes=\"(max-width: 425px) 100vw, 425px\" \/><\/a><\/p>\n","protected":false},"excerpt":{"rendered":"<p>Die Nationalkonservative Zeitschrift Schweizerzeit beklagt sich \u00fcber \u00ab\u00fcbelste Beleidigungen\u00bb in den Kommentarspalten auf MANNSCHAFT, w\u00e4hrend die eigenen Leser*innen unzensiert zum Mord aufrufen. <a class=\"g1-link g1-link-more\" href=\"https:\/\/alte.mannschaft.lgbt\/bimber\/konservative-zeitung-hass-ist-in-lgbtiq-community-omnipraesent-schweizerzeit\/\">Weiterlesen<\/a><\/p>\n","protected":false},"author":42,"featured_media":55497,"comment_status":"closed","ping_status":"closed","sticky":false,"template":"","format":"standard","meta":[],"categories":[2,1340],"tags":[5466,5544,5461,56],"wps_subtitle":"Die \u00abSchweizerzeit\u00bb greift in einem Beitrag MANNSCHAFT und Pink Cross an. ","_links":{"self":[{"href":"https:\/\/alte.mannschaft.lgbt\/bimber\/wp-json\/wp\/v2\/posts\/70824"}],"collection":[{"href":"https:\/\/alte.mannschaft.lgbt\/bimber\/wp-json\/wp\/v2\/posts"}],"about":[{"href":"https:\/\/alte.mannschaft.lgbt\/bimber\/wp-json\/wp\/v2\/types\/post"}],"author":[{"embeddable":true,"href":"https:\/\/alte.mannschaft.lgbt\/bimber\/wp-json\/wp\/v2\/users\/42"}],"replies":[{"embeddable":true,"href":"https:\/\/alte.mannschaft.lgbt\/bimber\/wp-json\/wp\/v2\/comments?post=70824"}],"version-history":[{"count":0,"href":"https:\/\/alte.mannschaft.lgbt\/bimber\/wp-json\/wp\/v2\/posts\/70824\/revisions"}],"wp:featuredmedia":[{"embeddable":true,"href":"https:\/\/alte.mannschaft.lgbt\/bimber\/wp-json\/wp\/v2\/media\/55497"}],"wp:attachment":[{"href":"https:\/\/alte.mannschaft.lgbt\/bimber\/wp-json\/wp\/v2\/media?parent=70824"}],"wp:term":[{"taxonomy":"category","embeddable":true,"href":"https:\/\/alte.mannschaft.lgbt\/bimber\/wp-json\/wp\/v2\/categories?post=70824"},{"taxonomy":"post_tag","embeddable":true,"href":"https:\/\/alte.mannschaft.lgbt\/bimber\/wp-json\/wp\/v2\/tags?post=70824"}],"curies":[{"name":"wp","href":"https:\/\/api.w.org\/{rel}","templated":true}]}}