{"id":70809,"date":"2020-01-20T09:02:01","date_gmt":"2020-01-20T08:02:01","guid":{"rendered":"https:\/\/mannschaft.com\/?p=70809"},"modified":"2020-01-21T16:37:52","modified_gmt":"2020-01-21T15:37:52","slug":"cologne-pride-2020-zieht-umstrittenes-motto-zurueck","status":"publish","type":"post","link":"https:\/\/alte.mannschaft.lgbt\/bimber\/cologne-pride-2020-zieht-umstrittenes-motto-zurueck\/","title":{"rendered":"Cologne Pride zieht umstrittenes Motto zur\u00fcck"},"content":{"rendered":"<h3>Das urspr\u00fcnglich geplante Motto \u00abEinigkeit! Recht! Freiheit!\u00bb ist vom Tisch. Stattdessen steht die Cologne Pride 2020 im Juli unter dem Motto \u00abF\u00fcr Menschenrechte\u00bb.<\/h3>\n<p>Die politischen Forderungen zur Cologne Pride 2020 sind klar und unbestritten: Erweiterung des Artikels 3, Absatz 3 des Grundgesetzes um die Merkmale sexuelle und geschlechtliche Identit\u00e4t, bundesweite Aktionspl\u00e4ne gegen Homo-, Trans- und Biphobie &#8211; um nur zwei zu nennen. Doch wegen der N\u00e4he zur deutsche Nationalhymne gab es seit Wochen heftige Diskussionen \u00fcber das Motto <a href=\"https:\/\/mannschaft.com\/2020\/01\/17\/cologne-pride-einigkeit-recht-freiheit-tumulte-wegen-motto\/\" target=\"_blank\" rel=\"noopener noreferrer\">(MANNSCHAFT berichtete)<\/a>.<\/p>\n<blockquote class=\"wp-embedded-content\" data-secret=\"ieIryPcIEM\"><p><a href=\"https:\/\/mannschaft.com\/2019\/12\/21\/ocean-vuong-wenn-wir-keine-bruecke-schlagen-interessiert-mich-die-pride-nicht\/\">\u00abWenn wir keine Br\u00fccke schlagen, interessiert mich Pride nicht\u00bb<\/a><\/p><\/blockquote>\n<p><iframe title=\"&#8222;\u00abWenn wir keine Br\u00fccke schlagen, interessiert mich Pride nicht\u00bb&#8220; &#8212; Mannschaft Magazin\" class=\"wp-embedded-content\" sandbox=\"allow-scripts\" security=\"restricted\" style=\"position: absolute; clip: rect(1px, 1px, 1px, 1px);\" src=\"https:\/\/mannschaft.com\/2019\/12\/21\/ocean-vuong-wenn-wir-keine-bruecke-schlagen-interessiert-mich-die-pride-nicht\/embed\/#?secret=ieIryPcIEM\" data-secret=\"ieIryPcIEM\" width=\"600\" height=\"338\" frameborder=\"0\" marginwidth=\"0\" marginheight=\"0\" scrolling=\"no\"><\/iframe><\/p>\n<p>Nun lenkt der Veranstalter ein. Der Verein KLuST erkl\u00e4rte in einer Pressemitteilung am Sonntagabend, man wolle nicht zur Spaltung der Community beizutragen: \u00abDie Cologne Pride ist eine Plattform, auf der die Menschen der so vielf\u00e4ltigen und diversen queeren Community, in eben dieser Vielfalt f\u00fcr ihre Rechte eintreten k\u00f6nnen.\u00bb<\/p>\n<p>Diese Rechte seien nicht zwingend f\u00fcr alle universell; jeder Mensch habe individuelle Bed\u00fcrfnisse. Nicht jeder m\u00fcsse die sich aus diesen Bed\u00fcrfnissen ergebenden Forderungen des anderen nachvollziehen k\u00f6nnen. \u00abDennoch darf dabei nicht die Empathie verloren gehen, die Forderungen und Bed\u00fcrfnisse des anderen Menschen zu h\u00f6ren und mitzuf\u00fchlen. Nur gemeinsam k\u00f6nnen wir den<br \/>\nKampf um Respekt, Gleichbehandlung und Gerechtigkeit gewinnen.\u00bb<\/p>\n<p><strong>Das gew\u00e4hlte Motto kann keine Einigkeit erzielen<\/strong><br \/>\nNeben den bekannten politischen Zielen und Forderungen, k\u00e4mpfe der KLuST seit Anbeginn f\u00fcr Respekt. Respekt ben\u00f6tige Empathie, heisst es in der Erkl\u00e4rung weiter. \u00abWenn nun Menschen durch das f\u00fcr 2020 gew\u00e4hlte Motto \u00c4ngste empfinden und wir nicht in der Lage waren, ihnen diese zu nehmen, kann das Motto keine Einigkeit erzielen. Und Einigkeit bedeutet nicht Gleichheit. Wenn Zorn und Wut der Vergangenheit und der Zukunft durch das Motto gesch\u00fcrt und nicht gelindert werden, dann eint dieses Motto nicht, sondern spaltet die Community.\u00bb<\/p>\n<blockquote class=\"wp-embedded-content\" data-secret=\"5LXN5sVxxC\"><p><a href=\"https:\/\/mannschaft.com\/2019\/12\/22\/queertausch-ein-auslandjahr-gegen-vorurteile\/\">\u00abQueerTausch\u00bb \u2013 ein Auslandjahr gegen Vorurteile<\/a><\/p><\/blockquote>\n<p><iframe title=\"&#8222;\u00abQueerTausch\u00bb \u2013 ein Auslandjahr gegen Vorurteile&#8220; &#8212; Mannschaft Magazin\" class=\"wp-embedded-content\" sandbox=\"allow-scripts\" security=\"restricted\" style=\"position: absolute; clip: rect(1px, 1px, 1px, 1px);\" src=\"https:\/\/mannschaft.com\/2019\/12\/22\/queertausch-ein-auslandjahr-gegen-vorurteile\/embed\/#?secret=5LXN5sVxxC\" data-secret=\"5LXN5sVxxC\" width=\"600\" height=\"338\" frameborder=\"0\" marginwidth=\"0\" marginheight=\"0\" scrolling=\"no\"><\/iframe><\/p>\n<p>Dem KLuST liege nichts ferner, als zur Spaltung der Community beizutragen und man wolle sich auch von Populist*innen nicht vor den Karren spannen. Insbesondere die leisen T\u00f6ne habe man inb der Diskussion geh\u00f6rt, so der Verein: \u00abEs gab unter anderem viele pers\u00f6nliche, konstruktive Gespr\u00e4che mit betroffenen Menschen der Community. Wir w\u00fcnschen uns einen f\u00fcr alle Menschen angstfreien, sicheren und respektvollen CSD, den alle Demokraten gerne unterst\u00fctzen.\u00bb<\/p>\n<p>Dass dies unter dem gew\u00e4hlten Motto nicht m\u00f6glich sei, h\u00e4tten auch die Diskussionen der letzten Wochen gezeigt. \u00abDas haben wir verstanden! Wir ziehen das Motto <em>Einigkeit! Recht! Freiheit!<\/em> f\u00fcr den Cologne Pride 2020 zur\u00fcck! Lasst uns nun gemeinsam und einig unter dem Motto <em>F\u00fcr Menschenrechte<\/em> demonstrieren und uns auf unsere bestehenden politischen Forderungen besinnen!\u00bb<\/p>\n<p>Die Reaktionen im Netz fallen unterschiedlich aus, wenn auch die meisten Kommentator*innen bei Facebook die Entscheidung des Vereins begr\u00fcssen und den Mitgliedern daf\u00fcr Respekt zollen. Der gr\u00fcne Bundestagsabgeordnete Sven Lehmann etwa schrieb: \u00abDANKE! Das habt ihr sehr gut entschieden.\u00bb<\/p>\n<p>Ein andere User meint dagegen: \u00abDas Motto war toll und dass nun eingeknickt wird, empfinde ich als genauso peinlich, wie die, die sich so aufgebl\u00e4ht emp\u00f6rten und, schlimmer noch, gewaltt\u00e4tig wurden. Ich glaube, wir brauchen mal einen Reset, damit man sich wieder klar wird, wor\u00fcber es sich lohnt, aufzuregen. Dieses Motto in Anlehnung an den Beginn unserer Nationalhymne garantiert nicht.\u00bb<\/p>\n<p>Der offen schwule Bundesgesundheitsminister Spahn (CDU) hat via Twitter sein Bedauern \u00fcber den Motto-Wechsel ausgedr\u00fcckt.<\/p>\n<blockquote class=\"twitter-tweet lazyload\" data-expand=\"600\" data-script=\"https:\/\/platform.twitter.com\/widgets.js\"  data-width=\"550\" data-dnt=\"true\">\n<p lang=\"de\" dir=\"ltr\">Ich finde es sehr schade, dass der K\u00f6lner CSD nicht unter dem Motto &quot;Einigkeit! Recht! Freiheit!&quot; stattfinden wird. Gerade diese demokratischen Werte unseres Landes verbinden uns doch alle. Sie sollten jeden Tag unser gemeinsamer Anspruch und Antrieb sein. <a href=\"https:\/\/twitter.com\/hashtag\/CSD?src=hash&amp;ref_src=twsrc%5Etfw\">#CSD<\/a> <a href=\"https:\/\/twitter.com\/hashtag\/K%C3%B6ln?src=hash&amp;ref_src=twsrc%5Etfw\">#K\u00f6ln<\/a><\/p>\n<p>&mdash; Jens Spahn (@jensspahn) <a href=\"https:\/\/twitter.com\/jensspahn\/status\/1219639434850840578?ref_src=twsrc%5Etfw\">January 21, 2020<\/a><\/p><\/blockquote>\n<p>Auch Jens Brandenburg, Sprecher f\u00fcr LGBTIQ der FDP-Bundestagsfraktion, kritisiert das Einlenken des K\u00f6lner Vereins. \u00abDie Abkehr vom geplanten CSD-Motto ist eine verpasste Chance. Einigkeit, Recht und Freiheit sind die Grundwerte unserer Demokratie. Sie sind klarer Auftrag, LGBTIQ-Rechte in Deutschland st\u00e4rker zu sch\u00fctzen. Die Deutungshoheit \u00fcber unsere Nationalhymne d\u00fcrfen wir nicht den Extremisten \u00fcberlassen\u00bb, so Brandenburg.<\/p>\n","protected":false},"excerpt":{"rendered":"<p>Das urspr\u00fcnglich geplante Motto \u00abEinigkeit! Recht! Freiheit!\u00bb ist vom Tisch. Stattdessen steht die Cologne Pride 2020 im Juli unter dem Motto \u00abF\u00fcr Menschenrechte\u00bb. <a class=\"g1-link g1-link-more\" href=\"https:\/\/alte.mannschaft.lgbt\/bimber\/cologne-pride-2020-zieht-umstrittenes-motto-zurueck\/\">Weiterlesen<\/a><\/p>\n","protected":false},"author":3,"featured_media":34579,"comment_status":"closed","ping_status":"closed","sticky":false,"template":"","format":"standard","meta":[],"categories":[3],"tags":[5544,5503],"wps_subtitle":"Das urspr\u00fcnglich geplante Motto \u00abEinigkeit! Recht! Freiheit!\u00bb ist vom Tisch","_links":{"self":[{"href":"https:\/\/alte.mannschaft.lgbt\/bimber\/wp-json\/wp\/v2\/posts\/70809"}],"collection":[{"href":"https:\/\/alte.mannschaft.lgbt\/bimber\/wp-json\/wp\/v2\/posts"}],"about":[{"href":"https:\/\/alte.mannschaft.lgbt\/bimber\/wp-json\/wp\/v2\/types\/post"}],"author":[{"embeddable":true,"href":"https:\/\/alte.mannschaft.lgbt\/bimber\/wp-json\/wp\/v2\/users\/3"}],"replies":[{"embeddable":true,"href":"https:\/\/alte.mannschaft.lgbt\/bimber\/wp-json\/wp\/v2\/comments?post=70809"}],"version-history":[{"count":0,"href":"https:\/\/alte.mannschaft.lgbt\/bimber\/wp-json\/wp\/v2\/posts\/70809\/revisions"}],"wp:featuredmedia":[{"embeddable":true,"href":"https:\/\/alte.mannschaft.lgbt\/bimber\/wp-json\/wp\/v2\/media\/34579"}],"wp:attachment":[{"href":"https:\/\/alte.mannschaft.lgbt\/bimber\/wp-json\/wp\/v2\/media?parent=70809"}],"wp:term":[{"taxonomy":"category","embeddable":true,"href":"https:\/\/alte.mannschaft.lgbt\/bimber\/wp-json\/wp\/v2\/categories?post=70809"},{"taxonomy":"post_tag","embeddable":true,"href":"https:\/\/alte.mannschaft.lgbt\/bimber\/wp-json\/wp\/v2\/tags?post=70809"}],"curies":[{"name":"wp","href":"https:\/\/api.w.org\/{rel}","templated":true}]}}