{"id":70783,"date":"2020-01-19T12:20:43","date_gmt":"2020-01-19T11:20:43","guid":{"rendered":"https:\/\/mannschaft.com\/?p=70783"},"modified":"2020-01-19T12:31:20","modified_gmt":"2020-01-19T11:31:20","slug":"homofeindlicher-angriff-mit-guertel-gegen-15-jaehrigen","status":"publish","type":"post","link":"https:\/\/alte.mannschaft.lgbt\/bimber\/homofeindlicher-angriff-mit-guertel-gegen-15-jaehrigen\/","title":{"rendered":"Homofeindlicher Angriff mit G\u00fcrtel gegen 15-J\u00e4hrigen"},"content":{"rendered":"<h3>In Berlin wurde ein Jugendlicher homophob beleidigt, dann ging der 16-j\u00e4hrige Angreifer mit dem G\u00fcrtel auf ihn los.<\/h3>\n<p>Ein Jugendlicher soll am Samstagabend in Charlottenburg einen anderen Jugendlichen homophob beleidigt und versucht haben, ihn mit einem G\u00fcrtel zu schlagen. Gegen 19 Uhr wurden Polizeikr\u00e4fte in der Hardenbergstrasse nahe des Bahnhof Zoo von mehreren Jugendlichen angesprochen, die angaben, dass ein 16-J\u00e4hriger aus einer anderen Gruppe Jugendlicher auf sie zugekommen sein und den 15-J\u00e4hrigen homophob beleidigt haben soll. Zudem habe der 16-J\u00e4hrige versucht den J\u00fcngeren mit einem G\u00fcrtel zu schlagen, ihn jedoch nicht getroffen.<\/p>\n<blockquote class=\"wp-embedded-content\" data-secret=\"z8lhDRe2bm\"><p><a href=\"https:\/\/mannschaft.com\/2020\/01\/17\/lgbtiq-in-deutschland-grosse-anfrage-der-gruenen\/\">\u00abMinderheit zu sein, stresst\u00bb &#8211; Grosse Anfrage zu LGBTIQ<\/a><\/p><\/blockquote>\n<p><iframe title=\"&#8222;\u00abMinderheit zu sein, stresst\u00bb &#8211; Grosse Anfrage zu LGBTIQ&#8220; &#8212; Mannschaft Magazin\" class=\"wp-embedded-content\" sandbox=\"allow-scripts\" security=\"restricted\" style=\"position: absolute; clip: rect(1px, 1px, 1px, 1px);\" src=\"https:\/\/mannschaft.com\/2020\/01\/17\/lgbtiq-in-deutschland-grosse-anfrage-der-gruenen\/embed\/#?secret=z8lhDRe2bm\" data-secret=\"z8lhDRe2bm\" width=\"600\" height=\"338\" frameborder=\"0\" marginwidth=\"0\" marginheight=\"0\" scrolling=\"no\"><\/iframe><\/p>\n<p>Der Beschuldigte bestritt die Vorw\u00fcrfe. Die Polizeikr\u00e4fte nahmen die Personalien aller Beteiligten auf und fertigten Strafanzeigen wegen Beleidigung und versuchter gef\u00e4hrlicher K\u00f6rperverletzung.<\/p>\n<p>Wer schwul oder lesbisch, bi oder trans ist, lebt gef\u00e4hrlich in der deutschen Hauptstadt. Im Gegensatz zum Vorjahr wurden erneut mehr Angriffe gegen LGBTIQ registiert. Die Zahlen wurden Mitte November vorgestellt\u00a0<a href=\"https:\/\/mannschaft.com\/2019\/12\/02\/mehr-angriffe-gegen-lgbtiq-in-berlin-registriert\/\" target=\"_blank\" rel=\"noopener noreferrer\">(MANNSCHAFT berichtete)<\/a>. Die Tatorte lagen vorwiegend in den Bezirken Mitte, Tempelhof-Sch\u00f6neberg, Friedrichshain-Kreuzberg und Neuk\u00f6lln.<\/p>\n<blockquote class=\"wp-embedded-content\" data-secret=\"wFqks9Vxxk\"><p><a href=\"https:\/\/mannschaft.com\/2020\/01\/17\/vielfaeltige-verkehrsschilder-fuer-genf\/\">Vielf\u00e4ltige Verkehrsschilder f\u00fcr Genf<\/a><\/p><\/blockquote>\n<p><iframe title=\"&#8222;Vielf\u00e4ltige Verkehrsschilder f\u00fcr Genf&#8220; &#8212; Mannschaft Magazin\" class=\"wp-embedded-content\" sandbox=\"allow-scripts\" security=\"restricted\" style=\"position: absolute; clip: rect(1px, 1px, 1px, 1px);\" src=\"https:\/\/mannschaft.com\/2020\/01\/17\/vielfaeltige-verkehrsschilder-fuer-genf\/embed\/#?secret=wFqks9Vxxk\" data-secret=\"wFqks9Vxxk\" width=\"600\" height=\"338\" frameborder=\"0\" marginwidth=\"0\" marginheight=\"0\" scrolling=\"no\"><\/iframe><\/p>\n<p>Die Aufkl\u00e4rungsquote der angezeigten Taten liegt im Moment bei 38 % (2018 waren es 47 %). Erst im Oktober wurden zwei M\u00e4nner gefasst, die im M\u00e4rz eine Gruppe homo- und transphob beleidigt sowie bedroht haben sollen <a href=\"https:\/\/mannschaft.com\/2019\/10\/24\/hassgewalt-gegen-lgbtiq-fahndung-nach-schlaegern\/\" target=\"_blank\" rel=\"noopener noreferrer\">(MANNSCHAFT berichtete).<\/a><\/p>\n<p><a href=\"https:\/\/mannschaft.com\/2019\/09\/24\/vandalismus-lgbtiq-deutliche-zunahme-von-anschlaegen\/\" target=\"_blank\" rel=\"noopener noreferrer\">Auch Angriffe auf Gedenkorte, wie das Denkmal f\u00fcr die Nationalsozialismus verfolgten Homosexuellen, haben zugenommen (MANNSCHAFT berichtete)<\/a>. Die Zahlen brachten sowohl eine Kleine Anfrage von Doris Achelwilm, queerpolitische Sprecherin der Linke- Bundestagsfraktion wie von Sven Lehmann, queerpolitischer Sprecher der Gr\u00fcnen, hervor. Der Lesben- und Schwulenverband (LSVD) fordert ein umfassendes Bund-L\u00e4nder-Programm gegen homophobe und transfeindliche Gewalt inklusive Pr\u00e4ventionsmassnahmen und konsequenter Strafverfolgung.<\/p>\n<p>Bei unserem ersten MANNSCHAFT-Talk in M\u00fcnchen Mitte Februar 2020 besch\u00e4ftigen wir uns mit dem Thema Gewalt gegen LGBTIQ in Bayern \u2013\u00a0<a href=\"https:\/\/www.facebook.com\/events\/3129791587091769\/\" target=\"_blank\" rel=\"noopener noreferrer\">hier geht es zur Facebook-Veranstaltung<\/a>.<\/p>\n","protected":false},"excerpt":{"rendered":"<p>In Berlin wurde ein Jugendlicher homophob beleidigt, dann ging der 16-j\u00e4hrige Angreifer mit dem G\u00fcrtel auf ihn los.\u00a0 <a class=\"g1-link g1-link-more\" href=\"https:\/\/alte.mannschaft.lgbt\/bimber\/homofeindlicher-angriff-mit-guertel-gegen-15-jaehrigen\/\">Weiterlesen<\/a><\/p>\n","protected":false},"author":1,"featured_media":27785,"comment_status":"closed","ping_status":"closed","sticky":false,"template":"","format":"standard","meta":[],"categories":[3],"tags":[128,5461],"wps_subtitle":"Der beschuldigte Angreifer bestreitet die Tat","_links":{"self":[{"href":"https:\/\/alte.mannschaft.lgbt\/bimber\/wp-json\/wp\/v2\/posts\/70783"}],"collection":[{"href":"https:\/\/alte.mannschaft.lgbt\/bimber\/wp-json\/wp\/v2\/posts"}],"about":[{"href":"https:\/\/alte.mannschaft.lgbt\/bimber\/wp-json\/wp\/v2\/types\/post"}],"author":[{"embeddable":true,"href":"https:\/\/alte.mannschaft.lgbt\/bimber\/wp-json\/wp\/v2\/users\/1"}],"replies":[{"embeddable":true,"href":"https:\/\/alte.mannschaft.lgbt\/bimber\/wp-json\/wp\/v2\/comments?post=70783"}],"version-history":[{"count":0,"href":"https:\/\/alte.mannschaft.lgbt\/bimber\/wp-json\/wp\/v2\/posts\/70783\/revisions"}],"wp:featuredmedia":[{"embeddable":true,"href":"https:\/\/alte.mannschaft.lgbt\/bimber\/wp-json\/wp\/v2\/media\/27785"}],"wp:attachment":[{"href":"https:\/\/alte.mannschaft.lgbt\/bimber\/wp-json\/wp\/v2\/media?parent=70783"}],"wp:term":[{"taxonomy":"category","embeddable":true,"href":"https:\/\/alte.mannschaft.lgbt\/bimber\/wp-json\/wp\/v2\/categories?post=70783"},{"taxonomy":"post_tag","embeddable":true,"href":"https:\/\/alte.mannschaft.lgbt\/bimber\/wp-json\/wp\/v2\/tags?post=70783"}],"curies":[{"name":"wp","href":"https:\/\/api.w.org\/{rel}","templated":true}]}}