{"id":70743,"date":"2020-01-19T12:35:03","date_gmt":"2020-01-19T11:35:03","guid":{"rendered":"https:\/\/mannschaft.com\/?p=70743"},"modified":"2020-01-22T09:38:33","modified_gmt":"2020-01-22T08:38:33","slug":"demo-fuer-schutz-vor-hass-auch-grossmuenster-zeigt-flagge","status":"publish","type":"post","link":"https:\/\/alte.mannschaft.lgbt\/bimber\/demo-fuer-schutz-vor-hass-auch-grossmuenster-zeigt-flagge\/","title":{"rendered":"Demos gegen Hass auf LGBTIQ &#8211; auch Grossm\u00fcnster zeigt Flagge"},"content":{"rendered":"<h3>3000 Demonstrierende gingen am Samstag in Z\u00fcrich gegen Hass auf LGBTIQ auf die Strasse. Deutliche Solidarit\u00e4t zeigte das Grossm\u00fcnster mit einer riesigen Regenbogenfahne.<\/h3>\n<p>Rund 3000 Personen demonstrierten in Z\u00fcrich f\u00fcr das Ja zum Schutz vor Hass am 9. Februar. Zielpunkt der Demo war das Grossm\u00fcnster, dessen Nordturm mit einer riesigen Regenbogenfahne geschm\u00fcckt wurde. Damit zeigt auch die reformierte Kirche, dass sie f\u00fcr eine Gesellschaft ohne Hass einsteht.<\/p>\n<blockquote class=\"wp-embedded-content\" data-secret=\"7TLScjKSM8\"><p><a href=\"https:\/\/mannschaft.com\/2020\/01\/16\/guatemala-schwul-morddrohungen-gegen-abgeordneten\/\">Morddrohungen gegen ersten schwulen Abgeordneten in Guatemala<\/a><\/p><\/blockquote>\n<p><iframe title=\"&#8222;Morddrohungen gegen ersten schwulen Abgeordneten in Guatemala&#8220; &#8212; Mannschaft Magazin\" class=\"wp-embedded-content\" sandbox=\"allow-scripts\" security=\"restricted\" style=\"position: absolute; clip: rect(1px, 1px, 1px, 1px);\" src=\"https:\/\/mannschaft.com\/2020\/01\/16\/guatemala-schwul-morddrohungen-gegen-abgeordneten\/embed\/#?secret=7TLScjKSM8\" data-secret=\"7TLScjKSM8\" width=\"600\" height=\"338\" frameborder=\"0\" marginwidth=\"0\" marginheight=\"0\" scrolling=\"no\"><\/iframe><\/p>\n<p>\u00dcber 3000 friedliche Demonstrant*innen trafen sich um 13.00 Uhr auf dem Helvetiaplatz, um durch die Stadt Z\u00fcrich ziehend f\u00fcr ein Ja zum Schutz vor Hass und f\u00fcr die Akzeptanz von Lesben, Schwulen und Bisexuellen zu demonstrieren. Nach den verschiedenen Vorf\u00e4llen von gewaltt\u00e4tigen \u00dcbergriffen auf gleichgeschlechtliche Paare im Z\u00fcrcher Nachtleben <a href=\"http:\/\/mannschaft.com\/2020\/01\/01\/schwules-paerchen-in-zuerich-krankenhausreif-geschlagen\/\" target=\"_blank\" rel=\"noopener noreferrer\">(MANNSCHAFT berichtete)<\/a> war die Demonstration ein selbstbewusstes Zeichen, dass sich die LGBTIQ-Community nicht einsch\u00fcchtern l\u00e4sst.<\/p>\n<p>\u00abMit dieser Demonstration hat die Community gezeigt, dass sie geeint f\u00fcr ein Ja zum Schutz vor Hass k\u00e4mpft\u00bb, erkl\u00e4rte Patrick Hadi Huber, Mitorganisator der Demo und Pr\u00e4sident von HAZ. Queer Z\u00fcrich erfreut: \u00abDie j\u00fcngsten Angriffe zeigen es leider deutlich: Wir m\u00fcssen dringend ein klares Zeichen gegen homophoben Hass setzen. Dieser Hass und diese Angriffe d\u00fcrfen in unserer Gesellschaft keinen Platz haben.\u00bb Er ruft deshalb die Stimmbev\u00f6lkerung dazu auf, am 9. Februar ein klares Ja in die Urne zu werfen.<\/p>\n<figure id=\"attachment_70744\" aria-describedby=\"caption-attachment-70744\" style=\"width: 2560px\" class=\"wp-caption alignnone\"><a href=\"https:\/\/mannschaft.com\/bimber\/wp-content\/uploads\/2020\/01\/IMG_9760-scaled.jpg\"><img data-expand=\"600\" decoding=\"async\" loading=\"lazy\" class=\"lazyload wp-image-70744 size-full\" src=\"data:image\/svg+xml;charset=utf-8,%3Csvg xmlns%3D'http%3A%2F%2Fwww.w3.org%2F2000%2Fsvg' viewBox%3D'0 0 2560 1707'%2F%3E\" data-src=\"https:\/\/mannschaft.com\/bimber\/wp-content\/uploads\/2020\/01\/IMG_9760-scaled.jpg\" alt=\"Hass auf LGBTIQ\" width=\"2560\" height=\"1707\" data-srcset=\"https:\/\/alte.mannschaft.lgbt\/bimber\/wp-content\/uploads\/2020\/01\/IMG_9760-scaled.jpg 2560w, https:\/\/alte.mannschaft.lgbt\/bimber\/wp-content\/uploads\/2020\/01\/IMG_9760-300x200.jpg 300w, https:\/\/alte.mannschaft.lgbt\/bimber\/wp-content\/uploads\/2020\/01\/IMG_9760-425x283.jpg 425w, https:\/\/alte.mannschaft.lgbt\/bimber\/wp-content\/uploads\/2020\/01\/IMG_9760-768x512.jpg 768w, https:\/\/alte.mannschaft.lgbt\/bimber\/wp-content\/uploads\/2020\/01\/IMG_9760-1536x1024.jpg 1536w, https:\/\/alte.mannschaft.lgbt\/bimber\/wp-content\/uploads\/2020\/01\/IMG_9760-2048x1365.jpg 2048w, https:\/\/alte.mannschaft.lgbt\/bimber\/wp-content\/uploads\/2020\/01\/IMG_9760-180x120.jpg 180w, https:\/\/alte.mannschaft.lgbt\/bimber\/wp-content\/uploads\/2020\/01\/IMG_9760-561x374.jpg 561w, https:\/\/alte.mannschaft.lgbt\/bimber\/wp-content\/uploads\/2020\/01\/IMG_9760-1122x748.jpg 1122w, https:\/\/alte.mannschaft.lgbt\/bimber\/wp-content\/uploads\/2020\/01\/IMG_9760-364x243.jpg 364w, https:\/\/alte.mannschaft.lgbt\/bimber\/wp-content\/uploads\/2020\/01\/IMG_9760-758x505.jpg 758w, https:\/\/alte.mannschaft.lgbt\/bimber\/wp-content\/uploads\/2020\/01\/IMG_9760-608x405.jpg 608w, https:\/\/alte.mannschaft.lgbt\/bimber\/wp-content\/uploads\/2020\/01\/IMG_9760-1152x768.jpg 1152w, https:\/\/alte.mannschaft.lgbt\/bimber\/wp-content\/uploads\/2020\/01\/IMG_9760-72x48.jpg 72w, https:\/\/alte.mannschaft.lgbt\/bimber\/wp-content\/uploads\/2020\/01\/IMG_9760-144x96.jpg 144w, https:\/\/alte.mannschaft.lgbt\/bimber\/wp-content\/uploads\/2020\/01\/IMG_9760-313x209.jpg 313w, https:\/\/alte.mannschaft.lgbt\/bimber\/wp-content\/uploads\/2020\/01\/IMG_9760-400x267.jpg 400w\" data-sizes=\"(max-width: 2560px) 100vw, 2560px\" \/><\/a><figcaption id=\"caption-attachment-70744\" class=\"wp-caption-text\">Das Grossm\u00fcnster hatte seinen Nordturm mit einer riesigen Regenbogenfahne geschm\u00fcckt (Foto: Andrea Jerger)<\/figcaption><\/figure>\n<p>Der Demonstrationszug endete im Z\u00fcrcher Niederdorf auf dem Platz vor dem Grossm\u00fcnster, wo die versammelte Menschenmenge eine 10&#215;30 Meter grosse Regenbogenfahne bestaunen konnte, die vom Nordturm der Kirche ausgerollt wurde. \u00abWir freuen uns sehr \u00fcber die Unterst\u00fctzung der reformierten Kirche und dieses \u00f6ffentliche und klare Statement f\u00fcr mehr Akzeptanz\u00bb, erkl\u00e4rt Eva Kaderli, Mitorganisatorin der Demonstration und Co-Pr\u00e4sidentin vom Verein Zwischenraum, der sich f\u00fcr queere Menschen in den Kirchen einsetzt.<\/p>\n<figure id=\"attachment_70745\" aria-describedby=\"caption-attachment-70745\" style=\"width: 2560px\" class=\"wp-caption alignnone\"><a href=\"https:\/\/mannschaft.com\/bimber\/wp-content\/uploads\/2020\/01\/IMG_9571-scaled.jpg\"><img data-expand=\"600\" decoding=\"async\" loading=\"lazy\" class=\"lazyload wp-image-70745 size-full\" src=\"data:image\/svg+xml;charset=utf-8,%3Csvg xmlns%3D'http%3A%2F%2Fwww.w3.org%2F2000%2Fsvg' viewBox%3D'0 0 2560 1706'%2F%3E\" data-src=\"https:\/\/mannschaft.com\/bimber\/wp-content\/uploads\/2020\/01\/IMG_9571-scaled.jpg\" alt=\"Hass auf LGBTIQ\" width=\"2560\" height=\"1706\" data-srcset=\"https:\/\/alte.mannschaft.lgbt\/bimber\/wp-content\/uploads\/2020\/01\/IMG_9571-scaled.jpg 2560w, https:\/\/alte.mannschaft.lgbt\/bimber\/wp-content\/uploads\/2020\/01\/IMG_9571-300x200.jpg 300w, https:\/\/alte.mannschaft.lgbt\/bimber\/wp-content\/uploads\/2020\/01\/IMG_9571-425x283.jpg 425w, https:\/\/alte.mannschaft.lgbt\/bimber\/wp-content\/uploads\/2020\/01\/IMG_9571-768x512.jpg 768w, https:\/\/alte.mannschaft.lgbt\/bimber\/wp-content\/uploads\/2020\/01\/IMG_9571-1536x1024.jpg 1536w, https:\/\/alte.mannschaft.lgbt\/bimber\/wp-content\/uploads\/2020\/01\/IMG_9571-2048x1365.jpg 2048w, https:\/\/alte.mannschaft.lgbt\/bimber\/wp-content\/uploads\/2020\/01\/IMG_9571-180x120.jpg 180w, https:\/\/alte.mannschaft.lgbt\/bimber\/wp-content\/uploads\/2020\/01\/IMG_9571-561x374.jpg 561w, https:\/\/alte.mannschaft.lgbt\/bimber\/wp-content\/uploads\/2020\/01\/IMG_9571-1122x748.jpg 1122w, https:\/\/alte.mannschaft.lgbt\/bimber\/wp-content\/uploads\/2020\/01\/IMG_9571-364x243.jpg 364w, https:\/\/alte.mannschaft.lgbt\/bimber\/wp-content\/uploads\/2020\/01\/IMG_9571-758x505.jpg 758w, https:\/\/alte.mannschaft.lgbt\/bimber\/wp-content\/uploads\/2020\/01\/IMG_9571-608x405.jpg 608w, https:\/\/alte.mannschaft.lgbt\/bimber\/wp-content\/uploads\/2020\/01\/IMG_9571-1152x768.jpg 1152w, https:\/\/alte.mannschaft.lgbt\/bimber\/wp-content\/uploads\/2020\/01\/IMG_9571-72x48.jpg 72w, https:\/\/alte.mannschaft.lgbt\/bimber\/wp-content\/uploads\/2020\/01\/IMG_9571-144x96.jpg 144w, https:\/\/alte.mannschaft.lgbt\/bimber\/wp-content\/uploads\/2020\/01\/IMG_9571-313x209.jpg 313w, https:\/\/alte.mannschaft.lgbt\/bimber\/wp-content\/uploads\/2020\/01\/IMG_9571-400x267.jpg 400w\" data-sizes=\"(max-width: 2560px) 100vw, 2560px\" \/><\/a><figcaption id=\"caption-attachment-70745\" class=\"wp-caption-text\">Foto: Andrea Jerger<\/figcaption><\/figure>\n<p>Dies zeige, wie breit die Unterst\u00fctzung f\u00fcr den Schutz vor Hass sei und dass auch kirchliche Kreise eine Erweiterung der Diskriminierungsstrafnorm klar bef\u00fcrworteten. Im vergangenen Sommer hatte sich\u00a0Gottfried Locher, h\u00f6chster Reformierter der Schweiz, klar die Ehe\u00f6ffnung f\u00fcr Schwule und Lesben ausgesprochen <a href=\"https:\/\/mannschaft.com\/2019\/08\/16\/der-hoechste-reformierte-sagt-ja-zur-eheoeffnung\/\" target=\"_blank\" rel=\"noopener noreferrer\">(MANNSCHAFT berichtete)<\/a>.<\/p>\n<p>Die bewilligte Demonstration wurde von lokalen LGBTIQ-Vereinen und dem nationalen Komitee Ja zum Schutz vor Hass organisiert. Sie war eine von \u00fcber zehn Aktionen, die in der ganzen Schweiz f\u00fcr ein Ja am 9. Februar aufriefen. In Luzern etwa gab es ein weiteres Kiss-in.<\/p>\n<blockquote class=\"wp-embedded-content\" data-secret=\"Le0fhT16Ey\"><p><a href=\"https:\/\/mannschaft.com\/2020\/01\/10\/universitaet-freiburg-setzt-homophobe-dozentin-ab\/\">Universit\u00e4t Freiburg setzt homophobe Dozentin ab<\/a><\/p><\/blockquote>\n<p><iframe title=\"&#8222;Universit\u00e4t Freiburg setzt homophobe Dozentin ab&#8220; &#8212; Mannschaft Magazin\" class=\"wp-embedded-content\" sandbox=\"allow-scripts\" security=\"restricted\" style=\"position: absolute; clip: rect(1px, 1px, 1px, 1px);\" src=\"https:\/\/mannschaft.com\/2020\/01\/10\/universitaet-freiburg-setzt-homophobe-dozentin-ab\/embed\/#?secret=Le0fhT16Ey\" data-secret=\"Le0fhT16Ey\" width=\"600\" height=\"338\" frameborder=\"0\" marginwidth=\"0\" marginheight=\"0\" scrolling=\"no\"><\/iframe><\/p>\n<p>Mit diesen Aktionen forderten tausende lesbische, schwule und bisexuelle Menschen, dass sie endlich vor Hass und Diskriminierung gesch\u00fctzt werden. Das\u00a0wird mit Ausnahme von SVP von allen Bundesratsparteien bef\u00fcrwortet, zudem auch von den Gr\u00fcnen, der BDP und der GLP <a href=\"https:\/\/mannschaft.com\/2020\/01\/12\/svp-steht-mit-nein-zum-schutz-vor-hass-alleine-da\/\">(MANNSCHAFT berichtete)<\/a>.<\/p>\n","protected":false},"excerpt":{"rendered":"<p>3000 Demonstrierende gingen am Samstag in Z\u00fcrich gegen Hass auf LGBTIQ auf die Strasse. Deutliche Solidarit\u00e4t zeigte das Grossm\u00fcnster mit einer riesigen Regenbogenfahne. <a class=\"g1-link g1-link-more\" href=\"https:\/\/alte.mannschaft.lgbt\/bimber\/demo-fuer-schutz-vor-hass-auch-grossmuenster-zeigt-flagge\/\">Weiterlesen<\/a><\/p>\n","protected":false},"author":1,"featured_media":70746,"comment_status":"closed","ping_status":"closed","sticky":false,"template":"","format":"standard","meta":[],"categories":[1340],"tags":[5507,5461,39],"wps_subtitle":"Nach gewaltt\u00e4tigen \u00dcbergriffen auf schwule Paare im Z\u00fcrcher Nachtleben zeigte die queere Community, dass sie sich nicht einsch\u00fcchtern l\u00e4sst","_links":{"self":[{"href":"https:\/\/alte.mannschaft.lgbt\/bimber\/wp-json\/wp\/v2\/posts\/70743"}],"collection":[{"href":"https:\/\/alte.mannschaft.lgbt\/bimber\/wp-json\/wp\/v2\/posts"}],"about":[{"href":"https:\/\/alte.mannschaft.lgbt\/bimber\/wp-json\/wp\/v2\/types\/post"}],"author":[{"embeddable":true,"href":"https:\/\/alte.mannschaft.lgbt\/bimber\/wp-json\/wp\/v2\/users\/1"}],"replies":[{"embeddable":true,"href":"https:\/\/alte.mannschaft.lgbt\/bimber\/wp-json\/wp\/v2\/comments?post=70743"}],"version-history":[{"count":0,"href":"https:\/\/alte.mannschaft.lgbt\/bimber\/wp-json\/wp\/v2\/posts\/70743\/revisions"}],"wp:featuredmedia":[{"embeddable":true,"href":"https:\/\/alte.mannschaft.lgbt\/bimber\/wp-json\/wp\/v2\/media\/70746"}],"wp:attachment":[{"href":"https:\/\/alte.mannschaft.lgbt\/bimber\/wp-json\/wp\/v2\/media?parent=70743"}],"wp:term":[{"taxonomy":"category","embeddable":true,"href":"https:\/\/alte.mannschaft.lgbt\/bimber\/wp-json\/wp\/v2\/categories?post=70743"},{"taxonomy":"post_tag","embeddable":true,"href":"https:\/\/alte.mannschaft.lgbt\/bimber\/wp-json\/wp\/v2\/tags?post=70743"}],"curies":[{"name":"wp","href":"https:\/\/api.w.org\/{rel}","templated":true}]}}