{"id":70706,"date":"2020-01-17T17:45:13","date_gmt":"2020-01-17T16:45:13","guid":{"rendered":"https:\/\/mannschaft.com\/?p=70706"},"modified":"2020-01-20T09:02:53","modified_gmt":"2020-01-20T08:02:53","slug":"cologne-pride-einigkeit-recht-freiheit-tumulte-wegen-motto","status":"publish","type":"post","link":"https:\/\/alte.mannschaft.lgbt\/bimber\/cologne-pride-einigkeit-recht-freiheit-tumulte-wegen-motto\/","title":{"rendered":"\u00abEinigkeit! Recht! Freiheit!\u00bb &#8211; Tumult wegen Pride-Motto"},"content":{"rendered":"<h3>In f\u00fcnfeinhalb Monaten steigt die Cologne Pride 2020. Das diesj\u00e4hrige Motto \u00abEinigkeit! Recht! Freiheit!\u00bb f\u00fchrt wegen seiner N\u00e4he zur Nationalhymne seit Wochen zu heftigen Diskussionen. Nun gab es eine Veranstaltung in K\u00f6ln, die aus dem Ruder lief. Mitglieder des KLuST-Vorstands sollen von Teilnehmer*innen k\u00f6rperlich angegangen worden sein.<\/h3>\n<p>Das Motto der Cologne Pride 2020 ist h\u00f6chst umstritten, wie sich u. a. an den Facebook-Kommentaren im Profil des Cologne Pride zeigt. \u00abEinigkeit Recht und Freiheit? Sorry, dieses Jahr dann nicht mit mir\u00bb, schreibt einer.<\/p>\n<blockquote class=\"wp-embedded-content\" data-secret=\"2DSesiPX0G\"><p><a href=\"https:\/\/mannschaft.com\/2019\/12\/05\/hamburg-unterstuetzt-csd-2020-mit-bis-zu-50-000-euro\/\">Hamburg unterst\u00fctzt CSD 2020 mit bis zu 50.000 Euro<\/a><\/p><\/blockquote>\n<p><iframe title=\"&#8222;Hamburg unterst\u00fctzt CSD 2020 mit bis zu 50.000 Euro&#8220; &#8212; Mannschaft Magazin\" class=\"wp-embedded-content\" sandbox=\"allow-scripts\" security=\"restricted\" style=\"position: absolute; clip: rect(1px, 1px, 1px, 1px);\" src=\"https:\/\/mannschaft.com\/2019\/12\/05\/hamburg-unterstuetzt-csd-2020-mit-bis-zu-50-000-euro\/embed\/#?secret=2DSesiPX0G\" data-secret=\"2DSesiPX0G\" width=\"600\" height=\"338\" frameborder=\"0\" marginwidth=\"0\" marginheight=\"0\" scrolling=\"no\"><\/iframe><\/p>\n<p>Ein andere meint dagegen: \u00abEinigkeit und Recht und Freiheit sind die Grunds\u00e4ulen unserer demokratischen Grundordnung die in der dritten Strophe der Nationalhymne ausgedr\u00fcckt werden. Es ist mir absolut unverst\u00e4ndlich wie man sich nicht zu solchen tollen Werten bekennen kann um die uns andere L\u00e4nder wirklich nur beneiden. Wie gehirngewaschen sind wir denn mittlerweile?\u00bb<\/p>\n<p><a href=\"https:\/\/www.fr.de\/meinung\/csd-einigkeit-recht-freiheit-cologne-pride-wird-patriotisch-13354323.html\" target=\"_blank\" rel=\"noopener noreferrer\">In der<em> Frankfurter Rundschau<\/em> erschien dazu im Dezember ein Kommentar<\/a>. \u00abIst das euer Ernst? Das stimmt doch hinten und vorne nicht\u00bb, schrieb Katja Thorwarth dazu. Der gesellschaftliche Rollback habe Einfluss auch in jene Szene genommen, die sich seit Jahrzehnten von patriarchalen Gesellschaftsmodellen emanzipiert, so die Autorin weiter.<\/p>\n<p>Kritik kommt auch von linken Parteien, unter anderem von den K\u00f6lner Jugendorganisationen von Gr\u00fcnen, SPD und Linken. In einem gemeinsamen Offenen Brief nennen sie das Motto \u00abunverantwortlich in Zeiten von verst\u00e4rktem Nationalismus und immer noch andauernder Diskriminierung queerer Menschen durch den deutschen Staat\u00bb. Der Brief wurde u. a. vom Bundesverband der Gr\u00fcnen Jugend, Fridays for Future K\u00f6ln sowie den LGBTIQ-Gruppen der Uni Bonn und der Technischen Hochschule K\u00f6ln unterzeichnet.<\/p>\n<p><iframe loading=\"lazy\" style=\"border: none; overflow: hidden;\" src=\"https:\/\/www.facebook.com\/plugins\/post.php?href=https%3A%2F%2Fwww.facebook.com%2Fgjkoeln%2Fposts%2F2694113070624413&amp;width=500\" width=\"500\" height=\"733\" frameborder=\"0\" scrolling=\"no\"><\/iframe><\/p>\n<p>Man bef\u00fcrchte, das Motto \u00abEinigkeit! Recht! Freiheit!\u00bb sei unverantwortlich in Zeiten von verst\u00e4rktem Nationalismus und immer noch andauernder Diskriminierung queerer Menschen durch den deutschen Staat. F\u00fcr einige Gruppen w\u00e4re eine Teilnahme unter diesem Motto unm\u00f6glich. Man weist den CSD-Veranstalter, den Verein KLuST, nachdr\u00fccklich darauf hin, dass es zeitlich noch m\u00f6glich sei, das Motto neu zu fassen. Der h\u00e4lt wiederum dagegen, man wolle die Deutungshoheit der Werte Einigkeit, Recht und Freiheit nicht den Rechtspopulist*innen \u00fcberlassen.<\/p>\n<p>Um \u00fcber das Motto der Cologne Pride zu diskutieren, gab es am Donnerstag nun einen \u00f6ffentlichen Talk in K\u00f6ln. Doch man habe direkt zu Beginn der Veranstaltung feststellen m\u00fcssen, dass von einigen Teilnehmer*innen eine \u00abBereitschaft zu einem respektvollen Umgang und einer konstruktiven Diskussion nicht vorhanden und auch nicht erw\u00fcnscht war\u00bb, heisst in einer Stellungnahme des KLuSt am Freitagnachmittag.<\/p>\n<blockquote class=\"wp-embedded-content\" data-secret=\"CUKVA26ddh\"><p><a href=\"https:\/\/mannschaft.com\/2019\/07\/28\/fahne-bei-csd-berlin-angezuendet-fahrgaeste-homophob-beleidigt\/\">CSD Berlin: Fahne angez\u00fcndet, Besucher angegriffen<\/a><\/p><\/blockquote>\n<p><iframe title=\"&#8222;CSD Berlin: Fahne angez\u00fcndet, Besucher angegriffen&#8220; &#8212; Mannschaft Magazin\" class=\"wp-embedded-content\" sandbox=\"allow-scripts\" security=\"restricted\" style=\"position: absolute; clip: rect(1px, 1px, 1px, 1px);\" src=\"https:\/\/mannschaft.com\/2019\/07\/28\/fahne-bei-csd-berlin-angezuendet-fahrgaeste-homophob-beleidigt\/embed\/#?secret=CUKVA26ddh\" data-secret=\"CUKVA26ddh\" width=\"600\" height=\"338\" frameborder=\"0\" marginwidth=\"0\" marginheight=\"0\" scrolling=\"no\"><\/iframe><\/p>\n<p>Wie Norbert Blech f\u00fcr das Portal <a href=\"https:\/\/www.queer.de\/detail.php?article_id=35313\" target=\"_blank\" rel=\"noopener noreferrer\"><em>queer.de<\/em> <\/a>berichtet, gab es zu Beginn des Talks eine Art Flashmob, als zur eingespielten Deutschland-Nationalhymne Besucher*innen Kurz-Biografien verlasen, etwa die eines Mannes, der nach Paragraf 175 verfolgt wurde. Es wurde hitzig diskutiert, Tr\u00e4nen flossen.<\/p>\n<p>Eine Ann\u00e4herung der denkbar kontr\u00e4ren Positionen war so nat\u00fcrlich nicht m\u00f6glich. Es sei, schreibt der KLuST, eine Chance vertan worden, \u00abgegenseitige Bedenken, \u00c4ngste, Wut und Sorgen anzusprechen und gemeinsam eine L\u00f6sung hierf\u00fcr zu finden\u00bb.<\/p>\n<p>Der Vorstand des KLuST verurteile jegliche Form von Gewalt, Sexismus und jegliche Beleidigungen und Bedrohungen, die w\u00e4hrend der Veranstaltung angewandt worden sei. Zudem weise man den Vorwurf, mit den Rechten zusammenzuarbeiten, entschieden zur\u00fcck.<\/p>\n<p>Man sei dar\u00fcber erschrocken, dass Vorstandsmitglieder nach der Veranstaltung von Teilnehmer*innen physisch angegangen worden seien. Ein konstruktiver Umgang mit dem Motto, mit der Kritik hieran und einem respektvollen Umgang miteinander sei aus KLuST-Sicht nicht zu erkennen gewesen.<\/p>\n<blockquote class=\"wp-embedded-content\" data-secret=\"8qOMqoYcCw\"><p><a href=\"https:\/\/mannschaft.com\/2020\/01\/07\/lgbtiq-news-die-erste-mannschaft-2020-ist-da\/\">Das bringt die erste MANNSCHAFT des Jahres 2020<\/a><\/p><\/blockquote>\n<p><iframe title=\"&#8222;Das bringt die erste MANNSCHAFT des Jahres 2020&#8220; &#8212; Mannschaft Magazin\" class=\"wp-embedded-content\" sandbox=\"allow-scripts\" security=\"restricted\" style=\"position: absolute; clip: rect(1px, 1px, 1px, 1px);\" src=\"https:\/\/mannschaft.com\/2020\/01\/07\/lgbtiq-news-die-erste-mannschaft-2020-ist-da\/embed\/#?secret=8qOMqoYcCw\" data-secret=\"8qOMqoYcCw\" width=\"600\" height=\"338\" frameborder=\"0\" marginwidth=\"0\" marginheight=\"0\" scrolling=\"no\"><\/iframe><\/p>\n<p>Man habe die Veranstaltung vorzeitig abbrechen m\u00fcssen, ohne dass sich der Vorstand in die Diskussion habe einbringen k\u00f6nnen. \u00dcber das weitere Vorgehen wolle man sich nun beraten.<\/p>\n<p>Bisher sieht es nicht so aus, als wollte der Verein das Motto \u00fcberdenken. Wie man gestern erneut betonte, sei das Motto zur Cologne Pride in einem demokratischen Prozess gew\u00e4hlt worden. Das k\u00f6nne man nicht einfach ignorieren.<\/p>\n","protected":false},"excerpt":{"rendered":"<p>In gut f\u00fcnf Monaten steigt die Cologne Pride 2020. Das Motto \u00abEinigkeit! Recht! Freiheit!\u00bb f\u00fchrt seit Monaten zu Diskussionen. Nun gab es dazu eine Veranstaltung, die aus dem Ruder lief. <a class=\"g1-link g1-link-more\" href=\"https:\/\/alte.mannschaft.lgbt\/bimber\/cologne-pride-einigkeit-recht-freiheit-tumulte-wegen-motto\/\">Weiterlesen<\/a><\/p>\n","protected":false},"author":3,"featured_media":70719,"comment_status":"closed","ping_status":"closed","sticky":false,"template":"","format":"standard","meta":[],"categories":[3],"tags":[5503],"wps_subtitle":"Das diesj\u00e4hrige Motto der Cologne Pride ist heftig umstritten","_links":{"self":[{"href":"https:\/\/alte.mannschaft.lgbt\/bimber\/wp-json\/wp\/v2\/posts\/70706"}],"collection":[{"href":"https:\/\/alte.mannschaft.lgbt\/bimber\/wp-json\/wp\/v2\/posts"}],"about":[{"href":"https:\/\/alte.mannschaft.lgbt\/bimber\/wp-json\/wp\/v2\/types\/post"}],"author":[{"embeddable":true,"href":"https:\/\/alte.mannschaft.lgbt\/bimber\/wp-json\/wp\/v2\/users\/3"}],"replies":[{"embeddable":true,"href":"https:\/\/alte.mannschaft.lgbt\/bimber\/wp-json\/wp\/v2\/comments?post=70706"}],"version-history":[{"count":0,"href":"https:\/\/alte.mannschaft.lgbt\/bimber\/wp-json\/wp\/v2\/posts\/70706\/revisions"}],"wp:featuredmedia":[{"embeddable":true,"href":"https:\/\/alte.mannschaft.lgbt\/bimber\/wp-json\/wp\/v2\/media\/70719"}],"wp:attachment":[{"href":"https:\/\/alte.mannschaft.lgbt\/bimber\/wp-json\/wp\/v2\/media?parent=70706"}],"wp:term":[{"taxonomy":"category","embeddable":true,"href":"https:\/\/alte.mannschaft.lgbt\/bimber\/wp-json\/wp\/v2\/categories?post=70706"},{"taxonomy":"post_tag","embeddable":true,"href":"https:\/\/alte.mannschaft.lgbt\/bimber\/wp-json\/wp\/v2\/tags?post=70706"}],"curies":[{"name":"wp","href":"https:\/\/api.w.org\/{rel}","templated":true}]}}