{"id":70683,"date":"2020-01-17T15:13:18","date_gmt":"2020-01-17T14:13:18","guid":{"rendered":"https:\/\/mannschaft.com\/?p=70683"},"modified":"2021-04-13T09:56:06","modified_gmt":"2021-04-13T07:56:06","slug":"lgbtiq-in-deutschland-grosse-anfrage-der-gruenen","status":"publish","type":"post","link":"https:\/\/alte.mannschaft.lgbt\/bimber\/lgbtiq-in-deutschland-grosse-anfrage-der-gruenen\/","title":{"rendered":"\u00abMinderheit zu sein, stresst\u00bb &#8211; Grosse Anfrage zu LGBTIQ"},"content":{"rendered":"<h3>Die Gr\u00fcnen-Bundestagsfraktion hat am Freitag eine Grosse Anfrage zur sozialen und gesundheitlichen Situation von LGBTIQ in Deutschland vorgestellt. Am Donnerstag wurde sie eingereicht.<\/h3>\n<p>Die Gr\u00fcnen machen damit &#8211; nach eigenen Angaben erstmals &#8211; diese Thematik umfangreich im Deutschen Bundestag sichtbar. Die Grosse Anfrage <a href=\"https:\/\/mannschaft.com\/bimber\/wp-content\/uploads\/2020\/01\/Grosse_Anfrage_Soziale_und_gesundheitliche_Situation_von_-LSBTI.pdf\">(PDF)<\/a>\u00a0enth\u00e4lt \u00fcber 200 Fragen und wurde in Kooperation mit Beratungsstellen und Verb\u00e4nden erarbeitet. Es geht u. a. um Obdachlosigkeit bei LGBTIQ-Personen, um Bisexualit\u00e4t, aber auch um LGBTIQ mit Behinderung.<\/p>\n<p>\u00abDiskriminierung macht krank und grenzt sozial aus\u00bb, erkl\u00e4rte dazu der Bundestagsabgeordnete Sven Lehmann, Sprecher f\u00fcr Queerpolitik und Sozialpolitik der Gr\u00fcnen-Bundestagsfraktion. Zwar sei man in Deutschland dank \u00d6ffnung der Ehe <a href=\"https:\/\/mannschaft.com\/2017\/10\/01\/tschuess-lebenspartnerschaft-hallo-ehe-fuer-alle\/\" target=\"_blank\" rel=\"noopener noreferrer\">(MANNSCHAFT berichtete)<\/a> und Dritter Option beim Geschlechtseintrag heute rechtlich weiter als je zuvor.<\/p>\n<p>\u00abAber Lesben, Schwule, Bisexuelle, trans- und intergeschlechtliche Menschen werden gesellschaftlich noch immer nicht als gleichwertig angesehen. Das Ringen um Akzeptanz in der Familie, am Arbeitsplatz, im Sportverein kostet Kraft. Wer auf dem Schulhof als <em>Scheiss Lesbe<\/em>\u00a0oder <em>Schwule Sau<\/em>\u00a0beschimpft und gemobbt wird, kann dar\u00fcber krank werden.\u00bb<\/p>\n<p><strong>LGBTIQ in Deutschland: grosse Mehrheit erlebt Diskriminierung<br \/>\n<\/strong>Mitglied einer Minderheit zu sein, stresst. Und zwar gewaltig. So liegt die Selbstmordrate bei homo- und bisexuellen Jugendlichen und jungen Erwachsenen signifikant h\u00f6her als bei gleichaltrigen Heteros. Aktuelle Studien sprechen von einem dreifach bis sogar vier- bis achtfach h\u00f6heren Risiko. Und: 82 Prozent der lesbischen, schwulen und bisexuellen Jugendlichen und 96 Prozent der trans Jugendlichen haben Diskriminierungserfahrungen gemacht aufgrund ihrer sexuellen bzw. geschlechtlichen Identit\u00e4t.<\/p>\n<blockquote class=\"wp-embedded-content\" data-secret=\"BTVaVa7ATU\"><p><a href=\"https:\/\/mannschaft.com\/autobiografischer-roman-von-nora-eckert-voller-herzenswaerme\/\">Autobiografischer Roman von Nora Eckert voller Herzensw\u00e4rme<\/a><\/p><\/blockquote>\n<p><iframe class=\"wp-embedded-content\" sandbox=\"allow-scripts\" security=\"restricted\" style=\"position: absolute; clip: rect(1px, 1px, 1px, 1px);\" title=\"&#8222;Autobiografischer Roman von Nora Eckert voller Herzensw\u00e4rme&#8220; &#8212; Mannschaft\" src=\"https:\/\/mannschaft.com\/autobiografischer-roman-von-nora-eckert-voller-herzenswaerme\/embed\/#?secret=BTVaVa7ATU\" data-secret=\"BTVaVa7ATU\" width=\"600\" height=\"338\" frameborder=\"0\" marginwidth=\"0\" marginheight=\"0\" scrolling=\"no\"><\/iframe><\/p>\n<p>Schuld sind den Gr\u00fcnen zufolge die historische Erblast, aber auch die anhaltende Diskriminierung und Abwertung aufgrund negativen Werthaltungen gegen\u00fcber LGBTIQ Personen, mangelndes Wissen und die medizinische Unterversorgung.<\/p>\n<p>Mit der Grossen Anfrage wollen die Gr\u00fcnen Licht in das d\u00fcstere Thema bringen. Damit soll die Bundesregierung an ihre Verpflichtung erinnert werden, dass alle Menschen in Deutschland frei von Diskriminierung leben k\u00f6nnen. Die Regierung darf sich ein Dreivierteljahr Zeit lassen, darauf zu reagieren. Eine Verl\u00e4ngerung der Frist ist m\u00f6glich.<\/p>\n<blockquote><p>Haben schwule oder bi M\u00e4nner im Rentenalter gegen\u00fcber Heteros ein erh\u00f6htes Armutsrisiko?<\/p><\/blockquote>\n<p>W\u00e4hrend die Studienlage international recht gut ist, hinkt die Bundesrepublik hinterher. Auch Stiftungen w\u00e4ren m\u00f6gliche Auftraggeber einer umfassenden Studie, aber schliesslich liege vermehrtes und besseres Wissen \u00fcber die Situation von LGBTIQ in Deutschland im \u00f6ffentlichen Interesse, so Lehmann. Die Fragen lauten beispielsweise:<\/p>\n<ul>\n<li>Hat die Gruppe schwuler oder bisexueller M\u00e4nner im Rentenalter aus Sicht<br \/>\nder Bundesregierung gegen\u00fcber heterosexuellen M\u00e4nnern im Rentenalter ein<br \/>\nerh\u00f6htes Armutsrisiko, und wenn ja, was sind aus Sicht der Bundesregierung<br \/>\ndie Gr\u00fcnde hierf\u00fcr?<\/li>\n<li>Plant die Bundesregierung einen Entsch\u00e4digungsfonds oder andere ausgleichende Massnahmen f\u00fcr LGBTIQ, die von Konversionstherapien direkt betroffen waren und sind? Wenn ja, wann? Wenn nein, warum nicht?<\/li>\n<li>Welche Zahlen zur Suizidalit\u00e4t bei bisexuellen Erwachsenen in Deutschland liegen der Bundesregierung vor und welchen Zusammenhang sieht die Bundesregierung mit fortbestehenden Diskriminierungen und Anfeindungen?<\/li>\n<\/ul>\n<p>\u00abJahrzehntelang hat der Staat Lesben und Schwule diskriminiert, pathologisiert und unsichtbar gemacht. Bestehende Gesetze wie das Transsexuellengesetz tun dies bis heute. Auch diese Politik hat das allgemeine gesellschaftliche Klima gegen\u00fcber LGBTIQ bestimmt.\u00bb Jetzt sei es an der Zeit, dass der Staat die Verantwortung daf\u00fcr \u00fcbernehme und das geschehene Unrecht auch durch eine LGBTIQ-sensible Sozial- und Gesundheitspolitik wieder gut mache.<\/p>\n<blockquote class=\"wp-embedded-content\" data-secret=\"iF7ybxt3Dx\"><p><a href=\"https:\/\/mannschaft.com\/2020\/01\/15\/hassverbrechen-gegen-lgbtiq-bayern-startet-beratung\/\">Hassverbrechen gegen LGBTIQ &#8211; Bayern startet Beratung<\/a><\/p><\/blockquote>\n<p><iframe title=\"&#8222;Hassverbrechen gegen LGBTIQ &#8211; Bayern startet Beratung&#8220; &#8212; Mannschaft Magazin\" class=\"wp-embedded-content\" sandbox=\"allow-scripts\" security=\"restricted\" style=\"position: absolute; clip: rect(1px, 1px, 1px, 1px);\" src=\"https:\/\/mannschaft.com\/2020\/01\/15\/hassverbrechen-gegen-lgbtiq-bayern-startet-beratung\/embed\/#?secret=iF7ybxt3Dx\" data-secret=\"iF7ybxt3Dx\" width=\"600\" height=\"338\" frameborder=\"0\" marginwidth=\"0\" marginheight=\"0\" scrolling=\"no\"><\/iframe><\/p>\n<p>Er sei ern\u00fcchtert, so Lehmann, was die bisherige Bilanz, aber auch die Erfolgsaussichten der Grossen Koalition betrifft. Die Schuld sieht er eindeutig bei der Union. Ohne die CDU\/CSU in der Regierung k\u00f6nnte man sofort das diskriminierende Transsexuellengesetz <a href=\"https:\/\/mannschaft.com\/2019\/05\/10\/reform-fuer-transsexuellengesetz-alter-wein-in-neuen-schlaeuchen\/\" target=\"_blank\" rel=\"noopener noreferrer\">(MANNSCHAFT berichtete)<\/a> abschaffen und einen nationalen Aktionsplan gegen Homo- und Transphobie auf den Weg bringen.<\/p>\n<p>Daf\u00fcr brauche man im ersten Schritt ein umfangreiches Bild \u00fcber den Stand der sozialen und gesundheitlichen Situation von LGBTIQ in Deutschland, um daraus konkrete Massnahmen zu entwickeln. Die Bundesregierung wird aufgefordert, die Grosse Anfrage mit Sorgfalt zu bearbeiten und noch in dieser Legislaturperiode zu beantworten.<\/p>\n<blockquote class=\"wp-embedded-content\" data-secret=\"HNIzxAudFE\"><p><a href=\"https:\/\/mannschaft.com\/2020\/01\/17\/schwul-in-nigeria-petition-gegen-abschiebung\/\">Kampf um Asyl &#8211; BAMF will schwulen Nigerianer abschieben<\/a><\/p><\/blockquote>\n<p><iframe title=\"&#8222;Kampf um Asyl &#8211; BAMF will schwulen Nigerianer abschieben&#8220; &#8212; Mannschaft Magazin\" class=\"wp-embedded-content\" sandbox=\"allow-scripts\" security=\"restricted\" style=\"position: absolute; clip: rect(1px, 1px, 1px, 1px);\" src=\"https:\/\/mannschaft.com\/2020\/01\/17\/schwul-in-nigeria-petition-gegen-abschiebung\/embed\/#?secret=HNIzxAudFE\" data-secret=\"HNIzxAudFE\" width=\"600\" height=\"338\" frameborder=\"0\" marginwidth=\"0\" marginheight=\"0\" scrolling=\"no\"><\/iframe><\/p>\n<p>Eine effektive Sozial- und Gesundheitspolitik m\u00fcsse die besondere Situation von Lesben, Schwulen, Bisexuellen, trans und inter Menschen ber\u00fccksichtigen und ihren speziellen Bedarfen Rechnung tragen. Dazu sei eine umfassende und strukturierte Erfassung der sozialen und gesundheitlichen Situation von LGBTIQ unter Ber\u00fccksichtigung von Mehrfach-Marginalisierung erforderlich.<\/p>\n<p>Die Grosse Anfrage soll erstmals ein umfangreiches Bild \u00fcber den Stand der sozialen und gesundheitlichen Situation von LGBTIQ in Deutschland liefern und diese sichtbar machen, um daraus konkrete Handlungsstrategien zu entwickeln.<\/p>\n","protected":false},"excerpt":{"rendered":"<p>Die Gr\u00fcnen-Bundestagsfraktion hat am Freitag eine Grosse Anfrage zur sozialen und gesundheitlichen Situation von LGBTIQ in Deutschland vorgestellt. Am Donnerstag wurde sie eingereicht. <a class=\"g1-link g1-link-more\" href=\"https:\/\/alte.mannschaft.lgbt\/bimber\/lgbtiq-in-deutschland-grosse-anfrage-der-gruenen\/\">Weiterlesen<\/a><\/p>\n","protected":false},"author":3,"featured_media":70684,"comment_status":"closed","ping_status":"closed","sticky":false,"template":"","format":"standard","meta":[],"categories":[3],"tags":[5467,5544,5461],"wps_subtitle":"Die Bundestagsfraktion der Gr\u00fcnen stellt der Bundesregierung \u00fcber 200 Fragen zur sozialen und gesundheitlichen Situation","_links":{"self":[{"href":"https:\/\/alte.mannschaft.lgbt\/bimber\/wp-json\/wp\/v2\/posts\/70683"}],"collection":[{"href":"https:\/\/alte.mannschaft.lgbt\/bimber\/wp-json\/wp\/v2\/posts"}],"about":[{"href":"https:\/\/alte.mannschaft.lgbt\/bimber\/wp-json\/wp\/v2\/types\/post"}],"author":[{"embeddable":true,"href":"https:\/\/alte.mannschaft.lgbt\/bimber\/wp-json\/wp\/v2\/users\/3"}],"replies":[{"embeddable":true,"href":"https:\/\/alte.mannschaft.lgbt\/bimber\/wp-json\/wp\/v2\/comments?post=70683"}],"version-history":[{"count":0,"href":"https:\/\/alte.mannschaft.lgbt\/bimber\/wp-json\/wp\/v2\/posts\/70683\/revisions"}],"wp:featuredmedia":[{"embeddable":true,"href":"https:\/\/alte.mannschaft.lgbt\/bimber\/wp-json\/wp\/v2\/media\/70684"}],"wp:attachment":[{"href":"https:\/\/alte.mannschaft.lgbt\/bimber\/wp-json\/wp\/v2\/media?parent=70683"}],"wp:term":[{"taxonomy":"category","embeddable":true,"href":"https:\/\/alte.mannschaft.lgbt\/bimber\/wp-json\/wp\/v2\/categories?post=70683"},{"taxonomy":"post_tag","embeddable":true,"href":"https:\/\/alte.mannschaft.lgbt\/bimber\/wp-json\/wp\/v2\/tags?post=70683"}],"curies":[{"name":"wp","href":"https:\/\/api.w.org\/{rel}","templated":true}]}}