{"id":69722,"date":"2020-01-01T19:58:05","date_gmt":"2020-01-01T18:58:05","guid":{"rendered":"https:\/\/mannschaft.com\/?p=69722"},"modified":"2020-01-04T20:12:04","modified_gmt":"2020-01-04T19:12:04","slug":"schwules-paerchen-in-zuerich-krankenhausreif-geschlagen","status":"publish","type":"post","link":"https:\/\/alte.mannschaft.lgbt\/bimber\/schwules-paerchen-in-zuerich-krankenhausreif-geschlagen\/","title":{"rendered":"Schwules P\u00e4rchen in Z\u00fcrich krankenhausreif geschlagen"},"content":{"rendered":"<h3>In Z\u00fcrich wurde in der Silvesternacht ein schwules P\u00e4rchen krankenhausreif geschlagen. Vier M\u00e4nner h\u00e4tten sie angesprochen und unvermittelt angegriffen.<\/h3>\n<p>J. und sein Freund waren ausgegangen, um den Jahreswechsel zu feiern. Gegen 2.00 Uhr fr\u00fch nahmen die beiden im Freien einen Drink in der N\u00e4he des Gay-Clubs \u00abHeaven\u00bb in der Altstadt Z\u00fcrichs.<\/p>\n<blockquote class=\"wp-embedded-content\" data-secret=\"0f28X5tHwc\"><p><a href=\"https:\/\/mannschaft.com\/2019\/12\/27\/20-000-regenbogenfahnen-fuer-eine-schweiz-ohne-hass\/\">20.000 Regenbogenfahnen f\u00fcr eine Schweiz ohne Hass<\/a><\/p><\/blockquote>\n<p><iframe title=\"&#8222;20.000 Regenbogenfahnen f\u00fcr eine Schweiz ohne Hass&#8220; &#8212; Mannschaft Magazin\" class=\"wp-embedded-content\" sandbox=\"allow-scripts\" security=\"restricted\" style=\"position: absolute; clip: rect(1px, 1px, 1px, 1px);\" src=\"https:\/\/mannschaft.com\/2019\/12\/27\/20-000-regenbogenfahnen-fuer-eine-schweiz-ohne-hass\/embed\/#?secret=0f28X5tHwc\" data-secret=\"0f28X5tHwc\" width=\"600\" height=\"338\" frameborder=\"0\" marginwidth=\"0\" marginheight=\"0\" scrolling=\"no\"><\/iframe><\/p>\n<p>Dort sei pl\u00f6tzlich eine Gruppe von vier M\u00e4nnern aufgetaucht, die die beiden fragten, ob sie schwul seien\u00bb, erz\u00e4hlte der 24-j\u00e4hrige J. gegen\u00fcber <a href=\"https:\/\/www.20min.ch\/schweiz\/news\/story\/Schwules-Paar-in-der-Silvesternacht-brutal-verpruegelt-12259333\" target=\"_blank\" rel=\"noopener noreferrer\"><em>20 Minuten<\/em><\/a>. J. habe das bejaht, woraufhin man ihm sein Getr\u00e4nk unvermittelt ins Gesicht gesch\u00fcttet h\u00e4tte. Was danach passiert sei, sei sehr schnell gegangen: Die T\u00e4ter schlugen auf das P\u00e4rchen ein. Als die beiden auf dem Boden lagen, traten die Homohasser weiter auf sie ein, erz\u00e4hlte J.<\/p>\n<p>Es sei den M\u00e4nnern unter Schmerzen gelungen, wegzurennen. Doch die T\u00e4ter verfolgten sie und attackierten sie weiter. Irgendwann aber h\u00e4tten sie von den beiden abgelassen und weitere Schwule angegriffen.<\/p>\n<blockquote class=\"wp-embedded-content\" data-secret=\"rFYqaQsbEQ\"><p><a href=\"https:\/\/mannschaft.com\/2019\/10\/25\/diskriminierung-schweiz-oeffentliche-homophobie-meinung-oder-straftat\/\">Was ist \u00f6ffentliche Homophobie: Meinung oder Straftat?<\/a><\/p><\/blockquote>\n<p><iframe title=\"&#8222;Was ist \u00f6ffentliche Homophobie: Meinung oder Straftat?&#8220; &#8212; Mannschaft Magazin\" class=\"wp-embedded-content\" sandbox=\"allow-scripts\" security=\"restricted\" style=\"position: absolute; clip: rect(1px, 1px, 1px, 1px);\" src=\"https:\/\/mannschaft.com\/2019\/10\/25\/diskriminierung-schweiz-oeffentliche-homophobie-meinung-oder-straftat\/embed\/#?secret=rFYqaQsbEQ\" data-secret=\"rFYqaQsbEQ\" width=\"600\" height=\"338\" frameborder=\"0\" marginwidth=\"0\" marginheight=\"0\" scrolling=\"no\"><\/iframe><\/p>\n<p>Das P\u00e4rchen h\u00e4tte daraufhin die Polizei alarmiert und sei mit dem Krankenwagen ins Unispital gebracht worden. \u00abIch bef\u00fcrchtete, dass meine Nase gebrochen sei, weil ich stark geblutet habe\u00bb, so J. Das habe sich aber zum Gl\u00fcck nicht best\u00e4tigt. Daf\u00fcr sei seine Lippe geschwollen und er habe wegen der Tritte starke Nackenschmerzen. Sein 19-j\u00e4hriger Freund habe eine Platzwunde unter dem Auge erlitten und leide seit dem Angriff unter R\u00fcckenschmerzen.<\/p>\n<p>Die beiden M\u00e4nner haben Anzeige erstattet. Nach Angaben von J. waren die Schl\u00e4ger um die 20 Jahre alt. Sie h\u00e4tten Deutsch mit ausl\u00e4ndischem Akzent gesprochen. Es habe Zeugen des homofeindlichen Angriffs in der Altstadt gegeben, doch niemand habe den beiden M\u00e4nnern geholfen.<\/p>\n<p>Im offiziellen Polizeibericht ist vom homophoben Hintergrund der Tat nichts zu lesen. Kurz nach 2 Uhr wurde die Stadtpolizei Z\u00fcrich an den Z\u00e4hringerplatz gerufen, etwa 100 Meter vom \u00abHeaven\u00bb entfernt, weil zwei M\u00e4nner bei einer t\u00e4tlichen Auseinandersetzung verletzt worden waren, heisst es in dem Bericht. Beide M\u00e4nner mussten zur Kontrolle vor\u00fcbergehend in Spitalpflege gebracht werden.<\/p>\n<p>Unmittelbar nach der homofeindlichen Attacke wurde laut Polizei einem Mann, mutmasslich durch dieselbe Gruppierung, auf dem Z\u00e4hringerplatz die Tasche gestohlen, nachdem er t\u00e4tlich Angegriffen worden war. Danach fl\u00fcchteten die T\u00e4ter in Richtung Seilergraben.<\/p>\n<p>Mitte September waren zwei M\u00e4nner ebenfalls in der Z\u00fcrcher Altstadt attackiert worden &#8211; Davide G. war danach drei Wochen lang arbeitsunf\u00e4hig <a href=\"https:\/\/mannschaft.com\/2019\/12\/12\/homohass-sie-haetten-noch-weiter-zugeschlagen\/\" target=\"_blank\" rel=\"noopener noreferrer\">(MANNSCHAFT berichtete)<\/a><\/p>\n","protected":false},"excerpt":{"rendered":"<p>In Z\u00fcrich wurde in der Silvesternacht ein schwules P\u00e4rchen krankenhausreif geschlagen. Vier M\u00e4nner h\u00e4tten sie angesprochen und unvermittelt angegriffen. <a class=\"g1-link g1-link-more\" href=\"https:\/\/alte.mannschaft.lgbt\/bimber\/schwules-paerchen-in-zuerich-krankenhausreif-geschlagen\/\">Weiterlesen<\/a><\/p>\n","protected":false},"author":1,"featured_media":69743,"comment_status":"closed","ping_status":"closed","sticky":false,"template":"","format":"standard","meta":[],"categories":[1340],"tags":[5501,5461,39],"wps_subtitle":"Ein 19-J\u00e4hriger erlitt eine Platzwunde unter dem Auge und leidet unter R\u00fcckenschmerzen","_links":{"self":[{"href":"https:\/\/alte.mannschaft.lgbt\/bimber\/wp-json\/wp\/v2\/posts\/69722"}],"collection":[{"href":"https:\/\/alte.mannschaft.lgbt\/bimber\/wp-json\/wp\/v2\/posts"}],"about":[{"href":"https:\/\/alte.mannschaft.lgbt\/bimber\/wp-json\/wp\/v2\/types\/post"}],"author":[{"embeddable":true,"href":"https:\/\/alte.mannschaft.lgbt\/bimber\/wp-json\/wp\/v2\/users\/1"}],"replies":[{"embeddable":true,"href":"https:\/\/alte.mannschaft.lgbt\/bimber\/wp-json\/wp\/v2\/comments?post=69722"}],"version-history":[{"count":0,"href":"https:\/\/alte.mannschaft.lgbt\/bimber\/wp-json\/wp\/v2\/posts\/69722\/revisions"}],"wp:featuredmedia":[{"embeddable":true,"href":"https:\/\/alte.mannschaft.lgbt\/bimber\/wp-json\/wp\/v2\/media\/69743"}],"wp:attachment":[{"href":"https:\/\/alte.mannschaft.lgbt\/bimber\/wp-json\/wp\/v2\/media?parent=69722"}],"wp:term":[{"taxonomy":"category","embeddable":true,"href":"https:\/\/alte.mannschaft.lgbt\/bimber\/wp-json\/wp\/v2\/categories?post=69722"},{"taxonomy":"post_tag","embeddable":true,"href":"https:\/\/alte.mannschaft.lgbt\/bimber\/wp-json\/wp\/v2\/tags?post=69722"}],"curies":[{"name":"wp","href":"https:\/\/api.w.org\/{rel}","templated":true}]}}