{"id":69275,"date":"2019-12-20T08:32:25","date_gmt":"2019-12-20T07:32:25","guid":{"rendered":"https:\/\/mannschaft.com\/?p=69275"},"modified":"2019-12-27T17:18:39","modified_gmt":"2019-12-27T16:18:39","slug":"69-wollen-diskriminierung-von-homo-und-bisexuellen-bestrafen","status":"publish","type":"post","link":"https:\/\/alte.mannschaft.lgbt\/bimber\/69-wollen-diskriminierung-von-homo-und-bisexuellen-bestrafen\/","title":{"rendered":"69 % wollen Diskriminierung von Homo- und Bisexuellen bestrafen"},"content":{"rendered":"<h3>Das zivilgesellschaftliche Pro-Komitee f\u00fcr den Schutz vor Hass ist erfreut \u00fcber die klare Zustimmung zur Erweiterung der Anti-Rassismusstrafnorm. Das Komitee warnt jedoch vor falscher Sicherheit: Entschieden werde erst an der Urne am 9. Februar.<\/h3>\n<p>Laut der ersten Abstimmungsumfrage w\u00fcrden 69% die Erweiterung annehmen und damit eine immer noch bestehende Gesetzesl\u00fccke endlich schliessen. Erstmals w\u00fcrden Hass und Diskriminierung von Lesben, Schwulen und Bisexuellen strafbar, heisst es in einer Medienmitteilung vom Freitag.<\/p>\n<blockquote class=\"wp-embedded-content\" data-secret=\"AGrIdwUWSz\"><p><a href=\"https:\/\/mannschaft.com\/2019\/11\/19\/eine-gratis-regenbogenfahne-fuer-den-abstimmungskampf\/\">Eine gratis Regenbogenfahne f\u00fcr den Abstimmungskampf<\/a><\/p><\/blockquote>\n<p><iframe title=\"&#8222;Eine gratis Regenbogenfahne f\u00fcr den Abstimmungskampf&#8220; &#8212; Mannschaft Magazin\" class=\"wp-embedded-content\" sandbox=\"allow-scripts\" security=\"restricted\" style=\"position: absolute; clip: rect(1px, 1px, 1px, 1px);\" src=\"https:\/\/mannschaft.com\/2019\/11\/19\/eine-gratis-regenbogenfahne-fuer-den-abstimmungskampf\/embed\/#?secret=AGrIdwUWSz\" data-secret=\"AGrIdwUWSz\" width=\"600\" height=\"338\" frameborder=\"0\" marginwidth=\"0\" marginheight=\"0\" scrolling=\"no\"><\/iframe><\/p>\n<p>In der Umfrage von <em>gfs.bern<\/em> zeige sich eine breite Zustimmung zum Schutz vor Hass \u00fcber alle Parteigrenzen hinweg, mit Ausnahme von den SVP-nahestehenden Personen. Immerhin will trotzdem ein Drittel aller SVP-W\u00e4hler*innen ein Ja in die Urne einlegen. Das Anliegen wird in allen Sprachregionen klar unterst\u00fctzt, mit 81% am deutlichsten in der Romandie.<\/p>\n<p>Die deutliche Zustimmung zeige, dass die Bev\u00f6lkerung Hass gegen\u00fcber Lesben, Schwulen und Bisexuellen nicht l\u00e4nger tolerieren wolle. \u00abSie setzt damit ein wichtiges und dringend notwendiges Signal f\u00fcr eine offene Gesellschaft und sagt klar Ja zum Schutz vor Diskriminierung und Angriffen auf unsere Community\u00bb, freut sich Florian Vock, Co-Pr\u00e4sident des Komitees \u00abJa zum Schutz vor Hass\u00bb.<\/p>\n<p><strong>Schutz vor Hass &#8211; wichtig f\u00fcr friedliches Zusammenleben<br \/>\n<\/strong>Cordula Niklaus, Anw\u00e4ltin und Co-Pr\u00e4sidentin des Komitees erg\u00e4nzt: \u00abHeute darf ungestraft Hass gegen lesbische, schwule und bisexuelle Menschen verbreitet werden. Die erweiterte Strafnorm setzt hier Grenzen: Wer die Menschenw\u00fcrde von Lesben, Schwulen und Bisexuellen verletzt, macht sich strafbar. Die Gesetzeserweiterung bildet somit eine wichtige Grundlage f\u00fcr ein friedliches Zusammenleben in unserer Gesellschaft.\u00bb<\/p>\n<blockquote class=\"wp-embedded-content\" data-secret=\"13chM5maoZ\"><p><a href=\"https:\/\/mannschaft.com\/2019\/12\/17\/das-neue-britische-parlament-hat-die-hoechste-homo-dichte-der-welt\/\">Neues britisches Parlament hat h\u00f6chste Homo-Dichte der Welt<\/a><\/p><\/blockquote>\n<p><iframe title=\"&#8222;Neues britisches Parlament hat h\u00f6chste Homo-Dichte der Welt&#8220; &#8212; Mannschaft Magazin\" class=\"wp-embedded-content\" sandbox=\"allow-scripts\" security=\"restricted\" style=\"position: absolute; clip: rect(1px, 1px, 1px, 1px);\" src=\"https:\/\/mannschaft.com\/2019\/12\/17\/das-neue-britische-parlament-hat-die-hoechste-homo-dichte-der-welt\/embed\/#?secret=13chM5maoZ\" data-secret=\"13chM5maoZ\" width=\"600\" height=\"338\" frameborder=\"0\" marginwidth=\"0\" marginheight=\"0\" scrolling=\"no\"><\/iframe><\/p>\n<p>Was Hass gegen Schwule, Lesben und Bisexuelle anrichten kann, zeigte sich in den letzten Monaten deutlich: So wurden mehrere F\u00e4lle publik, in denen queere Personen Zielscheibe von k\u00f6rperlichen Hassangriffen wurden <a href=\"https:\/\/mannschaft.com\/2019\/12\/12\/homohass-sie-haetten-noch-weiter-zugeschlagen\/\" target=\"_blank\" rel=\"noopener noreferrer\">(MANNSCHAFT berichtete)<\/a>. Florian Vock erl\u00e4utert: \u00abWir wissen alle: Auf Worte des Hasses folgen Taten. Deshalb ist es wichtig, das Problem bei der Wurzel anzupacken und schon den \u00f6ffentlich ge\u00e4usserten Hassaufruf zu verbieten.\u00bb<\/p>\n<p>Trotz der hohen Zustimmung zur Schliessung dieser Gesetzesl\u00fccke warnt Vock: \u00abDer Abstimmungskampf wird anfangs Jahr richtig losgehen und entschieden wird erst am 9. Februar an der Urne. Alle, die nicht mehr l\u00e4nger zuschauen wollen, wie wir Lesben, Schwule und Bisexuelle diskriminiert werden, m\u00fcssen im Januar ihr Abstimmungscouvert abschicken.\u00bb<\/p>\n","protected":false},"excerpt":{"rendered":"<p>Das Pro-Komitee f\u00fcr den Schutz vor Hass ist erfreut \u00fcber die Zustimmung zur Erweiterung der Anti-Rassismusstrafnorm, warnt jedoch vor falscher Sicherheit: Entschieden werde im Februar. <a class=\"g1-link g1-link-more\" href=\"https:\/\/alte.mannschaft.lgbt\/bimber\/69-wollen-diskriminierung-von-homo-und-bisexuellen-bestrafen\/\">Weiterlesen<\/a><\/p>\n","protected":false},"author":1,"featured_media":50171,"comment_status":"closed","ping_status":"closed","sticky":false,"template":"","format":"standard","meta":[],"categories":[1340],"tags":[5507,5544,5461],"wps_subtitle":"Trotz Zustimmung zur erweiterten Anti-Rassismusstrafnorm warnt das Komittee vor falscher Sicherheit","_links":{"self":[{"href":"https:\/\/alte.mannschaft.lgbt\/bimber\/wp-json\/wp\/v2\/posts\/69275"}],"collection":[{"href":"https:\/\/alte.mannschaft.lgbt\/bimber\/wp-json\/wp\/v2\/posts"}],"about":[{"href":"https:\/\/alte.mannschaft.lgbt\/bimber\/wp-json\/wp\/v2\/types\/post"}],"author":[{"embeddable":true,"href":"https:\/\/alte.mannschaft.lgbt\/bimber\/wp-json\/wp\/v2\/users\/1"}],"replies":[{"embeddable":true,"href":"https:\/\/alte.mannschaft.lgbt\/bimber\/wp-json\/wp\/v2\/comments?post=69275"}],"version-history":[{"count":0,"href":"https:\/\/alte.mannschaft.lgbt\/bimber\/wp-json\/wp\/v2\/posts\/69275\/revisions"}],"wp:featuredmedia":[{"embeddable":true,"href":"https:\/\/alte.mannschaft.lgbt\/bimber\/wp-json\/wp\/v2\/media\/50171"}],"wp:attachment":[{"href":"https:\/\/alte.mannschaft.lgbt\/bimber\/wp-json\/wp\/v2\/media?parent=69275"}],"wp:term":[{"taxonomy":"category","embeddable":true,"href":"https:\/\/alte.mannschaft.lgbt\/bimber\/wp-json\/wp\/v2\/categories?post=69275"},{"taxonomy":"post_tag","embeddable":true,"href":"https:\/\/alte.mannschaft.lgbt\/bimber\/wp-json\/wp\/v2\/tags?post=69275"}],"curies":[{"name":"wp","href":"https:\/\/api.w.org\/{rel}","templated":true}]}}