{"id":68148,"date":"2019-12-03T16:50:48","date_gmt":"2019-12-03T15:50:48","guid":{"rendered":"https:\/\/mannschaft.com\/?p=68148"},"modified":"2024-07-28T11:22:13","modified_gmt":"2024-07-28T09:22:13","slug":"schwedische-kirche-praesentiert-lgbtiq-altarbild","status":"publish","type":"post","link":"https:\/\/alte.mannschaft.lgbt\/bimber\/schwedische-kirche-praesentiert-lgbtiq-altarbild\/","title":{"rendered":"Schwedische Kirche pr\u00e4sentiert LGBTIQ-Altarbild"},"content":{"rendered":"<h3>Zum ersten Advent enth\u00fcllte die Kirche St. Paul ein Bild, das gleichgeschlechtliche Paare im Paradies zeigt. F\u00fcr die Schwedische Kirche ist dies ein weiterer Schritt in der Integration von LGBTIQ-Personen im religi\u00f6sen Alltag.<\/h3>\n<p>Die Kirche St. Paul im schwedischen Malm\u00f6 zeigte an der ersten Adventsmesse ihr neues Altarbild: Ein Bild mit dem Titel \u00abParadies\u00bb, das gleichgeschlechtliche Paare mit Feigenbl\u00e4ttern im Garten Eden darstellt. Das Werk geschaffen hat die offen lesbische Fotografin Elisabeth Ohlson Wallin.<\/p>\n<p><a href=\"https:\/\/www.mynewsdesk.com\/se\/svenska-kyrkan-malmo\/news\/s-t-pauli-kyrka-tar-emot-paradiset-388602\" target=\"_blank\" rel=\"noopener noreferrer\">Einer Medienmitteilung<\/a> zufolge soll das Altarbild eine bessere Integration und Identifikation mit der Kirche f\u00f6rdern. \u00abDie Kunst von Elisabeth hilft uns dabei, eine glaubw\u00fcrdige Kirche aufzubauen, die f\u00fcr uns alle einen Platz im Paradies bereit h\u00e4lt \u2013 egal wer wir sind oder wen wir lieben.\u00bb<\/p>\n<p>\u00abAm heutigen Sonntag schreiben wir Geschichte\u00bb, freute sich Helena Myrstener, Pfarrerin in St. Paul, auf Twitter. \u00abDie Kirche St. Paul in Malm\u00f6 erh\u00e4lt Schwedens erstes LGBTIQ-Altarbild. Wir sind gl\u00fccklich und stolz!\u00bb Ob anderswo auf der Welt ein vergleichbares Altarbilt existiert, ist nicht bekannt.<\/p>\n<blockquote class=\"twitter-tweet\">\n<p dir=\"ltr\" lang=\"sv\">P\u00e5 s\u00f6ndag skrivs historia. Sveriges enda hbtq-altartavla (Elisabeth Ohlsson Wallin) tas emot i S:t Pauli kyrka i M-\u00f6. Sj\u00e4lvklart h\u00e4nger den i koret, bredvid den \u201dgamla\u201d altartavlan. Vi \u00e4r s\u00e5 glada o stolta! <a href=\"https:\/\/t.co\/W5TBkL8osa\">pic.twitter.com\/W5TBkL8osa<\/a><\/p>\n<p>\u2014 helena myrstener \ud83d\udcce (@helenamyrstener) <a href=\"https:\/\/twitter.com\/helenamyrstener\/status\/1199747668941164544?ref_src=twsrc%5Etfw\">November 27, 2019<\/a><\/p><\/blockquote>\n<p><script async src=\"https:\/\/platform.twitter.com\/widgets.js\" charset=\"utf-8\"><\/script><\/p>\n<p>Das Bekenntnis zu Vielfalt und Integration gef\u00e4llt jedoch nicht allen. \u00abDas geht um politischen Aktivismus und nicht um christliche Werte. Schande!\u00bb oder \u00abEine anti-christliche Ketzerei, die gegen den Altar und das Abendmahl verst\u00f6sst. Die Verantwortlichen sollten exkommuniziert werden\u00bb lauteten einige Kommentare in den sozialen Medien.<\/p>\n<p>Es ist nicht das erste Mal, dass Ohlson Wallin konservative Christ*innen emp\u00f6rt. 2012 rekonstruierte sie Leonardo Da Vincis <em>Abendmahl<\/em> mit Jesus als trans Mann. Der Aufschrei war so gross, dass die Ausstellung in Serbien rund um die Uhr bewacht werden musste.<\/p>\n<p>Die evangelisch-lutherisch gepr\u00e4gte Schwedische Kirche gilt als Wegbereiterin f\u00fcr LGBTIQ-Integration im Christentum. Seit 2007 k\u00f6nnen sich gleichgeschlechtliche Paare ihre Beziehung segnen lassen, 2009 folgte die kirchliche \u00d6ffnung der Ehe. 2017 empfahl sie dem Klerus, Gott nicht l\u00e4nger mit m\u00e4nnlichen Pronomen sondern mit dem neutralen <em>hen <\/em>zu bezeichnen.<\/p>\n<p>2021 finden in Malm\u00f6 und Kopenhagen die World Pride und die EuroGames statt. <a href=\"https:\/\/mannschaft.com\/malmoe-uebt-fuer-die-world-pride-2021\/\">Die Couple of Men haben sich in Malm\u00f6 f\u00fcr uns umgesehen.<\/a><\/p>\n","protected":false},"excerpt":{"rendered":"<p>Zum ersten Advent enth\u00fcllte die Kirche St. Paul ein Bild, das gleichgeschlechtliche Paare im Paradies zeigt. F\u00fcr die Schwedische Kirche ist dies ein weiterer Schritt in der Integration von LGBTIQ-Personen im religi\u00f6sen Alltag. <a class=\"g1-link g1-link-more\" href=\"https:\/\/alte.mannschaft.lgbt\/bimber\/schwedische-kirche-praesentiert-lgbtiq-altarbild\/\">Weiterlesen<\/a><\/p>\n","protected":false},"author":1,"featured_media":68150,"comment_status":"closed","ping_status":"closed","sticky":false,"template":"","format":"standard","meta":[],"categories":[2],"tags":[5512,1081],"wps_subtitle":"Das Bild zeigt gleichgeschlechtliche Paare im Paradies","_links":{"self":[{"href":"https:\/\/alte.mannschaft.lgbt\/bimber\/wp-json\/wp\/v2\/posts\/68148"}],"collection":[{"href":"https:\/\/alte.mannschaft.lgbt\/bimber\/wp-json\/wp\/v2\/posts"}],"about":[{"href":"https:\/\/alte.mannschaft.lgbt\/bimber\/wp-json\/wp\/v2\/types\/post"}],"author":[{"embeddable":true,"href":"https:\/\/alte.mannschaft.lgbt\/bimber\/wp-json\/wp\/v2\/users\/1"}],"replies":[{"embeddable":true,"href":"https:\/\/alte.mannschaft.lgbt\/bimber\/wp-json\/wp\/v2\/comments?post=68148"}],"version-history":[{"count":1,"href":"https:\/\/alte.mannschaft.lgbt\/bimber\/wp-json\/wp\/v2\/posts\/68148\/revisions"}],"predecessor-version":[{"id":202443,"href":"https:\/\/alte.mannschaft.lgbt\/bimber\/wp-json\/wp\/v2\/posts\/68148\/revisions\/202443"}],"wp:featuredmedia":[{"embeddable":true,"href":"https:\/\/alte.mannschaft.lgbt\/bimber\/wp-json\/wp\/v2\/media\/68150"}],"wp:attachment":[{"href":"https:\/\/alte.mannschaft.lgbt\/bimber\/wp-json\/wp\/v2\/media?parent=68148"}],"wp:term":[{"taxonomy":"category","embeddable":true,"href":"https:\/\/alte.mannschaft.lgbt\/bimber\/wp-json\/wp\/v2\/categories?post=68148"},{"taxonomy":"post_tag","embeddable":true,"href":"https:\/\/alte.mannschaft.lgbt\/bimber\/wp-json\/wp\/v2\/tags?post=68148"}],"curies":[{"name":"wp","href":"https:\/\/api.w.org\/{rel}","templated":true}]}}