{"id":68044,"date":"2019-12-02T15:46:13","date_gmt":"2019-12-02T14:46:13","guid":{"rendered":"https:\/\/mannschaft.com\/?p=68044"},"modified":"2019-12-02T18:17:52","modified_gmt":"2019-12-02T17:17:52","slug":"mehr-angriffe-gegen-lgbtiq-in-berlin-registriert","status":"publish","type":"post","link":"https:\/\/alte.mannschaft.lgbt\/bimber\/mehr-angriffe-gegen-lgbtiq-in-berlin-registriert\/","title":{"rendered":"Mehr Angriffe gegen LGBTIQ in Berlin registriert"},"content":{"rendered":"<h3>Wer schwul oder lesbisch, bi oder trans ist, lebt gef\u00e4hrlich in der deutschen Hauptstadt. Im Gegensatz zum Vorjahr wurden erneut mehr Angriffe gegen LGBTIQ registiert. Die Zahlen wurden am Montagvormittag vorgestellt.<\/h3>\n<p>Im Rahmen der Verleihung des Respektpreises stellte die Berliner Polizeipr\u00e4sidentin Barbara Slowik die aktuelle Kriminalit\u00e4tsstatistik homophober und transphober \u00dcbergriffe im Jahr 2019 vor. Im Bereich der Hasskriminalit\u00e4t gegen die sexuelle Orientierung beziehungsweise gegen die geschlechtliche Identit\u00e4t wurden f\u00fcr Berlin in den ersten drei Quartalen 2019 insgesamt 261 F\u00e4lle polizeilich erfasst- im selben Zeitraum 2018 waren es 184.<\/p>\n<blockquote class=\"wp-embedded-content\" data-secret=\"jTx7BBngXG\"><p><a href=\"https:\/\/mannschaft.com\/2019\/11\/28\/gemeinsam-fuer-den-schutz-vor-hass-und-diskriminierung\/\">Gemeinsam f\u00fcr den Schutz vor Hass und Diskriminierung<\/a><\/p><\/blockquote>\n<p><iframe title=\"&#8222;Gemeinsam f\u00fcr den Schutz vor Hass und Diskriminierung&#8220; &#8212; Mannschaft Magazin\" class=\"wp-embedded-content\" sandbox=\"allow-scripts\" security=\"restricted\" style=\"position: absolute; clip: rect(1px, 1px, 1px, 1px);\" src=\"https:\/\/mannschaft.com\/2019\/11\/28\/gemeinsam-fuer-den-schutz-vor-hass-und-diskriminierung\/embed\/#?secret=jTx7BBngXG\" data-secret=\"jTx7BBngXG\" width=\"600\" height=\"338\" frameborder=\"0\" marginwidth=\"0\" marginheight=\"0\" scrolling=\"no\"><\/iframe><\/p>\n<p>Die Tatorte lagen hierbei vorwiegend in den Bezirken Mitte, Tempelhof-Sch\u00f6neberg, Friedrichshain-Kreuzberg und Neuk\u00f6lln. Die Aufkl\u00e4rungsquote der angezeigten Taten liegt im Moment bei 38 % (2018 waren es 47 %). Erst im Oktober wurden zwei M\u00e4nner gefasst, die im M\u00e4rz eine Gruppe homo- und transphob beleidigt sowie bedroht haben sollen <a href=\"https:\/\/mannschaft.com\/2019\/10\/24\/hassgewalt-gegen-lgbtiq-fahndung-nach-schlaegern\/\" target=\"_blank\" rel=\"noopener noreferrer\">(MANNSCHAFT berichtete).\u00a0<\/a>Dar\u00fcber hinaus stellte Generalstaatsanw\u00e4ltin Margarete Koppers die Arbeit der Ansprechpersonen f\u00fcr LGBTIQ bei der Staatsanwaltschaft Berlin vor.<\/p>\n<p><strong>Angriffe gegen LGBTIQ niemals tolerieren!<\/strong><br \/>\nHierzu erkl\u00e4rt J\u00f6rg Steinert, Gesch\u00e4ftsf\u00fchrer des Lesben- und Schwulenverbandes Berlin-Brandenburg: \u00abDer Kampf gegen Hasskriminalit\u00e4t geh\u00f6rt zu unseren wichtigsten Aufgaben. Auch die Sozialen Medien sind kein rechtsfreier Raum. Strafbare Handlungen sollten niemals toleriert und immer zur Anzeige gebracht werden. Zivilgesellschaftliche Organisationen ben\u00f6tigen zudem eine nachhaltige staatliche F\u00f6rderung in den Bereichen Opferschutz und Pr\u00e4vention.\u00bb<\/p>\n<p>Um aktiv gegen Homophobie einzutreten, setzt der LSVD Berlin-Brandenburg im Auftrag der Landesstelle f\u00fcr Gleichbehandlung \u2013 gegen Diskriminierung (LADS) der Senatsverwaltung f\u00fcr Justiz, Verbraucherschutz und Antidiskriminierung das von ihm initiierte B\u00fcndnis gegen Homophobie im Rahmen der Initiative \u00abBerlin tritt ein f\u00fcr Selbstbestimmung und Akzeptanz geschlechtlicher und sexueller Vielfalt\u00bb <a href=\"https:\/\/mannschaft.com\/2019\/07\/24\/92-massnahmen-fuer-geschlechtliche-und-sexuelle-vielfalt\/\" target=\"_blank\" rel=\"noopener noreferrer\">(MANNSCHAFT berichtete)<\/a> um. Das im Jahr 2009 im Roten Rathaus gegr\u00fcndete B\u00fcndnis steht unter der Schirmherrschaft des Regierenden B\u00fcrgermeisters von Berlin, Michael M\u00fcller (SPD).<\/p>\n<blockquote class=\"wp-embedded-content\" data-secret=\"1nDO7JjEmF\"><p><a href=\"https:\/\/mannschaft.com\/2019\/11\/28\/lgbtiq-news-dezember-mit-mannschaft-wird-festlich\/\">Mit MANNSCHAFT wird der Dezember festlich<\/a><\/p><\/blockquote>\n<p><iframe title=\"&#8222;Mit MANNSCHAFT wird der Dezember festlich&#8220; &#8212; Mannschaft Magazin\" class=\"wp-embedded-content\" sandbox=\"allow-scripts\" security=\"restricted\" style=\"position: absolute; clip: rect(1px, 1px, 1px, 1px);\" src=\"https:\/\/mannschaft.com\/2019\/11\/28\/lgbtiq-news-dezember-mit-mannschaft-wird-festlich\/embed\/#?secret=1nDO7JjEmF\" data-secret=\"1nDO7JjEmF\" width=\"600\" height=\"338\" frameborder=\"0\" marginwidth=\"0\" marginheight=\"0\" scrolling=\"no\"><\/iframe><\/p>\n<p>Zudem wurde wurde am Montag der T\u00fcrkische Bund in Berlin-Brandenburg (TBB) mit dem Respektpreis 2019 ausgezeichnet. Die Auszeichnung des B\u00fcndnis gegen Homophobie wurde von Polizeipr\u00e4sidentin Barbara Slowik und Generalstaatsanw\u00e4ltin Margarete Koppers im Scandic Berlin Potsdamer Platz \u00fcberreicht. Er\u00f6ffnet wurde die Veranstaltung von Senator Dirk Behrendt.<\/p>\n<p>\u00abAn 365 Tagen im Jahr weht an der Gesch\u00e4ftsstelle des T\u00fcrkischen Bundes in Berlin-Brandenburg die Regenbogenflagge. Mit seinem aktuellen Projekt \u201aMein Kind \u2013 Ohne Wenn und Aber!\u2018 st\u00e4rkt der TBB queere Menschen und ihre Familien vorbildlich und setzt damit sein jahrelanges Engagement kontinuierlich fort\u00bb, so Laudator Johannes Blankenstein vom Lesben- und Schwulenverband Berlin-Brandenburg. Im November gab es in Hannover einen Workshop geladen f\u00fcr t\u00fcrkische Eltern und Angeh\u00f6rige von LGBTIQ-Kindern <a href=\"https:\/\/mannschaft.com\/2019\/11\/13\/queer-migrants-coming-out\/\" target=\"_blank\" rel=\"noopener noreferrer\">(MANNSCHAFT berichtete)<\/a>.<\/p>\n<p>Nominiert waren in diesem Jahr zudem das Bode-Museum f\u00fcr die Ausstellung \u201eSpielarten der Liebe\u00bb <a href=\"https:\/\/mannschaft.com\/2019\/08\/21\/der-zweite-blick-spielarten-der-liebe-lgbtiq-revolution-im-museum\/\" target=\"_blank\" rel=\"noopener noreferrer\">(MANNSCHAFT berichtete)<\/a>, das queere Jugendzentrum des Jugendnetzwerks Lambda Berlin-Brandenburg e. V. und Vorspiel \u2013 Sportverein f\u00fcr Schwule und Lesben Berlin e. V. (Vorspiel SSL Berlin).<\/p>\n","protected":false},"excerpt":{"rendered":"<p>Wer schwul, lesbisch oder trans ist, lebt gef\u00e4hrlich in der deutschen Hauptstadt. Im Gegensatz zum Vorjahr wurden erneut mehr \u00dcbergriffe registiert. Die Zahlen wurden am Montagvormittag vorgestellt. <a class=\"g1-link g1-link-more\" href=\"https:\/\/alte.mannschaft.lgbt\/bimber\/mehr-angriffe-gegen-lgbtiq-in-berlin-registriert\/\">Weiterlesen<\/a><\/p>\n","protected":false},"author":1,"featured_media":68080,"comment_status":"closed","ping_status":"closed","sticky":false,"template":"","format":"standard","meta":[],"categories":[3],"tags":[128,5538,5461],"wps_subtitle":"Bisher wurde im laufenden Jahr nur jeder dritte Tat von Hassverbrechen gegen Queers aufgekl\u00e4rt","_links":{"self":[{"href":"https:\/\/alte.mannschaft.lgbt\/bimber\/wp-json\/wp\/v2\/posts\/68044"}],"collection":[{"href":"https:\/\/alte.mannschaft.lgbt\/bimber\/wp-json\/wp\/v2\/posts"}],"about":[{"href":"https:\/\/alte.mannschaft.lgbt\/bimber\/wp-json\/wp\/v2\/types\/post"}],"author":[{"embeddable":true,"href":"https:\/\/alte.mannschaft.lgbt\/bimber\/wp-json\/wp\/v2\/users\/1"}],"replies":[{"embeddable":true,"href":"https:\/\/alte.mannschaft.lgbt\/bimber\/wp-json\/wp\/v2\/comments?post=68044"}],"version-history":[{"count":0,"href":"https:\/\/alte.mannschaft.lgbt\/bimber\/wp-json\/wp\/v2\/posts\/68044\/revisions"}],"wp:featuredmedia":[{"embeddable":true,"href":"https:\/\/alte.mannschaft.lgbt\/bimber\/wp-json\/wp\/v2\/media\/68080"}],"wp:attachment":[{"href":"https:\/\/alte.mannschaft.lgbt\/bimber\/wp-json\/wp\/v2\/media?parent=68044"}],"wp:term":[{"taxonomy":"category","embeddable":true,"href":"https:\/\/alte.mannschaft.lgbt\/bimber\/wp-json\/wp\/v2\/categories?post=68044"},{"taxonomy":"post_tag","embeddable":true,"href":"https:\/\/alte.mannschaft.lgbt\/bimber\/wp-json\/wp\/v2\/tags?post=68044"}],"curies":[{"name":"wp","href":"https:\/\/api.w.org\/{rel}","templated":true}]}}