{"id":68040,"date":"2019-12-02T12:48:54","date_gmt":"2019-12-02T11:48:54","guid":{"rendered":"https:\/\/mannschaft.com\/?p=68040"},"modified":"2019-12-02T13:14:26","modified_gmt":"2019-12-02T12:14:26","slug":"antidiskriminierungstage-diskriminierung-beginnt-nicht-erst-beim-fusstritt","status":"publish","type":"post","link":"https:\/\/alte.mannschaft.lgbt\/bimber\/antidiskriminierungstage-diskriminierung-beginnt-nicht-erst-beim-fusstritt\/","title":{"rendered":"\u00abDiskriminierung beginnt nicht erst beim Fusstritt\u00bb"},"content":{"rendered":"<h3>Bundesfamilienministerin Franziska Giffey und der kommissarische Leiter der unabh\u00e4ngigen Antidiskriminierungsstelle des Bundes (ADS), Bernhard Franke, haben am Montag in Berlin die ersten deutschen Antidiskriminierungstage er\u00f6ffnet. In Workshops und Diskussionsveranstaltungen besch\u00e4ftigen sich die Teilnehmer*innen mit Diskriminierungsformen wie Rassismus, Homophobie oder Frauenfeindlichkeit.<\/h3>\n<p>\u00abDeutschland ist ein vielf\u00e4ltiges Land. Allerdings ist das gute Zusammenleben unterschiedlicher Menschen in den letzen Jahren unter Druck geraten. Es besorgt mich, dass Anfeindungen, Rassismus, Homophobie oder Frauenfeindlichkeit um sich greifen\u00bb, sagte Giffey im Haus der Kulturen der Welt in ihrem leidenschaftlichen und engagierten Grusswort. Umso wichtiger seien Veranstaltungen wie die Antidiskriminierungstage.<\/p>\n<blockquote class=\"wp-embedded-content\" data-secret=\"Ptg6HtxzzR\"><p><a href=\"https:\/\/mannschaft.com\/2019\/11\/28\/lgbtiq-news-dezember-mit-mannschaft-wird-festlich\/\">Mit MANNSCHAFT wird der Dezember festlich<\/a><\/p><\/blockquote>\n<p><iframe title=\"&#8222;Mit MANNSCHAFT wird der Dezember festlich&#8220; &#8212; Mannschaft Magazin\" class=\"wp-embedded-content\" sandbox=\"allow-scripts\" security=\"restricted\" style=\"position: absolute; clip: rect(1px, 1px, 1px, 1px);\" src=\"https:\/\/mannschaft.com\/2019\/11\/28\/lgbtiq-news-dezember-mit-mannschaft-wird-festlich\/embed\/#?secret=Ptg6HtxzzR\" data-secret=\"Ptg6HtxzzR\" width=\"600\" height=\"338\" frameborder=\"0\" marginwidth=\"0\" marginheight=\"0\" scrolling=\"no\"><\/iframe><\/p>\n<p>Echte Vielfalt verlange von allen geistige Beweglichkeit und die Bereitschaft zum Dialog. Sie erfordere auch R\u00fccksichtnahme, Toleranz und Akzeptanz daf\u00fcr, dass Menschen verschieden sind und unterschiedlich leben wollen. Und sie erfordert klare Grenzen der Toleranz, wenn Hass und Hetze die Stirn geboten werden muss.<\/p>\n<p>Sie zitiert Bundespr\u00e4sident a.D. Joachim Gauck, der sich f\u00fcr eine \u00abk\u00e4mpferische Toleranz\u00bb sowie eine \u00abmutige Intoleranz\u00bb ausgesprochen hat &#8211; dort, wo Grenze \u00fcberschritten w\u00fcrden. Dieses Bild gefalle ihr sehr, so Giffey. Und sie erinnerte an ihre Zeit als Kommunalpolitikerin in Neuk\u00f6lln, wo man es so ausdr\u00fccke: \u00abDeine Freiheit deinen Arm zu schwingen, h\u00f6rt da auf, wo meine Nase beginnt.\u00bb<\/p>\n<p>Echte Vielfalt, r\u00e4umte die Ministerin ein, k\u00f6nne anstrengend sein und manchmal gar nicht einfach.<br \/>\nTrotzdem solle sich jeder Mensch in der Gesellschaft entfalten k\u00f6nnen, unabh\u00e4ngig von seiner Religion, seiner sexuellen oder geschlechtlichen Identit\u00e4t oder seiner Herkunft.<\/p>\n<p>Der kommissarische Leiter der Antidiskriminierungsstelle (ADS), Bernhard Franke, dessen Arbeit Giffey ausdr\u00fccklich w\u00fcrdigte, sagte: \u00abWir wollen Menschen ein Forum geben, die sich Tag f\u00fcr Tag gegen Ausgrenzung, Hass und Diskriminierung und f\u00fcr Akzeptanz, Respekt und Gleichbehandlung einsetzen. Antidiskriminierungspolitik ist Grundrechtsschutz. Sie dient unserer Gesellschaft als Ganzes. Und damit dient sie jeder und jedem einzelnen.\u00bb <a href=\"https:\/\/mannschaft.com\/2019\/10\/17\/antidiskriminierungsstelle-18-monate-ohne-feste-fuehrung\/\" target=\"_blank\" rel=\"noopener noreferrer\">(Die ADS ist seit \u00fcber eineinhalb Jahren ohne feste F\u00fchrung &#8211; MANNSCHAFT berichtete).<\/a><\/p>\n<p>Jeder Tritt oder Fausthieb gegen Homosexuelle, J\u00fcd*innen oder Behinderte zeige, dass f\u00fcr die Betroffenen eine Angstlosigkeit in Deutschland nicht mehr gegeben sei. Man m\u00fcsse allerdings nicht erst beim Verhindern von Gewalt ansetzen, sondern t\u00e4glich klar machen, dass alle Menschen die gleiche W\u00fcrde haben und f\u00fcr alle die gleichen Menschenrechte m\u00fcssen.<\/p>\n<p>Es beginnt nicht erst beim Fusstritt, so Funke. \u00abEs geht schon los, wenn ein Vermieter findet, dass eine Regenbogenfamilie nicht in die Hausgemeinschaft passt.\u00bb So gebe es viele \u00abkleine Nadelstiche des Nicht-Dazugeh\u00f6rens\u00bb.<\/p>\n<p>Funke zitiert den <span class=\"st\">Philosophen Odo Marquard, als er sagte, Deutschland brauche eine <em>Buntheitskompetenz<\/em>. Denn d<\/span>er Einsatz f\u00fcr Menschenrechte, so Funke, sei auch ein Gemeinschaftsschutz, denn er diene der Gesellschaft als ganzes.<\/p>\n<p>Die von der Antidiskriminierungsstelle unter dem Motto \u00abWas divers macht\u00bb in diesem Jahr erstmalig ausgerichteten Deutschen Antidiskriminierungstage sind mit mehr als 400 Teilnehmenden und mehr als 30 an zwei Tagen angebotenen Workshops, Diskussionsveranstaltungen und vom Haus der Kulturen Welt ausgerichteten, hochkar\u00e4tigen Kulturevents die gr\u00f6sste Veranstaltung dieser Art in Deutschland. Vertreter*innen aus Politik und Forschung sowie aus Unternehmen und Verwaltung, Wirtschaft, Kultur, Medien, Bildung und Zivilgesellschaft diskutieren bei den Antidiskriminierungstagen \u00fcber aktuelle Problemlagen und Zukunftsfragen der Antidiskriminierungsarbeit. Die Teilnehmenden m\u00f6gen sich vernetzen, miteinander ins Gespr\u00e4ch kommen und \u00fcber verschiedene Diskriminierungsformen sprechen, so Funke.<\/p>\n<blockquote class=\"wp-embedded-content\" data-secret=\"bdAjde7Ixg\"><p><a href=\"https:\/\/mannschaft.com\/2019\/10\/17\/nach-homophobem-hassbrief-riesige-solidaritaet-mit-tiroler-gastwirt-homophobie-tirol\/\">Nach homophobem Hassbrief: Viel Solidarit\u00e4t mit Tiroler Gastwirt<\/a><\/p><\/blockquote>\n<p><iframe title=\"&#8222;Nach homophobem Hassbrief: Viel Solidarit\u00e4t mit Tiroler Gastwirt&#8220; &#8212; Mannschaft Magazin\" class=\"wp-embedded-content\" sandbox=\"allow-scripts\" security=\"restricted\" style=\"position: absolute; clip: rect(1px, 1px, 1px, 1px);\" src=\"https:\/\/mannschaft.com\/2019\/10\/17\/nach-homophobem-hassbrief-riesige-solidaritaet-mit-tiroler-gastwirt-homophobie-tirol\/embed\/#?secret=bdAjde7Ixg\" data-secret=\"bdAjde7Ixg\" width=\"600\" height=\"338\" frameborder=\"0\" marginwidth=\"0\" marginheight=\"0\" scrolling=\"no\"><\/iframe><\/p>\n<p>Der Kongress ist intersektional und interdisziplin\u00e4r ausgerichtet: Mit Podiumsdiskussionen, Workshops und Fall-Werkst\u00e4tten soll die M\u00f6glichkeit umfangreicher Perspektiverweiterung und Vernetzung gegeben werden.<\/p>\n<p>Zu den Themen, die bei den Antidiskriminierungstagen diskutiert werden, z\u00e4hlen Altersdiskriminierung ebenso wie die Chancen und Herausforderungen der so genannten Dritten Option. Auch Fragen der Inklusion, von Rassismus und Integration werden diskutiert. Ebenso geht es um die Frage, ob der Merkmalskatalog des AGG heutzutage noch ausreichend ist, um Diskriminierung an Hochschulen, dem kirchlichen Arbeitsrecht bis hin zu Diskriminierungsrisiken durch Algorithmen.<\/p>\n","protected":false},"excerpt":{"rendered":"<p>Bundesfamilienministerin Giffey und der kommissarische Leiter der unabh\u00e4ngigen Antidiskriminierungsstelle des Bundes (ADS), Franke, haben die ersten deutschen Antidiskriminierungstage er\u00f6ffnet. <a class=\"g1-link g1-link-more\" href=\"https:\/\/alte.mannschaft.lgbt\/bimber\/antidiskriminierungstage-diskriminierung-beginnt-nicht-erst-beim-fusstritt\/\">Weiterlesen<\/a><\/p>\n","protected":false},"author":3,"featured_media":68050,"comment_status":"closed","ping_status":"closed","sticky":false,"template":"","format":"standard","meta":[],"categories":[3],"tags":[5507,5544,5461],"wps_subtitle":"Die von der ADS unter dem Motto \u00abWas divers macht\u00bb ausgerichteten Deutschen Antidiskriminierungstage finden erstmals in Berlin statt","_links":{"self":[{"href":"https:\/\/alte.mannschaft.lgbt\/bimber\/wp-json\/wp\/v2\/posts\/68040"}],"collection":[{"href":"https:\/\/alte.mannschaft.lgbt\/bimber\/wp-json\/wp\/v2\/posts"}],"about":[{"href":"https:\/\/alte.mannschaft.lgbt\/bimber\/wp-json\/wp\/v2\/types\/post"}],"author":[{"embeddable":true,"href":"https:\/\/alte.mannschaft.lgbt\/bimber\/wp-json\/wp\/v2\/users\/3"}],"replies":[{"embeddable":true,"href":"https:\/\/alte.mannschaft.lgbt\/bimber\/wp-json\/wp\/v2\/comments?post=68040"}],"version-history":[{"count":0,"href":"https:\/\/alte.mannschaft.lgbt\/bimber\/wp-json\/wp\/v2\/posts\/68040\/revisions"}],"wp:featuredmedia":[{"embeddable":true,"href":"https:\/\/alte.mannschaft.lgbt\/bimber\/wp-json\/wp\/v2\/media\/68050"}],"wp:attachment":[{"href":"https:\/\/alte.mannschaft.lgbt\/bimber\/wp-json\/wp\/v2\/media?parent=68040"}],"wp:term":[{"taxonomy":"category","embeddable":true,"href":"https:\/\/alte.mannschaft.lgbt\/bimber\/wp-json\/wp\/v2\/categories?post=68040"},{"taxonomy":"post_tag","embeddable":true,"href":"https:\/\/alte.mannschaft.lgbt\/bimber\/wp-json\/wp\/v2\/tags?post=68040"}],"curies":[{"name":"wp","href":"https:\/\/api.w.org\/{rel}","templated":true}]}}