{"id":67952,"date":"2019-11-29T19:35:58","date_gmt":"2019-11-29T18:35:58","guid":{"rendered":"https:\/\/mannschaft.com\/?p=67952"},"modified":"2020-07-19T00:41:26","modified_gmt":"2020-07-18T22:41:26","slug":"was-nuetzt-vielfalt-wenn-man-nichts-damit-macht","status":"publish","type":"post","link":"https:\/\/alte.mannschaft.lgbt\/bimber\/was-nuetzt-vielfalt-wenn-man-nichts-damit-macht\/","title":{"rendered":"\u00abWas n\u00fctzt Vielfalt, wenn man nichts damit macht?\u00bb"},"content":{"rendered":"<h3>In Berlin gibt es seit Donnerstag eine weitere Schule, die am Projekt \u00abSchule der Vielfalt\u00bb teilnimmt. Das Erfolgsmodell aus NRW setzt beim Kampf gegen Trans- und Homophobie in der Bildung an.<\/h3>\n<p>Das Projekt Schule der Vielfalt gibt es schon seit 2008. Es wurde damals von der lesbisch-schwulen-Schulaufkl\u00e4rung (SCHLAU) NRW und der Landeskoordination der Anti-Gewalt-Arbeit f\u00fcr Lesben und Schwule in NRW ins Leben gerufen. Ziel ist u.a. die Enttabuisierung von Homosexualit\u00e4t an Schulen sowie die F\u00f6rderung und Entwicklung von neuen Konzepten f\u00fcr den Umgang mit Homo- und Transphobie in der Schule. Seit zwei Jahren gibt es nun auch in Berlin teilnehmende Schulen \u2013 am Donnerstag trat mit der Clay-Schule in Neuk\u00f6lln Schule Nr. 4 dem Netzwerk bei. Interessant: Drei der vier Schulen der Vielfalt in Berlin liegen in Neuk\u00f6lln. Sie alle verpflichten sich zum Einsatz gegen Diskriminierung aufgrund der sexuellen, kulturellen und ethnischen Identit\u00e4t.<\/p>\n<blockquote class=\"wp-embedded-content\" data-secret=\"QHFMmbYzGk\"><p><a href=\"https:\/\/mannschaft.com\/2018\/09\/27\/mariengarden-hunderte-schueler-demonstrieren-fuer-schwulen-lehrer\/\">Hunderte Sch\u00fcler demonstrieren f\u00fcr schwulen Lehrer<\/a><\/p><\/blockquote>\n<p><iframe title=\"&#8222;Hunderte Sch\u00fcler demonstrieren f\u00fcr schwulen Lehrer&#8220; &#8212; Mannschaft Magazin\" class=\"wp-embedded-content\" sandbox=\"allow-scripts\" security=\"restricted\" style=\"position: absolute; clip: rect(1px, 1px, 1px, 1px);\" src=\"https:\/\/mannschaft.com\/2018\/09\/27\/mariengarden-hunderte-schueler-demonstrieren-fuer-schwulen-lehrer\/embed\/#?secret=QHFMmbYzGk\" data-secret=\"QHFMmbYzGk\" width=\"600\" height=\"338\" frameborder=\"0\" marginwidth=\"0\" marginheight=\"0\" scrolling=\"no\"><\/iframe><\/p>\n<p>Schulleiter Thorsten Gruschke-Sch\u00e4fer gab bei der Feierstunde am Donnerstag eingangs ein paar Zahlen zum Besten. Von den \u00fcber 1000 Sch\u00fcler*innen der Clay-Schule seien fast die H\u00e4lfe nicht-deutsch, 240 Kinder seien muslimischen Glaubens \u00abIn der Statistik k\u00f6nnen wir aber nicht erfassen, welche \u00c4ngste und welche W\u00fcnsche bestehen.\u00bb<\/p>\n<p>Daf\u00fcr hat die Schule zwei Diversit\u00e4tsbeauftragte, Stefan Haydn und Julia Totzauer. Ihre Aufgabe \u2013 und ihr Anliegen \u2013 ist es, ein offenes und soziales Umfeld zu schaffen, vermeintliche Tabus zu brechen und zu besprechen, und ihnen ist es wichtig, in der Arbeit mit den Sch\u00fcler*innen Gemeinsamkeiten zu finden statt das Trennende betonen.<\/p>\n<figure id=\"attachment_67955\" aria-describedby=\"caption-attachment-67955\" style=\"width: 2560px\" class=\"wp-caption alignnone\"><a href=\"https:\/\/mannschaft.com\/bimber\/wp-content\/uploads\/2019\/11\/IMG_0021-scaled.jpg\"><img data-expand=\"600\" decoding=\"async\" loading=\"lazy\" class=\"lazyload wp-image-67955 size-full\" src=\"data:image\/svg+xml;charset=utf-8,%3Csvg xmlns%3D'http%3A%2F%2Fwww.w3.org%2F2000%2Fsvg' viewBox%3D'0 0 2560 1920'%2F%3E\" data-src=\"https:\/\/mannschaft.com\/bimber\/wp-content\/uploads\/2019\/11\/IMG_0021-scaled.jpg\" alt=\"Schule der Vielfalt\" width=\"2560\" height=\"1920\" data-srcset=\"https:\/\/alte.mannschaft.lgbt\/bimber\/wp-content\/uploads\/2019\/11\/IMG_0021-scaled.jpg 2560w, https:\/\/alte.mannschaft.lgbt\/bimber\/wp-content\/uploads\/2019\/11\/IMG_0021-300x225.jpg 300w, https:\/\/alte.mannschaft.lgbt\/bimber\/wp-content\/uploads\/2019\/11\/IMG_0021-425x319.jpg 425w, https:\/\/alte.mannschaft.lgbt\/bimber\/wp-content\/uploads\/2019\/11\/IMG_0021-768x576.jpg 768w, https:\/\/alte.mannschaft.lgbt\/bimber\/wp-content\/uploads\/2019\/11\/IMG_0021-1536x1152.jpg 1536w, https:\/\/alte.mannschaft.lgbt\/bimber\/wp-content\/uploads\/2019\/11\/IMG_0021-2048x1536.jpg 2048w, https:\/\/alte.mannschaft.lgbt\/bimber\/wp-content\/uploads\/2019\/11\/IMG_0021-192x144.jpg 192w, https:\/\/alte.mannschaft.lgbt\/bimber\/wp-content\/uploads\/2019\/11\/IMG_0021-384x288.jpg 384w, https:\/\/alte.mannschaft.lgbt\/bimber\/wp-content\/uploads\/2019\/11\/IMG_0021-561x421.jpg 561w, https:\/\/alte.mannschaft.lgbt\/bimber\/wp-content\/uploads\/2019\/11\/IMG_0021-1122x842.jpg 1122w, https:\/\/alte.mannschaft.lgbt\/bimber\/wp-content\/uploads\/2019\/11\/IMG_0021-364x273.jpg 364w, https:\/\/alte.mannschaft.lgbt\/bimber\/wp-content\/uploads\/2019\/11\/IMG_0021-758x569.jpg 758w, https:\/\/alte.mannschaft.lgbt\/bimber\/wp-content\/uploads\/2019\/11\/IMG_0021-608x456.jpg 608w, https:\/\/alte.mannschaft.lgbt\/bimber\/wp-content\/uploads\/2019\/11\/IMG_0021-1152x864.jpg 1152w, https:\/\/alte.mannschaft.lgbt\/bimber\/wp-content\/uploads\/2019\/11\/IMG_0021-64x48.jpg 64w, https:\/\/alte.mannschaft.lgbt\/bimber\/wp-content\/uploads\/2019\/11\/IMG_0021-128x96.jpg 128w, https:\/\/alte.mannschaft.lgbt\/bimber\/wp-content\/uploads\/2019\/11\/IMG_0021-313x235.jpg 313w, https:\/\/alte.mannschaft.lgbt\/bimber\/wp-content\/uploads\/2019\/11\/IMG_0021-400x300.jpg 400w\" data-sizes=\"(max-width: 2560px) 100vw, 2560px\" \/><\/a><figcaption id=\"caption-attachment-67955\" class=\"wp-caption-text\">Vor der Clay-Schule flattert eine Fahne mit integriertem Regenbogen (Foto: MANNSCHAFT)<\/figcaption><\/figure>\n<p>Die beiden sind f\u00fcr 1200 Sch\u00fcler*innen da. Sie machen das ganz ohne extra Verg\u00fctung, es gibt keine offiziellen Stunden, wie das f\u00fcr andere Funktionsstellen der Fall ist. \u00abWir machen es sehr gerne, aber im Moment eben f\u00fcr lau\u00bb, sagt Totzauer.<\/p>\n<p>Zur Feierstunde, die von viel Musik und auch einem Beitrag der Sch\u00fclervertreter*innen begleitet wurde, kam u. a. Michael Dahms von der Schulaufsicht Neuk\u00f6lln. \u00abIn meiner Schulzeit wurden Probleme unter den Teppich gekehrt, Homosexualit\u00e4t wurde nicht thematisiert.\u00bb Es sei gut, dass hier und heute \u00fcber Anderssein gesprochen werde. \u00abWenn alle Menschen gleich w\u00e4ren, w\u00e4re das Leben auch ziemlich langweilig\u00bb, erkl\u00e4rte Dahms.<\/p>\n<p>Bundesfamilienministerin Franziska Giffey, die lange Bezirksb\u00fcrgermeisterin von Neuk\u00f6lln war, schickte eine Videobotschaft. Dar\u00fcber, dass es hier schon drei Schulen der Vielfalt gibt, zeigte sie sich ebenso stolz wie Karin Korte, die Bezirksstadtr\u00e4tin f\u00fcr Bildung Schule Kultur und Sport.<br \/>\n\u00abWas n\u00fctzt Vielfalt, wenn man nichts damit macht?\u00bb, fragt Korte in ihrer Rede<\/p>\n<figure id=\"attachment_67953\" aria-describedby=\"caption-attachment-67953\" style=\"width: 1856px\" class=\"wp-caption alignnone\"><a href=\"https:\/\/mannschaft.com\/bimber\/wp-content\/uploads\/2019\/11\/IMG_0010-scaled-e1575047996762.jpg\"><img data-expand=\"600\" decoding=\"async\" loading=\"lazy\" class=\"lazyload wp-image-67953 size-full\" src=\"data:image\/svg+xml;charset=utf-8,%3Csvg xmlns%3D'http%3A%2F%2Fwww.w3.org%2F2000%2Fsvg' viewBox%3D'0 0 1856 1241'%2F%3E\" data-src=\"https:\/\/mannschaft.com\/bimber\/wp-content\/uploads\/2019\/11\/IMG_0010-scaled-e1575047996762.jpg\" alt=\"Schule der Vielfalt\" width=\"1856\" height=\"1241\" \/><\/a><figcaption id=\"caption-attachment-67953\" class=\"wp-caption-text\">Grusswort der Ministerin Giffey (Foto: MANNSCHAFT)<\/figcaption><\/figure>\n<p>\u00abNeugier und Offenheit auf- und f\u00fcreinander ist wichtig.\u00bb Sie mahnte: Wenn man Schule der Vielfalt ist, m\u00fcsse man daf\u00fcr arbeiten. Tats\u00e4chlich k\u00f6nnen sich die teilnehmenden Schulen nicht auf den Lorbeeren ausruhen \u2013 einmal im Jahr m\u00fcssen sie einen Bericht vorlegen \u00fcber Aktionen, Projekte, Forschritte.<\/p>\n<p>Es ging los mit einem Plakat, das die Schule im vergangenen Jahr auf Initiative von Stefan Haydn gestaltete. Jede*r Lehrer*in liess sich mit einem Schild fotografieren, darauf standen Identit\u00e4tsmerkmale wie schwul oder dick, trans oder pan. \u00abJeder konnte man sich etwas aussuchen, das musste nichts mit der eigenen Identit\u00e4t zu tun haben.\u00bb<\/p>\n<figure id=\"attachment_67958\" aria-describedby=\"caption-attachment-67958\" style=\"width: 906px\" class=\"wp-caption alignnone\"><a href=\"https:\/\/mannschaft.com\/bimber\/wp-content\/uploads\/2019\/11\/SDV-2019_Plakat.png\"><img data-expand=\"600\" decoding=\"async\" loading=\"lazy\" class=\"lazyload wp-image-67958 size-full\" src=\"data:image\/svg+xml;charset=utf-8,%3Csvg xmlns%3D'http%3A%2F%2Fwww.w3.org%2F2000%2Fsvg' viewBox%3D'0 0 906 1280'%2F%3E\" data-src=\"https:\/\/mannschaft.com\/bimber\/wp-content\/uploads\/2019\/11\/SDV-2019_Plakat.png\" alt=\"Schule der Vielfalt\" width=\"906\" height=\"1280\" data-srcset=\"https:\/\/alte.mannschaft.lgbt\/bimber\/wp-content\/uploads\/2019\/11\/SDV-2019_Plakat.png 906w, https:\/\/alte.mannschaft.lgbt\/bimber\/wp-content\/uploads\/2019\/11\/SDV-2019_Plakat-212x300.png 212w, https:\/\/alte.mannschaft.lgbt\/bimber\/wp-content\/uploads\/2019\/11\/SDV-2019_Plakat-425x600.png 425w, https:\/\/alte.mannschaft.lgbt\/bimber\/wp-content\/uploads\/2019\/11\/SDV-2019_Plakat-768x1085.png 768w, https:\/\/alte.mannschaft.lgbt\/bimber\/wp-content\/uploads\/2019\/11\/SDV-2019_Plakat-561x793.png 561w, https:\/\/alte.mannschaft.lgbt\/bimber\/wp-content\/uploads\/2019\/11\/SDV-2019_Plakat-707x999.png 707w, https:\/\/alte.mannschaft.lgbt\/bimber\/wp-content\/uploads\/2019\/11\/SDV-2019_Plakat-364x514.png 364w, https:\/\/alte.mannschaft.lgbt\/bimber\/wp-content\/uploads\/2019\/11\/SDV-2019_Plakat-758x1071.png 758w, https:\/\/alte.mannschaft.lgbt\/bimber\/wp-content\/uploads\/2019\/11\/SDV-2019_Plakat-608x859.png 608w, https:\/\/alte.mannschaft.lgbt\/bimber\/wp-content\/uploads\/2019\/11\/SDV-2019_Plakat-34x48.png 34w, https:\/\/alte.mannschaft.lgbt\/bimber\/wp-content\/uploads\/2019\/11\/SDV-2019_Plakat-68x96.png 68w, https:\/\/alte.mannschaft.lgbt\/bimber\/wp-content\/uploads\/2019\/11\/SDV-2019_Plakat-313x442.png 313w, https:\/\/alte.mannschaft.lgbt\/bimber\/wp-content\/uploads\/2019\/11\/SDV-2019_Plakat-400x565.png 400w\" data-sizes=\"(max-width: 906px) 100vw, 906px\" \/><\/a><figcaption id=\"caption-attachment-67958\" class=\"wp-caption-text\">Mit dem Plakat ging alles los (Foto: Clay-Schule)<\/figcaption><\/figure>\n<p>Haydn &#8211; Lehrer f\u00fcr Sport, Deutsch sowie Ethik und offen schwul &#8211; hatte sich gefragt, wie kann man die anderen Lehrer*innen bewegen? \u00abMit dieser Aktion wollten wir sehen, ob wir die Kolleg*innen alle auf unserer Seite haben. Und dann, als sie das Projekt auf der Gesamtkonferenz vorstellten, wollten auch alle mitmachen. Die Resonanz der Sch\u00fcler*innen auf das Plakat war \u00fcberw\u00e4ltigend. Viele kamen zu Haydn und seiner Kollegin, es gab viele Beratungsw\u00fcnsche und Unsicherheiten, etliche Sch\u00fcler*innen outeten sich daraufhin.<\/p>\n<figure id=\"attachment_67954\" aria-describedby=\"caption-attachment-67954\" style=\"width: 1766px\" class=\"wp-caption alignnone\"><a href=\"https:\/\/mannschaft.com\/bimber\/wp-content\/uploads\/2019\/11\/IMG_0013-scaled.jpg\"><img data-expand=\"600\" decoding=\"async\" loading=\"lazy\" class=\"lazyload wp-image-67954 size-full\" src=\"data:image\/svg+xml;charset=utf-8,%3Csvg xmlns%3D'http%3A%2F%2Fwww.w3.org%2F2000%2Fsvg' viewBox%3D'0 0 1766 1516'%2F%3E\" data-src=\"https:\/\/mannschaft.com\/bimber\/wp-content\/uploads\/2019\/11\/IMG_0013-scaled-e1575053707776.jpg\" alt=\"Schule der Vielfalt\" width=\"1766\" height=\"1516\" data-srcset=\"https:\/\/alte.mannschaft.lgbt\/bimber\/wp-content\/uploads\/2019\/11\/IMG_0013-scaled-e1575053707776.jpg 1766w, https:\/\/alte.mannschaft.lgbt\/bimber\/wp-content\/uploads\/2019\/11\/IMG_0013-scaled-e1575053707776-300x258.jpg 300w, https:\/\/alte.mannschaft.lgbt\/bimber\/wp-content\/uploads\/2019\/11\/IMG_0013-scaled-e1575053707776-425x365.jpg 425w, https:\/\/alte.mannschaft.lgbt\/bimber\/wp-content\/uploads\/2019\/11\/IMG_0013-scaled-e1575053707776-768x659.jpg 768w, https:\/\/alte.mannschaft.lgbt\/bimber\/wp-content\/uploads\/2019\/11\/IMG_0013-scaled-e1575053707776-1536x1319.jpg 1536w, https:\/\/alte.mannschaft.lgbt\/bimber\/wp-content\/uploads\/2019\/11\/IMG_0013-scaled-e1575053707776-561x482.jpg 561w, https:\/\/alte.mannschaft.lgbt\/bimber\/wp-content\/uploads\/2019\/11\/IMG_0013-scaled-e1575053707776-1122x963.jpg 1122w, https:\/\/alte.mannschaft.lgbt\/bimber\/wp-content\/uploads\/2019\/11\/IMG_0013-scaled-e1575053707776-364x312.jpg 364w, https:\/\/alte.mannschaft.lgbt\/bimber\/wp-content\/uploads\/2019\/11\/IMG_0013-scaled-e1575053707776-758x651.jpg 758w, https:\/\/alte.mannschaft.lgbt\/bimber\/wp-content\/uploads\/2019\/11\/IMG_0013-scaled-e1575053707776-608x522.jpg 608w, https:\/\/alte.mannschaft.lgbt\/bimber\/wp-content\/uploads\/2019\/11\/IMG_0013-scaled-e1575053707776-1152x989.jpg 1152w, https:\/\/alte.mannschaft.lgbt\/bimber\/wp-content\/uploads\/2019\/11\/IMG_0013-scaled-e1575053707776-56x48.jpg 56w, https:\/\/alte.mannschaft.lgbt\/bimber\/wp-content\/uploads\/2019\/11\/IMG_0013-scaled-e1575053707776-112x96.jpg 112w, https:\/\/alte.mannschaft.lgbt\/bimber\/wp-content\/uploads\/2019\/11\/IMG_0013-scaled-e1575053707776-313x269.jpg 313w, https:\/\/alte.mannschaft.lgbt\/bimber\/wp-content\/uploads\/2019\/11\/IMG_0013-scaled-e1575053707776-400x343.jpg 400w\" data-sizes=\"(max-width: 1766px) 100vw, 1766px\" \/><\/a><figcaption id=\"caption-attachment-67954\" class=\"wp-caption-text\">Der Schullleiter unterschreibt &#8211; nun ist seine Schule Teil des Netzwerks (Foto: MANNSCHAFT)<\/figcaption><\/figure>\n<p>Was nicht heisst, dass ungeteilt alle an der Schule hinter dem Projekt stehen. Zwar wurde der Plan einstimmig von der Elternvertretung abgenickt, daf\u00fcr gab es bei der Sch\u00fcler*innenvertretung eine Gegenstimme. Und nat\u00fcrlich gebe es Stimmen gegen das Projekt, die ihre Kritik aber nie offen und direkt \u00e4usserten, und es hielten sich auch nach wie vor Vorbehalte. Als man in der zur\u00fcckliegenden Projektwoche auf dem Schulhof eine Regenbogenfahne hisste, wurde die erste abgefackelt, die zweite wurde abgerissen. Von den T\u00e4tern oder T\u00e4terinnen keine Spur.<\/p>\n<blockquote class=\"wp-embedded-content\" data-secret=\"zXpnD9qLwH\"><p><a href=\"https:\/\/mannschaft.com\/2019\/11\/28\/lgbtiq-news-dezember-mit-mannschaft-wird-festlich\/\">Mit MANNSCHAFT wird der Dezember festlich<\/a><\/p><\/blockquote>\n<p><iframe title=\"&#8222;Mit MANNSCHAFT wird der Dezember festlich&#8220; &#8212; Mannschaft Magazin\" class=\"wp-embedded-content\" sandbox=\"allow-scripts\" security=\"restricted\" style=\"position: absolute; clip: rect(1px, 1px, 1px, 1px);\" src=\"https:\/\/mannschaft.com\/2019\/11\/28\/lgbtiq-news-dezember-mit-mannschaft-wird-festlich\/embed\/#?secret=zXpnD9qLwH\" data-secret=\"zXpnD9qLwH\" width=\"600\" height=\"338\" frameborder=\"0\" marginwidth=\"0\" marginheight=\"0\" scrolling=\"no\"><\/iframe><\/p>\n<p>Aber an diesem Tag schauen Haydn und seine Kollegen optimistisch in die Zukunft. Nun da ihre Schule offiziell dem Netzwerk Schule der Vielfalt angeh\u00f6rt, freuen wir uns, auch offiziell unter dem Label weiter zu arbeiten. \u00abWir f\u00fchlen sich nochmal extra best\u00e4rkt.\u00bb<\/p>\n<p>Ihr Ziel sei es, dass es uns irgendwann nicht mehr braucht. \u00abWenn es irgendwann keine Homophobie oder laute Gegenstimmen gegen so ein Projekt gibt, m\u00fcssten wir nicht mehr hier stehen.\u00bb Bis dahin ist es vermutlich noch ein langer Weg. \u00abHeute haben wir den Grundstein gelegt\u00bb, sagt Stefan Haydn. \u00abMorgen beginnt die Arbeit.\u00bb<\/p>\n<p><a href=\"http:\/\/www.schule-der-vielfalt.de\/\" target=\"_blank\" rel=\"noopener noreferrer\">Mehr \u00fcber das Projekt <em>Schule der Vielfalt &#8211; Schule ohne Homophobie<\/em><\/a><\/p>\n","protected":false},"excerpt":{"rendered":"<p>In Berlin gibt es seit Donnerstag eine weitere Schule, die am Projekt \u00abSchule der Vielfalt\u00bb teilnimmt. Das Erfolgsmodell aus NRW setzt beim Kampf gegen Trans- und Homophobie in der Bildung an. <a class=\"g1-link g1-link-more\" href=\"https:\/\/alte.mannschaft.lgbt\/bimber\/was-nuetzt-vielfalt-wenn-man-nichts-damit-macht\/\">Weiterlesen<\/a><\/p>\n","protected":false},"author":3,"featured_media":67956,"comment_status":"closed","ping_status":"closed","sticky":false,"template":"","format":"standard","meta":[],"categories":[3,4371],"tags":[128,5527,5531],"wps_subtitle":"Vier Berliner Schulen verpflichten sich zum Einsatz gegen Diskriminierung aufgrund der sexuellen, kulturellen und ethnischen Identit\u00e4t","_links":{"self":[{"href":"https:\/\/alte.mannschaft.lgbt\/bimber\/wp-json\/wp\/v2\/posts\/67952"}],"collection":[{"href":"https:\/\/alte.mannschaft.lgbt\/bimber\/wp-json\/wp\/v2\/posts"}],"about":[{"href":"https:\/\/alte.mannschaft.lgbt\/bimber\/wp-json\/wp\/v2\/types\/post"}],"author":[{"embeddable":true,"href":"https:\/\/alte.mannschaft.lgbt\/bimber\/wp-json\/wp\/v2\/users\/3"}],"replies":[{"embeddable":true,"href":"https:\/\/alte.mannschaft.lgbt\/bimber\/wp-json\/wp\/v2\/comments?post=67952"}],"version-history":[{"count":0,"href":"https:\/\/alte.mannschaft.lgbt\/bimber\/wp-json\/wp\/v2\/posts\/67952\/revisions"}],"wp:featuredmedia":[{"embeddable":true,"href":"https:\/\/alte.mannschaft.lgbt\/bimber\/wp-json\/wp\/v2\/media\/67956"}],"wp:attachment":[{"href":"https:\/\/alte.mannschaft.lgbt\/bimber\/wp-json\/wp\/v2\/media?parent=67952"}],"wp:term":[{"taxonomy":"category","embeddable":true,"href":"https:\/\/alte.mannschaft.lgbt\/bimber\/wp-json\/wp\/v2\/categories?post=67952"},{"taxonomy":"post_tag","embeddable":true,"href":"https:\/\/alte.mannschaft.lgbt\/bimber\/wp-json\/wp\/v2\/tags?post=67952"}],"curies":[{"name":"wp","href":"https:\/\/api.w.org\/{rel}","templated":true}]}}