{"id":65839,"date":"2019-10-24T12:07:04","date_gmt":"2019-10-24T10:07:04","guid":{"rendered":"https:\/\/mannschaft.com\/?p=65839"},"modified":"2019-10-31T10:26:33","modified_gmt":"2019-10-31T09:26:33","slug":"vater-schneidet-seinem-schwulen-sohn-fast-die-kehle-durch","status":"publish","type":"post","link":"https:\/\/alte.mannschaft.lgbt\/bimber\/vater-schneidet-seinem-schwulen-sohn-fast-die-kehle-durch\/","title":{"rendered":"Vater schneidet schwulem Sohn fast die Kehle durch"},"content":{"rendered":"<h3>Im Kanton Bern greift ein Vater seinen Sohn mit einem Messer lebensbedrohlich an. Dieser \u00fcberlebt nur mit grossem Gl\u00fcck.<\/h3>\n<p>\u00abDu bist schwul? Du bist schwul?\u00bb Mit diesen Worten schreit der Vater am fr\u00fchen Morgen seinen Sohn an und h\u00e4lt ihm ein Messer unters Gesicht. Danach schneidet er dem 17-J\u00e4hrigen den Hals auf. Der Junge wehrt sich mit aller Kraft gegen seinen Vater und ergreift schliesslich \u00fcber den Balkon die Flucht. Nachbarn verst\u00e4ndigen die Rettungskr\u00e4fte, die ihn schliesslich schwer verletzt ins Berner Inselspital fliegen.<\/p>\n<p>Die brutale Tat liegt sechs Monate zur\u00fcck. Der Jugendliche, der lediglich mit dem Initial M bezeichnet wird, schildert gegen\u00fcber <a href=\"https:\/\/www.20min.ch\/schweiz\/bern\/story\/-Mein-Vater-wollte-mich-toeten--weil-ich-schwul-bin--23639555\" target=\"_blank\" rel=\"noopener noreferrer\"><em>20 Minuten<\/em><\/a> den Vorfall: \u00abDie Halsschlagader hatte er zum Gl\u00fcck knapp verfehlt, die Luftr\u00f6hre wurde jedoch arg verletzt. Ich musste ins k\u00fcnstliche Koma verlegt werden.\u00bb<\/p>\n<p>Seine Eltern \u2013 gl\u00e4ubige Moslems \u2013 stammen aus dem Irak und wohnen mit der Familie in einem l\u00e4ndlichen Gebiet des Kantons Bern. M habe seine Homosexualit\u00e4t stets zu verstecken versucht. Wie sein Vater trotzdem dahinterkam und weshalb dieser gerade an jenem Morgen auf ihn los ging, weiss M nicht.<\/p>\n<p><em>20 Minuten<\/em> zufolge wurde der Vater von den Beh\u00f6rden festgenommen. \u00abMeine Mutter sch\u00e4mt sich daf\u00fcr, was geschehen ist\u00bb, sagt M. Physisch hat er sich weitgehend vom Angriff erholt. Sein Hals, R\u00fccken sowie seine Brust und Arme sind jedoch von h\u00e4sslichen Narben gezeichnet. \u00abIch sehe sie im Spiegel oder wenn ich Selfies und Snaps mache. Sie werden mich f\u00fcr den Rest meines Lebens begleiten.\u00bb<\/p>\n<figure id=\"attachment_65843\" aria-describedby=\"caption-attachment-65843\" class=\"wp-caption aligncenter\"><img data-expand=\"600\" decoding=\"async\" loading=\"lazy\" class=\"lazyload size-full wp-image-65843\" src=\"data:image\/svg+xml;charset=utf-8,%3Csvg xmlns%3D'http%3A%2F%2Fwww.w3.org%2F2000%2Fsvg' viewBox%3D'0 0 900 612'%2F%3E\" data-src=\"https:\/\/mannschaft.com\/bimber\/wp-content\/uploads\/2019\/10\/instagram-screenshot-homophobie-bern.jpg\" alt=\"homophobie schweiz\" width=\"900\" height=\"612\" data-srcset=\"https:\/\/alte.mannschaft.lgbt\/bimber\/wp-content\/uploads\/2019\/10\/instagram-screenshot-homophobie-bern.jpg 900w, https:\/\/alte.mannschaft.lgbt\/bimber\/wp-content\/uploads\/2019\/10\/instagram-screenshot-homophobie-bern-300x204.jpg 300w, https:\/\/alte.mannschaft.lgbt\/bimber\/wp-content\/uploads\/2019\/10\/instagram-screenshot-homophobie-bern-768x522.jpg 768w, https:\/\/alte.mannschaft.lgbt\/bimber\/wp-content\/uploads\/2019\/10\/instagram-screenshot-homophobie-bern-425x289.jpg 425w, https:\/\/alte.mannschaft.lgbt\/bimber\/wp-content\/uploads\/2019\/10\/instagram-screenshot-homophobie-bern-561x381.jpg 561w, https:\/\/alte.mannschaft.lgbt\/bimber\/wp-content\/uploads\/2019\/10\/instagram-screenshot-homophobie-bern-364x248.jpg 364w, https:\/\/alte.mannschaft.lgbt\/bimber\/wp-content\/uploads\/2019\/10\/instagram-screenshot-homophobie-bern-758x515.jpg 758w, https:\/\/alte.mannschaft.lgbt\/bimber\/wp-content\/uploads\/2019\/10\/instagram-screenshot-homophobie-bern-608x413.jpg 608w, https:\/\/alte.mannschaft.lgbt\/bimber\/wp-content\/uploads\/2019\/10\/instagram-screenshot-homophobie-bern-71x48.jpg 71w, https:\/\/alte.mannschaft.lgbt\/bimber\/wp-content\/uploads\/2019\/10\/instagram-screenshot-homophobie-bern-141x96.jpg 141w, https:\/\/alte.mannschaft.lgbt\/bimber\/wp-content\/uploads\/2019\/10\/instagram-screenshot-homophobie-bern-313x213.jpg 313w, https:\/\/alte.mannschaft.lgbt\/bimber\/wp-content\/uploads\/2019\/10\/instagram-screenshot-homophobie-bern-400x272.jpg 400w\" data-sizes=\"(max-width: 900px) 100vw, 900px\" \/><figcaption id=\"caption-attachment-65843\" class=\"wp-caption-text\">Nach dem Angriff musste M aufgrund schwerer Verletzungen ins k\u00fcnstliche Koma versetzt werden. (Bild: zvg)<\/figcaption><\/figure>\n<p>Die Narben sind f\u00fcr M jedoch kein Grund, sich zu verstecken. In den sozialen Medien teilt er Geschichte und seine Fotos, um anderen LGBTIQ-Menschen mit Migrationshintergrund Mut zu machen. Es sei wichtig, sich nicht von der eigenen Familie unterdr\u00fccken zu lassen. \u00abWir haben 2019 und mein Vater wollte mich t\u00f6ten, weil ich auf M\u00e4nner stehe. Ich kann das einfach nicht akzeptieren\u00bb, sagt er gegen\u00fcber <em>20 Minuten<\/em>.<\/p>\n<p>Den Hass sp\u00fcrt M jedoch auch heute noch. \u00abManche sagten, ich sei krank, weil ich homo sei, oder \u2039du bist schwul, du hast das verdient\u203a\u00bb. Homophobe Reaktionen halten ihn jedoch nicht davon ab, sein neues Leben zu f\u00fchren. Heute lebt M alleine, an einem anderen Ort im Kanton Bern, und l\u00e4sst sich professionell betreuen, um seine Vergangenheit zu bew\u00e4ltigen. \u00abIch bin jetzt ein freierer Mensch als vor dem Zwischenfall.\u00bb<\/p>\n<p>Das Hassverbrechen ist ein weiteres in einer Serie von Gewalt gegen schwule M\u00e4nner und junge Erwachsene in der Schweiz. In Z\u00fcrich schlugen Unbekannte im September <a href=\"https:\/\/mannschaft.com\/2019\/09\/16\/homophobe-gewalt-mitten-in-zuerich-kuessende-maenner-zusammengeschlagen\/\">auf Davide Gerundo und seine Begleitung ein.<\/a> Nach der Zurich Pride im Juni wurde ein Paar auf dem Nachhauseweg von jungen Erwachsenen angegriffen <a href=\"https:\/\/mannschaft.com\/2019\/06\/16\/homophobe-attacke-nach-zurich-pride\/\">(MANNSCHAFT berichtete)<\/a>.<\/p>\n<p>Am 9. Februar 2020 stimmt die Schweizer Stimmbev\u00f6lkerung \u00fcber die Erweiterung des Diskriminierungsschutzes auf Schwule, Lesben und Bisexuelle ab.<\/p>\n<blockquote class=\"wp-embedded-content\" data-secret=\"lGfeHrjQXs\"><p><a href=\"https:\/\/mannschaft.com\/2019\/04\/09\/pink-cross-und-los-ziehen-in-den-abstimmungskampf\/\">Pink Cross und LOS ziehen in den Abstimmungskampf<\/a><\/p><\/blockquote>\n<p><iframe title=\"&#8222;Pink Cross und LOS ziehen in den Abstimmungskampf&#8220; &#8212; Mannschaft Magazin\" class=\"wp-embedded-content\" sandbox=\"allow-scripts\" security=\"restricted\" style=\"position: absolute; clip: rect(1px, 1px, 1px, 1px);\" src=\"https:\/\/mannschaft.com\/2019\/04\/09\/pink-cross-und-los-ziehen-in-den-abstimmungskampf\/embed\/#?secret=lGfeHrjQXs\" data-secret=\"lGfeHrjQXs\" width=\"600\" height=\"338\" frameborder=\"0\" marginwidth=\"0\" marginheight=\"0\" scrolling=\"no\"><\/iframe><\/p>\n","protected":false},"excerpt":{"rendered":"<p>Im Kanton Bern greift ein Vater seinen Sohn mit einem Messer lebensbedrohlich an. Dieser \u00fcberlebt nur mit grossem Gl\u00fcck. <a class=\"g1-link g1-link-more\" href=\"https:\/\/alte.mannschaft.lgbt\/bimber\/vater-schneidet-seinem-schwulen-sohn-fast-die-kehle-durch\/\">Weiterlesen<\/a><\/p>\n","protected":false},"author":1,"featured_media":65856,"comment_status":"closed","ping_status":"closed","sticky":false,"template":"","format":"standard","meta":[],"categories":[1340],"tags":[696,5461,56],"wps_subtitle":"H\u00e4ssliche Narben erinnern den 17-J\u00e4hrigen t\u00e4glich an die brutale Gewalttat","_links":{"self":[{"href":"https:\/\/alte.mannschaft.lgbt\/bimber\/wp-json\/wp\/v2\/posts\/65839"}],"collection":[{"href":"https:\/\/alte.mannschaft.lgbt\/bimber\/wp-json\/wp\/v2\/posts"}],"about":[{"href":"https:\/\/alte.mannschaft.lgbt\/bimber\/wp-json\/wp\/v2\/types\/post"}],"author":[{"embeddable":true,"href":"https:\/\/alte.mannschaft.lgbt\/bimber\/wp-json\/wp\/v2\/users\/1"}],"replies":[{"embeddable":true,"href":"https:\/\/alte.mannschaft.lgbt\/bimber\/wp-json\/wp\/v2\/comments?post=65839"}],"version-history":[{"count":0,"href":"https:\/\/alte.mannschaft.lgbt\/bimber\/wp-json\/wp\/v2\/posts\/65839\/revisions"}],"wp:featuredmedia":[{"embeddable":true,"href":"https:\/\/alte.mannschaft.lgbt\/bimber\/wp-json\/wp\/v2\/media\/65856"}],"wp:attachment":[{"href":"https:\/\/alte.mannschaft.lgbt\/bimber\/wp-json\/wp\/v2\/media?parent=65839"}],"wp:term":[{"taxonomy":"category","embeddable":true,"href":"https:\/\/alte.mannschaft.lgbt\/bimber\/wp-json\/wp\/v2\/categories?post=65839"},{"taxonomy":"post_tag","embeddable":true,"href":"https:\/\/alte.mannschaft.lgbt\/bimber\/wp-json\/wp\/v2\/tags?post=65839"}],"curies":[{"name":"wp","href":"https:\/\/api.w.org\/{rel}","templated":true}]}}