{"id":65309,"date":"2019-10-16T09:17:20","date_gmt":"2019-10-16T07:17:20","guid":{"rendered":"https:\/\/mannschaft.com\/?p=65309"},"modified":"2019-10-16T11:59:14","modified_gmt":"2019-10-16T09:59:14","slug":"schwule-maenner-im-park-beleidigt-und-geschlagen","status":"publish","type":"post","link":"https:\/\/alte.mannschaft.lgbt\/bimber\/schwule-maenner-im-park-beleidigt-und-geschlagen\/","title":{"rendered":"Zwei schwule M\u00e4nner beleidigt und geschlagen"},"content":{"rendered":"<h3>Bei dem schwulenfeindlichen Angriff in Berlin-Tiergarten erlitt ein 23-J\u00e4hriger unter anderem einen Nasenbeinbruch. Beide Verletzte mussten zur Behandlung in ein Krankenhaus.<\/h3>\n<p>Am fr\u00fchen Mittwochmorgen sollen zwei M\u00e4nner in Tiergarten homophob beleidigt und geschlagen worden sein. Die beiden 23- und 41-J\u00e4hrigen waren nach derzeitigem Ermittlungstand gegen 3.25 Uhr in der Kurf\u00fcrstenstrasse unterwegs, als sie von zwei Unbekannten homophob beleidigt worden sein sollen. Als sie darauf nicht reagierten, sollen die beiden T\u00e4ter sie mit Schl\u00e4gen und Tritten angegriffen haben und in unbekannte Richtung geflohen sein.<\/p>\n<blockquote class=\"wp-embedded-content\" data-secret=\"3Ea4xswrGb\"><p><a href=\"https:\/\/mannschaft.com\/2019\/10\/15\/leidenschaftliches-plaedoyer-von-praesident-selenskyj-fuer-lgbtiq-in-der-ukraine\/\">Ukraine: Pr\u00e4sident Selenskyj stellt sich vor LGBTIQ<\/a><\/p><\/blockquote>\n<p><iframe title=\"&#8222;Ukraine: Pr\u00e4sident Selenskyj stellt sich vor LGBTIQ&#8220; &#8212; Mannschaft Magazin\" class=\"wp-embedded-content\" sandbox=\"allow-scripts\" security=\"restricted\" style=\"position: absolute; clip: rect(1px, 1px, 1px, 1px);\" src=\"https:\/\/mannschaft.com\/2019\/10\/15\/leidenschaftliches-plaedoyer-von-praesident-selenskyj-fuer-lgbtiq-in-der-ukraine\/embed\/#?secret=3Ea4xswrGb\" data-secret=\"3Ea4xswrGb\" width=\"600\" height=\"338\" frameborder=\"0\" marginwidth=\"0\" marginheight=\"0\" scrolling=\"no\"><\/iframe><\/p>\n<p>Der 23-J\u00e4hrige erlitt unter anderem einen Nasenbeinbruch. Beide verletzten M\u00e4nner mussten zur Behandlung in ein Krankenhaus. Der Polizeiliche Staatsschutz beim Landeskriminalamt hat die Ermittlungen \u00fcbernommen.<\/p>\n<p>Schon Anfang der Woche waren zwei Frauen (24, 25) homophob beleidigt worden. Die Lebensgef\u00e4hrtinnen liefen Arm in Arm die Alte Sch\u00f6nhauser Strasse entlang, als sie von drei Jugendlichen, die unmittelbar zuvor mehrere E-Scooter umgetreten hatten, lesbenfeindlich beleidigt und verfolgt worden seien. Erst als die 25-J\u00e4hrige ihr Handy aus der Tasche holte, um die Polizei zu alarmieren, h\u00e4tten sich die drei Personen in Richtung Alexanderplatz entfernt. Am Wochenende war zuvor eine Frau in Friedrichshain von einem Taxifahrer homophob angefeindet und geschlagen worden <a href=\"https:\/\/mannschaft.com\/2019\/10\/12\/frau-von-taxifahrer-homophob-beleidigt-und-geschlagen\/\" target=\"_blank\" rel=\"noopener noreferrer\">(MANNSCHAFT berichtete)<\/a>.<\/p>\n<blockquote class=\"wp-embedded-content\" data-secret=\"hT8HN1M8gc\"><p><a href=\"https:\/\/mannschaft.com\/2019\/09\/23\/bisexuell-wuerde-es-gern-ausprobieren-kann-aber-nicht\/\">Bisexuell? \u00abW\u00fcrde es gern ausprobieren, kann aber nicht\u00bb<\/a><\/p><\/blockquote>\n<p><iframe title=\"&#8222;Bisexuell? \u00abW\u00fcrde es gern ausprobieren, kann aber nicht\u00bb&#8220; &#8212; Mannschaft Magazin\" class=\"wp-embedded-content\" sandbox=\"allow-scripts\" security=\"restricted\" style=\"position: absolute; clip: rect(1px, 1px, 1px, 1px);\" src=\"https:\/\/mannschaft.com\/2019\/09\/23\/bisexuell-wuerde-es-gern-ausprobieren-kann-aber-nicht\/embed\/#?secret=hT8HN1M8gc\" data-secret=\"hT8HN1M8gc\" width=\"600\" height=\"338\" frameborder=\"0\" marginwidth=\"0\" marginheight=\"0\" scrolling=\"no\"><\/iframe><\/p>\n<p>Die beiden Frauen fuhren mit den alarmierten Polizisten zum Alexanderplatz, wo sie die drei mutmasslichen T\u00e4ter wiedererkannten. Der Staatsschutz beim Landeskriminalamt ermittelt nun gegen die beiden 15-J\u00e4hrigen und den 18-J\u00e4hrigen wegen Beleidigung und Sachbesch\u00e4digung.<\/p>\n<p>Laut Bundesinnenministerium in Berlin wurden im ersten Halbjahr 2019 bereits 245 F\u00e4lle von Hasskriminalit\u00e4t gegen die sexuelle und geschlechtliche Identit\u00e4t erfasst, davon 54 Gewaltdelikte. Im gesamten Vorjahr waren es 351 registrierte F\u00e4lle\u00a0<a href=\"https:\/\/mannschaft.com\/2019\/09\/26\/deutlich-mehr-trans-und-homofeindliche-hasskriminalitaet\/\" target=\"_blank\" rel=\"noopener noreferrer\">(MANNSCHAFT berichtete)<\/a>.<\/p>\n","protected":false},"excerpt":{"rendered":"<p>Bei dem schwulenfeindlichen Angriff in Berlin-Tiergarten erlitt ein 23-J\u00e4hrige unter anderem einen Nasenbeinbruch. Beide Verletzte mussten zur Behandlung in ein Krankenhaus. <a class=\"g1-link g1-link-more\" href=\"https:\/\/alte.mannschaft.lgbt\/bimber\/schwule-maenner-im-park-beleidigt-und-geschlagen\/\">Weiterlesen<\/a><\/p>\n","protected":false},"author":1,"featured_media":34659,"comment_status":"closed","ping_status":"closed","sticky":false,"template":"","format":"standard","meta":[],"categories":[3],"tags":[128,5478,5461],"wps_subtitle":"Ein 23-J\u00e4hriger erlitt bei dem schwulenfeindlichen Vorfall in Berlin einen Nasenbeinbruch","_links":{"self":[{"href":"https:\/\/alte.mannschaft.lgbt\/bimber\/wp-json\/wp\/v2\/posts\/65309"}],"collection":[{"href":"https:\/\/alte.mannschaft.lgbt\/bimber\/wp-json\/wp\/v2\/posts"}],"about":[{"href":"https:\/\/alte.mannschaft.lgbt\/bimber\/wp-json\/wp\/v2\/types\/post"}],"author":[{"embeddable":true,"href":"https:\/\/alte.mannschaft.lgbt\/bimber\/wp-json\/wp\/v2\/users\/1"}],"replies":[{"embeddable":true,"href":"https:\/\/alte.mannschaft.lgbt\/bimber\/wp-json\/wp\/v2\/comments?post=65309"}],"version-history":[{"count":0,"href":"https:\/\/alte.mannschaft.lgbt\/bimber\/wp-json\/wp\/v2\/posts\/65309\/revisions"}],"wp:featuredmedia":[{"embeddable":true,"href":"https:\/\/alte.mannschaft.lgbt\/bimber\/wp-json\/wp\/v2\/media\/34659"}],"wp:attachment":[{"href":"https:\/\/alte.mannschaft.lgbt\/bimber\/wp-json\/wp\/v2\/media?parent=65309"}],"wp:term":[{"taxonomy":"category","embeddable":true,"href":"https:\/\/alte.mannschaft.lgbt\/bimber\/wp-json\/wp\/v2\/categories?post=65309"},{"taxonomy":"post_tag","embeddable":true,"href":"https:\/\/alte.mannschaft.lgbt\/bimber\/wp-json\/wp\/v2\/tags?post=65309"}],"curies":[{"name":"wp","href":"https:\/\/api.w.org\/{rel}","templated":true}]}}