{"id":65282,"date":"2019-10-18T06:56:59","date_gmt":"2019-10-18T04:56:59","guid":{"rendered":"https:\/\/mannschaft.com\/?p=65282"},"modified":"2019-10-21T12:50:59","modified_gmt":"2019-10-21T10:50:59","slug":"anders-als-die-andern-der-1-schwule-kinofilm-wird-100","status":"publish","type":"post","link":"https:\/\/alte.mannschaft.lgbt\/bimber\/anders-als-die-andern-der-1-schwule-kinofilm-wird-100\/","title":{"rendered":"\u00abAnders als die Andern\u00bb &#8211; der 1. schwule Kinofilm wird 100!"},"content":{"rendered":"<h3>Zum 100. Jubil\u00e4um von \u00abAnders als die Andern\u00bb w\u00fcrdigt das Schwule Museum den legend\u00e4ren Film von Richard Oswald mit einer grossen Schau. Das Werk gilt als der erste schwule Kinofilm \u00fcberhaupt.<\/h3>\n<p>Erst vor kurzem wurde der Film aus dem Jahr 1919 vom Filmmuseum M\u00fcnchen aufw\u00e4ndig restauriert. Eingebettet ins Zeitgeschehen zeichnet die Ausstellung im Schwulen Museum die Lebensl\u00e4ufe der Mitwirkenden nach, etwa von Richard Oswald, Conrad Veidt, Anita Berber und Magnus Hirschfeld <a href=\"https:\/\/mannschaft.com\/2019\/07\/04\/magnus-hirschfeld-100-jahre-queere-befreiung\/\" target=\"_blank\" rel=\"noopener noreferrer\">(dessen Institut f\u00fcr Sexualwissenschaft vor 100 Jahren gegr\u00fcndet wurde)<\/a> \u2013 und liefert dabei das Sittengem\u00e4lde einer \u00c4ra zwischen Aufkl\u00e4rung, Agitation und Zensur.<\/p>\n<figure id=\"attachment_65478\" aria-describedby=\"caption-attachment-65478\" style=\"width: 2489px\" class=\"wp-caption alignnone\"><a href=\"https:\/\/mannschaft.com\/bimber\/wp-content\/uploads\/2019\/10\/F2792_06.jpg\"><img data-expand=\"600\" decoding=\"async\" loading=\"lazy\" class=\"lazyload wp-image-65478 size-full\" src=\"data:image\/svg+xml;charset=utf-8,%3Csvg xmlns%3D'http%3A%2F%2Fwww.w3.org%2F2000%2Fsvg' viewBox%3D'0 0 2489 1821'%2F%3E\" data-src=\"https:\/\/mannschaft.com\/bimber\/wp-content\/uploads\/2019\/10\/F2792_06.jpg\" alt=\"Anders als die andern\" width=\"2489\" height=\"1821\" \/><\/a><figcaption id=\"caption-attachment-65478\" class=\"wp-caption-text\">Spielt in Anders als die andern den Geigenvirtuosen Paul K\u00f6rner: Conradt Veidt (Foto: Deutsche Kinemathek)<\/figcaption><\/figure>\n<p>Der Film wird w\u00e4hrend der Ausstellung (ab 31. Oktober zu sehen) in Dauerschleife im Museum zu sehen sein. Kuratiert wurde die Ausstellung von Wolfgang Theis. Er war 1984 Gr\u00fcndungsmitglied des Schwulen Museums und kuratierte zahlreiche Ausstellungen wie \u00abGoodbye to Berlin? 100 Jahre Schwulenbewegung\u00bb,<br \/>\n\u00abMarlene und das Dritte Geschlecht: Hommage zu Marlene Dietrichs 100. Geburtstag\u00bb und \u00abRosa geht in Rente\u00bb \u2013 eine Hommage zu Rosa von Praunheim, <a href=\"https:\/\/mannschaft.com\/2017\/11\/24\/75-jahre-rosa-von-praunheim-herzlichen-glueckwunsch\/\" target=\"_blank\" rel=\"noopener noreferrer\">der vor zwei Jahren seinen 75. Geburtstag feierte (MANNSCHAFT gratulierte).<\/a><\/p>\n<p>Theis hat die Ausstellung \u00fcber\u00a0\u00abAnders als die Andern\u00bb als seine allerletzte ank\u00fcndigt.\u00a0Im Film wird die Geschichte des Geigenvirtuosen Paul K\u00f6rner (Conradt Veidt) erz\u00e4hlt. \u00abEr geht zu Hirschfeld, um sich beraten zu lassen, weil er von einem zwielichtigen Mann namens Franz Bollek (Sch\u00fcnzel) erpresst wird. Den hatte er auf einem Ball kennengelernt und mit nachhause genommen. Bevor es zum Sex kommt, verlangt Bollek Geld. Er droht K\u00f6rner mit Outing\u00bb, erz\u00e4hlt Kurator Theis.<\/p>\n<blockquote class=\"wp-embedded-content\" data-secret=\"8281gKqup1\"><p><a href=\"https:\/\/mannschaft.com\/2019\/10\/17\/demonstration-gegen-homophobes-gesetz-gegen-sexualkunde\/\">Polen: Demos gegen homophobes Gesetz gegen Sexualkunde<\/a><\/p><\/blockquote>\n<p><iframe title=\"&#8222;Polen: Demos gegen homophobes Gesetz gegen Sexualkunde&#8220; &#8212; Mannschaft Magazin\" class=\"wp-embedded-content\" sandbox=\"allow-scripts\" security=\"restricted\" style=\"position: absolute; clip: rect(1px, 1px, 1px, 1px);\" src=\"https:\/\/mannschaft.com\/2019\/10\/17\/demonstration-gegen-homophobes-gesetz-gegen-sexualkunde\/embed\/#?secret=8281gKqup1\" data-secret=\"8281gKqup1\" width=\"600\" height=\"338\" frameborder=\"0\" marginwidth=\"0\" marginheight=\"0\" scrolling=\"no\"><\/iframe><\/p>\n<p>\u00abK\u00f6rner hat einen Sch\u00fcler, mit dem er im Tiergarten spazieren geht. Dort begegnen sie Bollek, der genau weiss, was los ist und beim Gegenvirtuosen einbricht, um sein Geld zu holen. Dabei \u00fcberrascht ihn der Sch\u00fcler. Dem schleudert Bollek entgegen: <em>Hab\u2018 dich nicht so, du l\u00e4sst dich auch nur aushalten!<\/em>\u00a0Was f\u00fcr den J\u00fcngling ein Schock ist. Er verl\u00e4sst seinen geliebten Lehrer.\u00bb<\/p>\n<p>Weil K\u00f6rner nicht bereit ist, Geld zu zahlen, zeigt er seinen Erpresser an. Der wiederum zeigt K\u00f6rner wegen \u00a7175 an. Die Sache endet vor Gericht. Der Erpresser wird verurteilt, wie damals \u00fcblich. Der Geigenvirtuose bekommt eine symbolische Geldstrafe, woraufhin seine Karriere zusammenbricht. Er bringt sich um.<\/p>\n<p>\u00abDer Film startete damals mit 40 Kopien in ganz Europa, das war sehr viel. Er lief ununterbrochen, war finanziell ein Erfolg. Trotzdem gab es bald gelenkte Proteste. Der Jugendschutzbund lief Sturm. Was sich vermengte mit virulentem Antisemitismus.\u00bb<\/p>\n<figure id=\"attachment_65479\" aria-describedby=\"caption-attachment-65479\" style=\"width: 5184px\" class=\"wp-caption alignnone\"><a href=\"https:\/\/mannschaft.com\/bimber\/wp-content\/uploads\/2019\/10\/IMG_6263.jpg\"><img data-expand=\"600\" decoding=\"async\" loading=\"lazy\" class=\"lazyload size-full wp-image-65479\" src=\"data:image\/svg+xml;charset=utf-8,%3Csvg xmlns%3D'http%3A%2F%2Fwww.w3.org%2F2000%2Fsvg' viewBox%3D'0 0 5184 3456'%2F%3E\" data-src=\"https:\/\/mannschaft.com\/bimber\/wp-content\/uploads\/2019\/10\/IMG_6263.jpg\" alt=\"\" width=\"5184\" height=\"3456\" data-srcset=\"https:\/\/alte.mannschaft.lgbt\/bimber\/wp-content\/uploads\/2019\/10\/IMG_6263.jpg 5184w, https:\/\/alte.mannschaft.lgbt\/bimber\/wp-content\/uploads\/2019\/10\/IMG_6263-300x200.jpg 300w, https:\/\/alte.mannschaft.lgbt\/bimber\/wp-content\/uploads\/2019\/10\/IMG_6263-768x512.jpg 768w, https:\/\/alte.mannschaft.lgbt\/bimber\/wp-content\/uploads\/2019\/10\/IMG_6263-425x283.jpg 425w, https:\/\/alte.mannschaft.lgbt\/bimber\/wp-content\/uploads\/2019\/10\/IMG_6263-180x120.jpg 180w, https:\/\/alte.mannschaft.lgbt\/bimber\/wp-content\/uploads\/2019\/10\/IMG_6263-561x374.jpg 561w, https:\/\/alte.mannschaft.lgbt\/bimber\/wp-content\/uploads\/2019\/10\/IMG_6263-1122x748.jpg 1122w, https:\/\/alte.mannschaft.lgbt\/bimber\/wp-content\/uploads\/2019\/10\/IMG_6263-364x243.jpg 364w, https:\/\/alte.mannschaft.lgbt\/bimber\/wp-content\/uploads\/2019\/10\/IMG_6263-758x505.jpg 758w, https:\/\/alte.mannschaft.lgbt\/bimber\/wp-content\/uploads\/2019\/10\/IMG_6263-608x405.jpg 608w, https:\/\/alte.mannschaft.lgbt\/bimber\/wp-content\/uploads\/2019\/10\/IMG_6263-1152x768.jpg 1152w, https:\/\/alte.mannschaft.lgbt\/bimber\/wp-content\/uploads\/2019\/10\/IMG_6263-72x48.jpg 72w, https:\/\/alte.mannschaft.lgbt\/bimber\/wp-content\/uploads\/2019\/10\/IMG_6263-144x96.jpg 144w, https:\/\/alte.mannschaft.lgbt\/bimber\/wp-content\/uploads\/2019\/10\/IMG_6263-313x209.jpg 313w, https:\/\/alte.mannschaft.lgbt\/bimber\/wp-content\/uploads\/2019\/10\/IMG_6263-400x267.jpg 400w\" data-sizes=\"(max-width: 5184px) 100vw, 5184px\" \/><\/a><figcaption id=\"caption-attachment-65479\" class=\"wp-caption-text\">Foto: Leonie Leclair<\/figcaption><\/figure>\n<p>Da sowohl Hirschfeld als auch Oswald Juden waren, kam die Behauptung auf, Homosexualit\u00e4t sei eine \u00abj\u00fcdische Erfindung\u00bb, die den deutschen Volksk\u00f6rper schw\u00e4chen solle, erz\u00e4hlt Theis.<\/p>\n<p><strong>Das ausf\u00fchrliche Interview erscheint in der deutschen November-Ausgabe der MANNSCHAFT.<\/strong> <strong>Hier geht es zum\u00a0<a href=\"https:\/\/mannschaft.com\/product-category\/abo-deutschland\/\" target=\"_blank\" rel=\"noopener noreferrer\">Abo Deutschland<\/a>\u00a0und hier zum\u00a0<a href=\"https:\/\/mannschaft.com\/product-category\/abo-schweiz\/\" target=\"_blank\" rel=\"noopener noreferrer\">Abo Schweiz.<\/a><\/strong><\/p>\n","protected":false},"excerpt":{"rendered":"<p>Zum 100. Jubil\u00e4um von \u00abAnders als die Andern\u00bb w\u00fcrdigt das Schwule Museum den legend\u00e4ren Film mit einer grossen Schau. Das Werk\u00a0gilt als der erste schwule Kinofilm \u00fcberhaupt. <a class=\"g1-link g1-link-more\" href=\"https:\/\/alte.mannschaft.lgbt\/bimber\/anders-als-die-andern-der-1-schwule-kinofilm-wird-100\/\">Weiterlesen<\/a><\/p>\n","protected":false},"author":1,"featured_media":65476,"comment_status":"closed","ping_status":"closed","sticky":false,"template":"","format":"standard","meta":[],"categories":[83],"tags":[5490,128,5539,5464],"wps_subtitle":"Das Schwule Museum in Berlin w\u00fcrdigt den legend\u00e4ren Film von Richard Oswald mit einer grossen Ausstellung","_links":{"self":[{"href":"https:\/\/alte.mannschaft.lgbt\/bimber\/wp-json\/wp\/v2\/posts\/65282"}],"collection":[{"href":"https:\/\/alte.mannschaft.lgbt\/bimber\/wp-json\/wp\/v2\/posts"}],"about":[{"href":"https:\/\/alte.mannschaft.lgbt\/bimber\/wp-json\/wp\/v2\/types\/post"}],"author":[{"embeddable":true,"href":"https:\/\/alte.mannschaft.lgbt\/bimber\/wp-json\/wp\/v2\/users\/1"}],"replies":[{"embeddable":true,"href":"https:\/\/alte.mannschaft.lgbt\/bimber\/wp-json\/wp\/v2\/comments?post=65282"}],"version-history":[{"count":0,"href":"https:\/\/alte.mannschaft.lgbt\/bimber\/wp-json\/wp\/v2\/posts\/65282\/revisions"}],"wp:featuredmedia":[{"embeddable":true,"href":"https:\/\/alte.mannschaft.lgbt\/bimber\/wp-json\/wp\/v2\/media\/65476"}],"wp:attachment":[{"href":"https:\/\/alte.mannschaft.lgbt\/bimber\/wp-json\/wp\/v2\/media?parent=65282"}],"wp:term":[{"taxonomy":"category","embeddable":true,"href":"https:\/\/alte.mannschaft.lgbt\/bimber\/wp-json\/wp\/v2\/categories?post=65282"},{"taxonomy":"post_tag","embeddable":true,"href":"https:\/\/alte.mannschaft.lgbt\/bimber\/wp-json\/wp\/v2\/tags?post=65282"}],"curies":[{"name":"wp","href":"https:\/\/api.w.org\/{rel}","templated":true}]}}