{"id":64139,"date":"2019-09-27T13:58:53","date_gmt":"2019-09-27T11:58:53","guid":{"rendered":"https:\/\/mannschaft.com\/?p=64139"},"modified":"2019-10-01T10:19:43","modified_gmt":"2019-10-01T08:19:43","slug":"trotz-kritischer-rechtslage-homosexuelle-und-trans-fans-sind-in-katar-willkommen","status":"publish","type":"post","link":"https:\/\/alte.mannschaft.lgbt\/bimber\/trotz-kritischer-rechtslage-homosexuelle-und-trans-fans-sind-in-katar-willkommen\/","title":{"rendered":"Bei kritischer Rechtslage: Queere WM-Fans in Katar \u00abwillkommen\u00bb"},"content":{"rendered":"<h3>Nasser al-Khater, Chef des Organisationskomitees der WM in Katar, sprach sich f\u00fcr die Sicherheit aller Fans w\u00e4hrend des Grossanlasses aus, darunter auch homo- und bisexuelle sowie trans Fans. Man m\u00fcsse jedoch die Sitten des Golfstaats respektieren.<\/h3>\n<p>Am Mittwoch stand Nasser al-Khater den Medien f\u00fcr diverse Fragen zur FIFA-Fussballweltmeisterschaft 2022 in Katar zur Verf\u00fcgung. Im Golfstaat sind homosexuelle Handlungen illegal, bei trans Personen ist die Rechtslage unklar. Gem\u00e4ss der franz\u00f6sischen Nachrichtenagentur <em>AFP<\/em> thematisierten die Medien die Sicherheit von trans Fans, die f\u00fcr die WM nach Katar reisen.<\/p>\n<p>\u00abIch m\u00f6chte alle Fans, ungeachtet ihres Geschlechts, ihrer Orientierung, ihrer Religion und ihrer ethnischen Zugeh\u00f6rigkeit versichern, dass Katar eines der sichersten L\u00e4nder der Welt ist \u2013 und dass sie hier alle willkommen sein werden\u00bb, sagte al-Khater. Erwartet werden \u00fcber eine Million G\u00e4ste aus dem Ausland. \u00abDie Sicherheit jedes einzelnen Fans hat f\u00fcr uns die h\u00f6chste Wichtigkeit.\u00bb<\/p>\n<p>Al-Khater betonte, dass man viel Aufwand in die Ausbildung der Sicherheitskr\u00e4fte investiere, damit sie Dinge, die \u00abkulturell anders\u00bb sind, im \u00abentsprechenden Rahmen\u00bb sehen. Er erwartet jedoch auch, dass man sich den Sitten des Golfstaats anpasse. \u00abEine \u00f6ffentliche Zurschaustellung von Zuneigung ist verp\u00f6nt und nicht Teil unserer Kultur \u2013 das gilt jedoch f\u00fcr alle.\u00bb<\/p>\n<blockquote class=\"wp-embedded-content\" data-secret=\"T8Y7J8UuSF\"><p><a href=\"https:\/\/mannschaft.com\/2019\/09\/27\/lgbtiq-news-die-oktober-ausgabe-der-mannschaft-ist-da\/\">Im Oktober zieht MANNSCHAFT mit dir aufs Land!<\/a><\/p><\/blockquote>\n<p><iframe title=\"&#8222;Im Oktober zieht MANNSCHAFT mit dir aufs Land!&#8220; &#8212; Mannschaft Magazin\" class=\"wp-embedded-content\" sandbox=\"allow-scripts\" security=\"restricted\" style=\"position: absolute; clip: rect(1px, 1px, 1px, 1px);\" src=\"https:\/\/mannschaft.com\/2019\/09\/27\/lgbtiq-news-die-oktober-ausgabe-der-mannschaft-ist-da\/embed\/#?secret=T8Y7J8UuSF\" data-secret=\"T8Y7J8UuSF\" width=\"600\" height=\"338\" frameborder=\"0\" marginwidth=\"0\" marginheight=\"0\" scrolling=\"no\"><\/iframe><\/p>\n<p>Gefragt nach der Verf\u00fcgbarkeit von alkoholischen Getr\u00e4nken f\u00fcgte al-Khater hinzu: \u00abKatar ist ein konservatives Land, ein bescheidenes Land. Alkohol ist nicht Teil unserer Kultur \u2013 Gastfreundschaft hingegen schon.\u00bb<\/p>\n<figure id=\"attachment_64146\" aria-describedby=\"caption-attachment-64146\" class=\"wp-caption aligncenter\"><img data-expand=\"600\" decoding=\"async\" loading=\"lazy\" class=\"lazyload size-full wp-image-64146\" src=\"data:image\/svg+xml;charset=utf-8,%3Csvg xmlns%3D'http%3A%2F%2Fwww.w3.org%2F2000%2Fsvg' viewBox%3D'0 0 500 500'%2F%3E\" data-src=\"https:\/\/mannschaft.com\/bimber\/wp-content\/uploads\/2019\/09\/0.jpg\" alt=\"nasser al-khater\" width=\"500\" height=\"500\" data-srcset=\"https:\/\/alte.mannschaft.lgbt\/bimber\/wp-content\/uploads\/2019\/09\/0.jpg 500w, https:\/\/alte.mannschaft.lgbt\/bimber\/wp-content\/uploads\/2019\/09\/0-50x50.jpg 50w, https:\/\/alte.mannschaft.lgbt\/bimber\/wp-content\/uploads\/2019\/09\/0-300x300.jpg 300w, https:\/\/alte.mannschaft.lgbt\/bimber\/wp-content\/uploads\/2019\/09\/0-425x425.jpg 425w, https:\/\/alte.mannschaft.lgbt\/bimber\/wp-content\/uploads\/2019\/09\/0-192x192.jpg 192w, https:\/\/alte.mannschaft.lgbt\/bimber\/wp-content\/uploads\/2019\/09\/0-384x384.jpg 384w, https:\/\/alte.mannschaft.lgbt\/bimber\/wp-content\/uploads\/2019\/09\/0-110x110.jpg 110w, https:\/\/alte.mannschaft.lgbt\/bimber\/wp-content\/uploads\/2019\/09\/0-220x220.jpg 220w, https:\/\/alte.mannschaft.lgbt\/bimber\/wp-content\/uploads\/2019\/09\/0-364x364.jpg 364w, https:\/\/alte.mannschaft.lgbt\/bimber\/wp-content\/uploads\/2019\/09\/0-48x48.jpg 48w, https:\/\/alte.mannschaft.lgbt\/bimber\/wp-content\/uploads\/2019\/09\/0-96x96.jpg 96w, https:\/\/alte.mannschaft.lgbt\/bimber\/wp-content\/uploads\/2019\/09\/0-311x311.jpg 311w, https:\/\/alte.mannschaft.lgbt\/bimber\/wp-content\/uploads\/2019\/09\/0-313x313.jpg 313w, https:\/\/alte.mannschaft.lgbt\/bimber\/wp-content\/uploads\/2019\/09\/0-400x400.jpg 400w, https:\/\/alte.mannschaft.lgbt\/bimber\/wp-content\/uploads\/2019\/09\/0-100x100.jpg 100w\" data-sizes=\"(max-width: 500px) 100vw, 500px\" \/><figcaption id=\"caption-attachment-64146\" class=\"wp-caption-text\">Nasser al-Khater, CEO des Organisationskomitees der WM 2022 in Katar. (Bild: LinkedIn)<\/figcaption><\/figure>\n<p>Alkoholische Getr\u00e4nke sollen w\u00e4hrend der Fussball-WM f\u00fcr Fans aus dem Ausland zug\u00e4nglich sein \u2013 nicht in traditionellen Lokalen, sondern an spezifischen Orten, die man noch designieren m\u00fcsse. Wer als <em>Betrunkener<\/em> in der <em>\u00d6ffentlichkeit<\/em> auff\u00e4llt, macht sich strafbar, der Ausschank von alkoholischen Getr\u00e4nken ist nur wenigen Bars und Restaurants in Hotels des oberen Preissegments vorbehalten.<\/p>\n<p>So lange alkoholisierte Personen nicht allzu \u00abmiserabel\u00bb oder \u00abaufgebracht\u00bb seien, habe man keine Probleme, so al-Khater. \u00abWir sind ein kleines Land, verf\u00fcgen jedoch um die Kapazit\u00e4ten, um die WM sicher durchzuf\u00fchren.\u00bb<\/p>\n<p>F\u00fcr viele Fussballmannschaften ist Katar eine beliebte Destination f\u00fcr ein Trainingslager im Winter. <a href=\"https:\/\/mannschaft.com\/2019\/01\/10\/finnischer-kicker-haelt-trainingslager-in-katar-fuer-unethisch-bleibt-zu-hause\/\">Im Januar weigerte sich der finnische St\u00fcrmer Riku Riski nach Katar zu reisen (MANNSCHAFT berichtete).<\/a> Sein Team, die finnische Nationalmannschaft, bereitete sich im Golfstaat f\u00fcr die EM-Qualifikation vor. Als ausschlaggebende Gr\u00fcnde nannte Riski die schlechten Arbeitsbedingungen f\u00fcr ausl\u00e4ndische Gastarbeitende sowie die eingeschr\u00e4nkten Rechte bez\u00fcglich Meinungs- und Versammlungsfreiheit.<\/p>\n","protected":false},"excerpt":{"rendered":"<p>Homosexuelle und trans Fans seien an der WM 2022 in Katar willkommen, so der Chef des Organisationskomitees. Man m\u00fcsse sich jedoch an die Sitten des Landes halten. <a class=\"g1-link g1-link-more\" href=\"https:\/\/alte.mannschaft.lgbt\/bimber\/trotz-kritischer-rechtslage-homosexuelle-und-trans-fans-sind-in-katar-willkommen\/\">Weiterlesen<\/a><\/p>\n","protected":false},"author":2,"featured_media":63573,"comment_status":"closed","ping_status":"closed","sticky":false,"template":"","format":"standard","meta":[],"categories":[2],"tags":[1731,5543],"wps_subtitle":"Eine \u00f6ffentliche Zurschaustellung von Zuneigung sei jedoch verp\u00f6nt, so der Chef des Organisationskomitees ","_links":{"self":[{"href":"https:\/\/alte.mannschaft.lgbt\/bimber\/wp-json\/wp\/v2\/posts\/64139"}],"collection":[{"href":"https:\/\/alte.mannschaft.lgbt\/bimber\/wp-json\/wp\/v2\/posts"}],"about":[{"href":"https:\/\/alte.mannschaft.lgbt\/bimber\/wp-json\/wp\/v2\/types\/post"}],"author":[{"embeddable":true,"href":"https:\/\/alte.mannschaft.lgbt\/bimber\/wp-json\/wp\/v2\/users\/2"}],"replies":[{"embeddable":true,"href":"https:\/\/alte.mannschaft.lgbt\/bimber\/wp-json\/wp\/v2\/comments?post=64139"}],"version-history":[{"count":0,"href":"https:\/\/alte.mannschaft.lgbt\/bimber\/wp-json\/wp\/v2\/posts\/64139\/revisions"}],"wp:featuredmedia":[{"embeddable":true,"href":"https:\/\/alte.mannschaft.lgbt\/bimber\/wp-json\/wp\/v2\/media\/63573"}],"wp:attachment":[{"href":"https:\/\/alte.mannschaft.lgbt\/bimber\/wp-json\/wp\/v2\/media?parent=64139"}],"wp:term":[{"taxonomy":"category","embeddable":true,"href":"https:\/\/alte.mannschaft.lgbt\/bimber\/wp-json\/wp\/v2\/categories?post=64139"},{"taxonomy":"post_tag","embeddable":true,"href":"https:\/\/alte.mannschaft.lgbt\/bimber\/wp-json\/wp\/v2\/tags?post=64139"}],"curies":[{"name":"wp","href":"https:\/\/api.w.org\/{rel}","templated":true}]}}