{"id":63265,"date":"2019-09-13T15:56:31","date_gmt":"2019-09-13T13:56:31","guid":{"rendered":"https:\/\/mannschaft.com\/?p=63265"},"modified":"2021-03-16T10:38:50","modified_gmt":"2021-03-16T09:38:50","slug":"sam-smith-moechte-nicht-mehr-mit-maennlichen-pronomen-bezeichnet-werden","status":"publish","type":"post","link":"https:\/\/alte.mannschaft.lgbt\/bimber\/sam-smith-moechte-nicht-mehr-mit-maennlichen-pronomen-bezeichnet-werden\/","title":{"rendered":"Bitte nicht mehr mit m\u00e4nnlichen Pronomen ansprechen!"},"content":{"rendered":"<h3>Sam Smith zieht genderneutrale Pronomen vor. In einem ersten Schritt wurden Familie und Bekannte informiert, als N\u00e4chstes will sich der Star an die Musikindustrie wenden. Im Gegensatz zu Grossbritannien, den USA und Schweden hat sich im deutschen Sprachraum noch kein genderneutrales Pronomen durchgesetzt.<\/h3>\n<p>Sam Smith, ber\u00fchmt f\u00fcr Hits wie \u00abHow Do You Sleep?\u00bb oder \u00abDancing with a Stranger\u00bb, hat Freund*innen und Familie gebeten, statt m\u00e4nnlichen Pronomen das genderneutrale \u00abthey\u00bb zu verwenden.<\/p>\n<p>\u00abSam hat sich diese Entscheidung lange und gr\u00fcndlich \u00fcberlegt\u00bb, sagte eine anonyme Quelle gegen\u00fcber der britischen Boulevardzeitung <em>The Sun<\/em>. Smith sei sich bewusst, dass es bei einigen Personen l\u00e4nger dauern wird, bis sie es verstehen. \u00abDie Bitte ging zuerst an den Freundeskreis und soll sp\u00e4ter auch an die Musikindustrie gerichtet werden. Es ist eine aufregende und wegweisende Zeit.\u00bb<\/p>\n<p>Der Journalist James Barr ist einer der ersten, der Sam Smith anschliessend interviewt hat. Der Star habe sich \u00abgl\u00fccklicher denn je\u00bb und\u00a0\u00abmehr sich selbst\u00bb angeh\u00f6rt, so der Radiomoderator via Twitter. Sam Smith twitterte zur\u00fcck: \u00abDu bist einer der ersten, der mich mit diesen Pronomen bezeichnet. Danke. Das f\u00fchlt sich wundersch\u00f6n an.\u00bb<\/p>\n<blockquote class=\"twitter-tweet\">\n<p dir=\"ltr\" lang=\"en\">You\u2019re one of the first people to use these pronouns with me. Thank you. That feels really beautiful<\/p>\n<p>\u2014 Sam Smith (@samsmith) <a href=\"https:\/\/twitter.com\/samsmith\/status\/1171366400058908672?ref_src=twsrc%5Etfw\">September 10, 2019<\/a><\/p><\/blockquote>\n<p><script async src=\"https:\/\/platform.twitter.com\/widgets.js\" charset=\"utf-8\"><\/script><\/p>\n<p>Sam Smith identifizierte sich lange als schwul, vor zwei Jahren kam das Bekenntnis: <a href=\"https:\/\/mannschaft.com\/2017\/10\/23\/sam-smith-ich-fuehle-mich-genau-so-frau-wie-mann\/\">\u00abIch f\u00fchle mich genauso Frau wie Mann\u00bb<\/a>. Vor sechs Monaten folgte schliesslich das Coming-out als nichtbin\u00e4re Person. \u00abSeit ich ein kleiner Junge war, seit ich ein kleiner Mensch war, habe ich mich in meiner Haut als Mann nicht wohlgef\u00fchlt\u00bb, sagte der Star damals. \u00abAn manchen Tagen habe ich meine m\u00e4nnliche Seite, an manchen Tagen meine weibliche.\u00bb<\/p>\n<blockquote class=\"wp-embedded-content\" data-secret=\"qK0DfOyLjX\"><p><a href=\"https:\/\/mannschaft.com\/2019\/02\/13\/sam-smith-steht-zu-seinem-koerper\/\">Sam Smith steht zu seinem K\u00f6rper<\/a><\/p><\/blockquote>\n<p><iframe title=\"&#8222;Sam Smith steht zu seinem K\u00f6rper&#8220; &#8212; Mannschaft Magazin\" class=\"wp-embedded-content\" sandbox=\"allow-scripts\" security=\"restricted\" style=\"position: absolute; clip: rect(1px, 1px, 1px, 1px);\" src=\"https:\/\/mannschaft.com\/2019\/02\/13\/sam-smith-steht-zu-seinem-koerper\/embed\/#?secret=qK0DfOyLjX\" data-secret=\"qK0DfOyLjX\" width=\"600\" height=\"338\" frameborder=\"0\" marginwidth=\"0\" marginheight=\"0\" scrolling=\"no\"><\/iframe><\/p>\n<p>In Grossbritannien und den USA haben sich die geschlechtsneutralen Pronomen \u00abthey\/them\u00bb im Singular etabliert. Auch die schwedische Sprache <a href=\"https:\/\/mannschaft.com\/2015\/04\/18\/gerechtigkeit-der-geschlechter-schwedens-neutrales-fuerwort-hen\/\">verf\u00fcgt mit dem Pronomen \u00abhen\u00bb<\/a> \u00fcber ein passendes Wort f\u00fcr Personen, die sich als nichtbin\u00e4r identifizieren.<\/p>\n<p>Schwieriger wird es im deutschen Sprachraum. Viele nichtbin\u00e4re Menschen lehnen das Pronomen \u00abes\u00bb ab, da es je nach Kontext despektierlich klingt. Unter anderem wurden Pronomen wie \u00abxier\u00bb oder \u00abdey\/denen\u00bb vorgeschlagen, die sich im deutschen Sprachgebrauch jedoch nicht ann\u00e4hernd durchgesetzt haben wie \u00abthey\/them\u00bb im Englischen.<\/p>\n<p><em>Update 16:27 Uhr: Sam Smith hat den Wunsch nun auch auf dem offiziellen Instagram-Account ge\u00e4ussert:<\/em><\/p>\n<blockquote class=\"instagram-media\" style=\"background: #FFF; border: 0; border-radius: 3px; box-shadow: 0 0 1px 0 rgba(0,0,0,0.5),0 1px 10px 0 rgba(0,0,0,0.15); margin: 1px; max-width: 540px; min-width: 326px; padding: 0; width: calc(100% - 2px);\" data-instgrm-captioned=\"\" data-instgrm-permalink=\"https:\/\/www.instagram.com\/p\/B2WpiusAc6h\/?utm_source=ig_embed&amp;utm_campaign=loading\" data-instgrm-version=\"12\">\n<div style=\"padding: 16px;\">\n<p>&nbsp;<\/p>\n<div style=\"display: flex; flex-direction: row; align-items: center;\">\n<div style=\"background-color: #f4f4f4; border-radius: 50%; flex-grow: 0; height: 40px; margin-right: 14px; width: 40px;\"><\/div>\n<div style=\"display: flex; flex-direction: column; flex-grow: 1; justify-content: center;\">\n<div style=\"background-color: #f4f4f4; border-radius: 4px; flex-grow: 0; height: 14px; margin-bottom: 6px; width: 100px;\"><\/div>\n<div style=\"background-color: #f4f4f4; border-radius: 4px; flex-grow: 0; height: 14px; width: 60px;\"><\/div>\n<\/div>\n<\/div>\n<div style=\"padding: 19% 0;\"><\/div>\n<div style=\"display: block; height: 50px; margin: 0 auto 12px; width: 50px;\"><\/div>\n<div style=\"padding-top: 8px;\">\n<div style=\"color: #3897f0; font-family: Arial,sans-serif; font-size: 14px; font-style: normal; font-weight: 550; line-height: 18px;\">Sieh dir diesen Beitrag auf Instagram an<\/div>\n<\/div>\n<div style=\"padding: 12.5% 0;\"><\/div>\n<div style=\"display: flex; flex-direction: row; margin-bottom: 14px; align-items: center;\">\n<div>\n<div style=\"background-color: #f4f4f4; border-radius: 50%; height: 12.5px; width: 12.5px; transform: translateX(0px) translateY(7px);\"><\/div>\n<div style=\"background-color: #f4f4f4; height: 12.5px; transform: rotate(-45deg) translateX(3px) translateY(1px); width: 12.5px; flex-grow: 0; margin-right: 14px; margin-left: 2px;\"><\/div>\n<div style=\"background-color: #f4f4f4; border-radius: 50%; height: 12.5px; width: 12.5px; transform: translateX(9px) translateY(-18px);\"><\/div>\n<\/div>\n<div style=\"margin-left: 8px;\">\n<div style=\"background-color: #f4f4f4; border-radius: 50%; flex-grow: 0; height: 20px; width: 20px;\"><\/div>\n<div style=\"width: 0; height: 0; border-top: 2px solid transparent; border-left: 6px solid #f4f4f4; border-bottom: 2px solid transparent; transform: translateX(16px) translateY(-4px) rotate(30deg);\"><\/div>\n<\/div>\n<div style=\"margin-left: auto;\">\n<div style=\"width: 0px; border-top: 8px solid #F4F4F4; border-right: 8px solid transparent; transform: translateY(16px);\"><\/div>\n<div style=\"background-color: #f4f4f4; flex-grow: 0; height: 12px; width: 16px; transform: translateY(-4px);\"><\/div>\n<div style=\"width: 0; height: 0; border-top: 8px solid #F4F4F4; border-left: 8px solid transparent; transform: translateY(-4px) translateX(8px);\"><\/div>\n<\/div>\n<\/div>\n<p>&nbsp;<\/p>\n<p style=\"margin: 8px 0 0 0; padding: 0 4px;\"><a style=\"color: #000; font-family: Arial,sans-serif; font-size: 14px; font-style: normal; font-weight: normal; line-height: 17px; text-decoration: none; word-wrap: break-word;\" href=\"https:\/\/www.instagram.com\/p\/B2WpiusAc6h\/?utm_source=ig_embed&amp;utm_campaign=loading\" target=\"_blank\" rel=\"noopener noreferrer\">Today is a good day so here goes. I\u2019ve decided I am changing my pronouns to THEY\/THEM \u2764 after a lifetime of being at war with my gender I\u2019ve decided to embrace myself for who I am, inside and out. I\u2019m so excited and privileged to be surrounded by people that support me in this decision but I\u2019ve been very nervous about announcing this because I care too much about what people think but fuck it! I understand there will be many mistakes and mis gendering but all I ask is you please please try. I hope you can see me like I see myself now. Thank you. P.s. I am at no stage just yet to eloquently speak at length about what it means to be non binary but I can\u2019t wait for the day that I am. So for now I just want to be VISIBLE and open. If you have questions and are wondering what this all means I\u2019ll try my best to explain but I have also tagged below the human beings who are fighting the good fight everyday. These are activists and leaders of the non binary\/trans community that have helped me and given me so much clarity and understanding. @tomglitter @munroebergdorf @transnormativity @alokvmenon @katemoross @glamrou @travisalabanza @twyrent @chellaman @jvn @lavernecox @stonewalluk @glaad @humanrightscampaign @mermaidsgender Love you all. I\u2019m scared shitless, but feeling super free right now. Be kind x<\/a><\/p>\n<p style=\"color: #c9c8cd; font-family: Arial,sans-serif; font-size: 14px; line-height: 17px; margin-bottom: 0; margin-top: 8px; overflow: hidden; padding: 8px 0 7px; text-align: center; text-overflow: ellipsis; white-space: nowrap;\">Ein Beitrag geteilt von <a style=\"color: #c9c8cd; font-family: Arial,sans-serif; font-size: 14px; font-style: normal; font-weight: normal; line-height: 17px;\" href=\"https:\/\/www.instagram.com\/samsmith\/?utm_source=ig_embed&amp;utm_campaign=loading\" target=\"_blank\" rel=\"noopener noreferrer\"> Sam Smith<\/a> (@samsmith) am <time style=\"font-family: Arial,sans-serif; font-size: 14px; line-height: 17px;\" datetime=\"2019-09-13T13:57:50+00:00\">Sep 13, 2019 um 6:57 PDT<\/time><\/p>\n<\/div>\n<\/blockquote>\n<p><script async src=\"\/\/www.instagram.com\/embed.js\"><\/script><\/p>\n","protected":false},"excerpt":{"rendered":"<p>Sam Smith zieht genderneutrale Pronomen vor. In einem ersten Schritt wurden Familie und Bekannte informiert, als N\u00e4chstes will sich der Star an die Musikindustrie wenden. <a class=\"g1-link g1-link-more\" href=\"https:\/\/alte.mannschaft.lgbt\/bimber\/sam-smith-moechte-nicht-mehr-mit-maennlichen-pronomen-bezeichnet-werden\/\">Weiterlesen<\/a><\/p>\n","protected":false},"author":2,"featured_media":63269,"comment_status":"closed","ping_status":"closed","sticky":false,"template":"","format":"standard","meta":[],"categories":[10],"tags":[3101,5545],"wps_subtitle":"Sam Smith hatte vor sechs Monaten sein Coming-out als nichtbin\u00e4re Person","_links":{"self":[{"href":"https:\/\/alte.mannschaft.lgbt\/bimber\/wp-json\/wp\/v2\/posts\/63265"}],"collection":[{"href":"https:\/\/alte.mannschaft.lgbt\/bimber\/wp-json\/wp\/v2\/posts"}],"about":[{"href":"https:\/\/alte.mannschaft.lgbt\/bimber\/wp-json\/wp\/v2\/types\/post"}],"author":[{"embeddable":true,"href":"https:\/\/alte.mannschaft.lgbt\/bimber\/wp-json\/wp\/v2\/users\/2"}],"replies":[{"embeddable":true,"href":"https:\/\/alte.mannschaft.lgbt\/bimber\/wp-json\/wp\/v2\/comments?post=63265"}],"version-history":[{"count":0,"href":"https:\/\/alte.mannschaft.lgbt\/bimber\/wp-json\/wp\/v2\/posts\/63265\/revisions"}],"wp:featuredmedia":[{"embeddable":true,"href":"https:\/\/alte.mannschaft.lgbt\/bimber\/wp-json\/wp\/v2\/media\/63269"}],"wp:attachment":[{"href":"https:\/\/alte.mannschaft.lgbt\/bimber\/wp-json\/wp\/v2\/media?parent=63265"}],"wp:term":[{"taxonomy":"category","embeddable":true,"href":"https:\/\/alte.mannschaft.lgbt\/bimber\/wp-json\/wp\/v2\/categories?post=63265"},{"taxonomy":"post_tag","embeddable":true,"href":"https:\/\/alte.mannschaft.lgbt\/bimber\/wp-json\/wp\/v2\/tags?post=63265"}],"curies":[{"name":"wp","href":"https:\/\/api.w.org\/{rel}","templated":true}]}}