{"id":63146,"date":"2019-09-12T23:48:49","date_gmt":"2019-09-12T21:48:49","guid":{"rendered":"https:\/\/mannschaft.com\/?p=63146"},"modified":"2019-09-16T12:11:24","modified_gmt":"2019-09-16T10:11:24","slug":"akk-lsu-ich-bin-keine-homophobe-froemmlerin","status":"publish","type":"post","link":"https:\/\/alte.mannschaft.lgbt\/bimber\/akk-lsu-ich-bin-keine-homophobe-froemmlerin\/","title":{"rendered":"AKK: \u00abIch bin keine homophobe Fr\u00f6mmlerin\u00bb"},"content":{"rendered":"<h3>Am Donnerstagabend fand in der Berliner CDU-Zentrale der Jahresempfang der Lesben und Schwulen in der Union (LSU) statt. Eingeladen war erstmals eine Parteichefin: ausgerechnet Annegret Kramp-Karrenbauer, die in der Vergangenheit mit abf\u00e4lligen Spr\u00fcchen \u00fcber die Ehe\u00f6ffnung und das dritte Geschlecht viel Kritik auf sich gezogen hatte, auch von der LSU.<\/h3>\n<p>2015 hatte Kramp-Karrenbauer, damals noch Ministerpr\u00e4sidentin im Saarland, die Ehe f\u00fcr alle indirekt mit Inzest und Polygamie verglichen. \u00abWenn wir diese Definition \u00f6ffnen in eine auf Dauer angelegte Verantwortungspartnerschaft zweier erwachsener Menschen, sind andere Forderungen nicht auszuschliessen: etwa eine Heirat unter engen Verwandten oder von mehr als zwei Menschen\u00bb, mahnte Kramp-Karrenbauer damals.<\/p>\n<figure id=\"attachment_63185\" aria-describedby=\"caption-attachment-63185\" style=\"width: 2592px\" class=\"wp-caption alignnone\"><a href=\"https:\/\/mannschaft.com\/bimber\/wp-content\/uploads\/2019\/09\/20190912_185013.jpg\"><img data-expand=\"600\" decoding=\"async\" loading=\"lazy\" class=\"lazyload wp-image-63185 size-full\" src=\"data:image\/svg+xml;charset=utf-8,%3Csvg xmlns%3D'http%3A%2F%2Fwww.w3.org%2F2000%2Fsvg' viewBox%3D'0 0 2592 1944'%2F%3E\" data-src=\"https:\/\/mannschaft.com\/bimber\/wp-content\/uploads\/2019\/09\/20190912_185013.jpg\" alt=\"akk lsu\" width=\"2592\" height=\"1944\" data-srcset=\"https:\/\/alte.mannschaft.lgbt\/bimber\/wp-content\/uploads\/2019\/09\/20190912_185013.jpg 2592w, https:\/\/alte.mannschaft.lgbt\/bimber\/wp-content\/uploads\/2019\/09\/20190912_185013-300x225.jpg 300w, https:\/\/alte.mannschaft.lgbt\/bimber\/wp-content\/uploads\/2019\/09\/20190912_185013-768x576.jpg 768w, https:\/\/alte.mannschaft.lgbt\/bimber\/wp-content\/uploads\/2019\/09\/20190912_185013-425x319.jpg 425w, https:\/\/alte.mannschaft.lgbt\/bimber\/wp-content\/uploads\/2019\/09\/20190912_185013-192x144.jpg 192w, https:\/\/alte.mannschaft.lgbt\/bimber\/wp-content\/uploads\/2019\/09\/20190912_185013-384x288.jpg 384w, https:\/\/alte.mannschaft.lgbt\/bimber\/wp-content\/uploads\/2019\/09\/20190912_185013-561x421.jpg 561w, https:\/\/alte.mannschaft.lgbt\/bimber\/wp-content\/uploads\/2019\/09\/20190912_185013-1122x842.jpg 1122w, https:\/\/alte.mannschaft.lgbt\/bimber\/wp-content\/uploads\/2019\/09\/20190912_185013-364x273.jpg 364w, https:\/\/alte.mannschaft.lgbt\/bimber\/wp-content\/uploads\/2019\/09\/20190912_185013-758x569.jpg 758w, https:\/\/alte.mannschaft.lgbt\/bimber\/wp-content\/uploads\/2019\/09\/20190912_185013-608x456.jpg 608w, https:\/\/alte.mannschaft.lgbt\/bimber\/wp-content\/uploads\/2019\/09\/20190912_185013-1152x864.jpg 1152w, https:\/\/alte.mannschaft.lgbt\/bimber\/wp-content\/uploads\/2019\/09\/20190912_185013-64x48.jpg 64w, https:\/\/alte.mannschaft.lgbt\/bimber\/wp-content\/uploads\/2019\/09\/20190912_185013-128x96.jpg 128w, https:\/\/alte.mannschaft.lgbt\/bimber\/wp-content\/uploads\/2019\/09\/20190912_185013-313x235.jpg 313w, https:\/\/alte.mannschaft.lgbt\/bimber\/wp-content\/uploads\/2019\/09\/20190912_185013-400x300.jpg 400w\" data-sizes=\"(max-width: 2592px) 100vw, 2592px\" \/><\/a><figcaption id=\"caption-attachment-63185\" class=\"wp-caption-text\">Kaum Frauen beim Jahresempfang der Lesben und Schwulen in der Union (Foto: Kriss Rudolph)<\/figcaption><\/figure>\n<p>Kurz nach der Ehe\u00f6ffnung durch den Deutschen Bundestag legte sie in einem Interview mit der <em>Rheinischen Post<\/em> 2017 nach: Man m\u00fcsse nun aber im Blick behalten, \u00abdass das Fundament unseres gesellschaftlichen Zusammenhalts dadurch nicht schleichend erodiert.\u00bb<\/p>\n<p>In diesem Jahr folgte im Rahmen einer Karnevalsveranstaltung ein weiterer Ausfall: \u00abToiletten f\u00fcr das dritte Geschlecht \u2026 Das ist f\u00fcr die M\u00e4nner, die noch nicht wissen, ob sie noch stehen d\u00fcrfen beim Pinkeln oder schon sitzen m\u00fcssen. Daf\u00fcr, dazwischen ist diese Toilette\u00bb, <a href=\"https:\/\/mannschaft.com\/2019\/03\/06\/akk-nach-dem-toiletten-witz-die-anderen-sind-schuld\/\" target=\"_blank\" rel=\"noopener noreferrer\">lauteten die Zeilen, die die eine weitere Diskussion um Annegret Kramp-Karrenbauer entfachten (MANNSCHAFT berichtete)<\/a>, auch um ihre Eignung als potenzielle Bundeskanzlerin.<\/p>\n<p>Nun sass sie auf Einladung der LSU neben dem fr\u00fcheren Ersten B\u00fcrgermeister von Hamburg (2001 &#8211; 2010), Ole von Beust, auf dem Podium, zusammen mit dem ehemaligen ARD-Talker und Freund von Beusts Reinhold Beckmann.<\/p>\n<p>\u00abIst das Ihr sch\u00f6nster Termin diese Woche?\u00bb, fragte Moderator Beckmann die CDU-Chefin eingangs und erntete viel Applaus und Gel\u00e4chter. \u00abAuf jeden Fall der spannendste\u00bb, lautete die Antwort. Denn sie wisse, welcher (bunte) Elefant hier im Raum stehe.<\/p>\n<p>AKK wusste nat\u00fcrlich, dass man sie an diesem Abend im Konrad-Adenauer-Haus, der Zentrale der Partei, deren Vorsitzende sie ist, zu ihren zwei umstrittenen \u00c4usserungen die LGBTIQ-Community betreffend befragen w\u00fcrde. Zu ihrer Ablehnung der Ehe\u00f6ffnung, die sie 2015 mit Vielehe und Inzest verglich, und zu den als inter- und trans-feindlich empfundenen Witzchen zur Fastnacht in Stockach Anfang 2019. Aber sie konnte auch sicher sein: So schlimm w\u00fcrde es schon nicht werden.<\/p>\n<p>Nach der Karnevalsrede fragte Beckmann als erstes. Es sitze nun mal nicht jeder Witz, erkl\u00e4rte die CDU-Politikerin, zudem seien ihre \u00c4usserungen sp\u00e4ter aus dem Zusammenhang gerissen worden &#8211; \u00abb\u00f6swillig\u00bb, so AKK w\u00f6rtlich.<\/p>\n<blockquote class=\"wp-embedded-content\" data-secret=\"q8ptNhDhv7\"><p><a href=\"https:\/\/mannschaft.com\/2019\/09\/11\/nordirland-bekommt-die-ehe-fuer-alle-trotz-widerstand-religioeser-hardliner\/\">Nordirland \u00f6ffnet die Ehe \u2013 trotz Widerstand religi\u00f6ser Hardliner<\/a><\/p><\/blockquote>\n<p><iframe title=\"&#8222;Nordirland \u00f6ffnet die Ehe \u2013 trotz Widerstand religi\u00f6ser Hardliner&#8220; &#8212; Mannschaft Magazin\" class=\"wp-embedded-content\" sandbox=\"allow-scripts\" security=\"restricted\" style=\"position: absolute; clip: rect(1px, 1px, 1px, 1px);\" src=\"https:\/\/mannschaft.com\/2019\/09\/11\/nordirland-bekommt-die-ehe-fuer-alle-trotz-widerstand-religioeser-hardliner\/embed\/#?secret=q8ptNhDhv7\" data-secret=\"q8ptNhDhv7\" width=\"600\" height=\"338\" frameborder=\"0\" marginwidth=\"0\" marginheight=\"0\" scrolling=\"no\"><\/iframe><\/p>\n<p>Sie habe niemanden mit ihren Worten verletzen wollen, sondern sich in ihrer Rede gegen das Machotum gewandt, erkl\u00e4rte sie. Machos seien schliesslich keine Minderheit. Jedenfalls lege sie Wert darauf: \u00abIch habe nicht nach unten treten wollen.\u00bb<\/p>\n<p>Ihrem Parteifreund von Beust, selber offen schwul, kam an diesem Abend eine Rolle zu, die einer Mischung aus Anwalt und Generalsekret\u00e4r entsprach.\u00a0\u00abSie hat sich entschuldigt, jetzt sollte man es dabei bewenden lassen\u00bb, erkl\u00e4rte er auf die Frage des Moderators, wie er das alles finde. Daf\u00fcr erhielt er im Saal viel Applaus im Saal.<\/p>\n<figure id=\"attachment_63203\" aria-describedby=\"caption-attachment-63203\" style=\"width: 2592px\" class=\"wp-caption alignnone\"><a href=\"https:\/\/mannschaft.com\/bimber\/wp-content\/uploads\/2019\/09\/20190912_184955.jpg\"><img data-expand=\"600\" decoding=\"async\" loading=\"lazy\" class=\"lazyload size-full wp-image-63203\" src=\"data:image\/svg+xml;charset=utf-8,%3Csvg xmlns%3D'http%3A%2F%2Fwww.w3.org%2F2000%2Fsvg' viewBox%3D'0 0 2592 1944'%2F%3E\" data-src=\"https:\/\/mannschaft.com\/bimber\/wp-content\/uploads\/2019\/09\/20190912_184955.jpg\" alt=\"AKK LSU\" width=\"2592\" height=\"1944\" \/><\/a><figcaption id=\"caption-attachment-63203\" class=\"wp-caption-text\">Foto: Kriss Rudolph<\/figcaption><\/figure>\n<p>Anschliessend wollte Beckmann von der CDU-Vorsitzenden wissen, ob sie immer noch gegen die Ehe f\u00fcr alle sei. AKK, <a href=\"https:\/\/mannschaft.com\/2018\/12\/18\/kramp-karrenbauer-zur-miss-homophobia-2018-gekuert\/\" target=\"_blank\" rel=\"noopener noreferrer\">amtierende Miss Homophobia (MANNSCHAFT berichtete)<\/a>, eierte herum, ohne ihre eigene Position zu verraten: \u00abEs ist abgeschlossen und akzeptiert, gar keine Frage.\u00bb<\/p>\n<p>Die Katholikin nutzte dann auch die Gelegenheit, <a href=\"https:\/\/mannschaft.com\/2019\/09\/07\/lsu-warten-auf-die-gnade-von-kramp-karrenbauer\/\" target=\"_blank\" rel=\"noopener noreferrer\">Vorw\u00fcrfen wie sie u. a. im Kommentar von Jan Feddersen auf MANNSCHAFT.com gegen sie erhoben worden waren<\/a> zu begegnen: Sie sei weder homophob, noch fr\u00f6mmlerisch und gewiss auch nicht papsth\u00f6rig.<\/p>\n<p>Von Beust wurde von Beckmann gefragt, wie er die AKK-\u00c4usserungen zur Ehe\u00f6ffnung damals gefunden habe. \u00abEs hat mich zun\u00e4chst irritiert\u00bb, erkl\u00e4rte er. Fand aber im Nachgang nachvollziehbar und verst\u00e4ndlich, wie AKK ihre \u00c4usserungen begr\u00fcndet hatte.<br \/>\n\u00abIch weiss, es gibt keine Ressentiments\u00bb, schlug von Beust erneut Generalsekret\u00e4r-hafte T\u00f6ne an, bem\u00fcht, seiner Parteichefin den R\u00fccken zu st\u00e4rken.<\/p>\n<p>Was sagten eigentlich die Kinder von AKK zu deren Position zur Ehe\u00f6ffnung, wollte Beckmann noch wissen. Die verst\u00fcnden die Diskussion \u00fcberhaupt nicht, wieso \u00fcberhaupt jemand nicht heiraten k\u00f6nnen sollte, so die CDU-Chefin. Diskussionen gebe es im Hause AKK \u00fcbrigens zu vielen Themen. \u00abDa kann ja mit der Erziehung auch nicht alles falsch gelaufen sein\u00bb, schlussfolgerte die Politikerin.<\/p>\n<p><strong>Verteidigungsministerin AKK will LGBTIQ-freundliche Linie fortsetzen<br \/>\n<\/strong>Schliesslich wollte Beckmann noch wissen, ob AKK als Verteidigungsministerin gedenke, die LGBTIQ-freundliche Linie ihrer Vorg\u00e4ngerin und Parteifreundin Ursula von der Leyen fortzusetzen. Das sagte die Politikerin zu, blieb ansonsten aber eher vage und hielt sich an Allgemeinpl\u00e4tze. Es interessiere sie\u00a0vor allem, ob jemand ein guter Soldat oder eine gute Soldatin auf dem Boden des Grundgesetzes sei, erkl\u00e4rte sie &#8211; unabh\u00e4ngig von der sexuellen Orientierung und der geschlechtlichen Identit\u00e4t.<\/p>\n<blockquote class=\"wp-embedded-content\" data-secret=\"zZwceOF15b\"><p><a href=\"https:\/\/mannschaft.com\/2019\/09\/10\/john-bercow-britisches-parlament-verliert-laute-stimme-fuer-lgbtiq-rechte\/\">Britisches Parlament verliert laute Stimme f\u00fcr LGBTIQ-Rechte<\/a><\/p><\/blockquote>\n<p><iframe title=\"&#8222;Britisches Parlament verliert laute Stimme f\u00fcr LGBTIQ-Rechte&#8220; &#8212; Mannschaft Magazin\" class=\"wp-embedded-content\" sandbox=\"allow-scripts\" security=\"restricted\" style=\"position: absolute; clip: rect(1px, 1px, 1px, 1px);\" src=\"https:\/\/mannschaft.com\/2019\/09\/10\/john-bercow-britisches-parlament-verliert-laute-stimme-fuer-lgbtiq-rechte\/embed\/#?secret=zZwceOF15b\" data-secret=\"zZwceOF15b\" width=\"600\" height=\"338\" frameborder=\"0\" marginwidth=\"0\" marginheight=\"0\" scrolling=\"no\"><\/iframe><\/p>\n<p>Von CDU-Mann von Beust erfuhr man an diesem Abend wenig Substanzielles. Er durfte mit einem etwas irritierenden Argument darlegen, warum er an Schwulsein sehr vieles konservativ finde. Viele Paare lebten spiessigere Beziehungen als Heteros und: \u00abKeine Wohnung ist so sauber und aufger\u00e4umt wie die von vielen Schwulen.\u00bb Ob er hier vielleicht allzu leichtfertig ein Klischee bediente? Das fand Moderator Beckmann offenbar auch. Da habe von Beust wohl noch nicht die Wohnung <a href=\"https:\/\/mannschaft.com\/2017\/11\/21\/corny-littmann-alles-gute-zum-65\/\" target=\"_blank\" rel=\"noopener noreferrer\">des Regisseurs und Aktivisten Corny Littmann<\/a> gesehen, konterte Beckmann gut gelaunt und kassierte abermals viele Lacher an diesem Abend.<\/p>\n<p>Wer sich an diesem Abend erhofft hatte, Zukunftsweisendes zu h\u00f6ren\u00a0 &#8211; etwa <a href=\"https:\/\/mannschaft.com\/2019\/09\/10\/1-jahr-haft-fuer-anbieter-von-konversionstherapien\/\" target=\"_blank\" rel=\"noopener noreferrer\">zum Verbot von Konversionstherapien (MANNSCHAFT berichtete)<\/a> oder der Reform des Transsexuellengesetzes, der wurde entt\u00e4uscht. Ziel des Abends war es eher, die (fast ausschliesslich m\u00e4nnlichen) Mitglieder der LSU mit der Parteichefin auszus\u00f6hnen. Gemessen am Applaus und den teils begeistert strahlenden Gesichtern vieler G\u00e4ste darf man wohl sagen: Mission gelungen.<\/p>\n","protected":false},"excerpt":{"rendered":"<p>Am Donnerstag fand in der CDU-Zentrale der Jahresempfang der Lesben und Schwulen in der Union (LSU) statt. Special Guest: AKK.  <a class=\"g1-link g1-link-more\" href=\"https:\/\/alte.mannschaft.lgbt\/bimber\/akk-lsu-ich-bin-keine-homophobe-froemmlerin\/\">Weiterlesen<\/a><\/p>\n","protected":false},"author":3,"featured_media":63200,"comment_status":"closed","ping_status":"closed","sticky":false,"template":"","format":"standard","meta":[],"categories":[3],"tags":[5449,5478,5544],"wps_subtitle":"Die CDU-Chefin wurde am Donnerstag in der Parteizentrale zu ihren LGBTIQ-feindlichen Bemerkungen befragt","_links":{"self":[{"href":"https:\/\/alte.mannschaft.lgbt\/bimber\/wp-json\/wp\/v2\/posts\/63146"}],"collection":[{"href":"https:\/\/alte.mannschaft.lgbt\/bimber\/wp-json\/wp\/v2\/posts"}],"about":[{"href":"https:\/\/alte.mannschaft.lgbt\/bimber\/wp-json\/wp\/v2\/types\/post"}],"author":[{"embeddable":true,"href":"https:\/\/alte.mannschaft.lgbt\/bimber\/wp-json\/wp\/v2\/users\/3"}],"replies":[{"embeddable":true,"href":"https:\/\/alte.mannschaft.lgbt\/bimber\/wp-json\/wp\/v2\/comments?post=63146"}],"version-history":[{"count":0,"href":"https:\/\/alte.mannschaft.lgbt\/bimber\/wp-json\/wp\/v2\/posts\/63146\/revisions"}],"wp:featuredmedia":[{"embeddable":true,"href":"https:\/\/alte.mannschaft.lgbt\/bimber\/wp-json\/wp\/v2\/media\/63200"}],"wp:attachment":[{"href":"https:\/\/alte.mannschaft.lgbt\/bimber\/wp-json\/wp\/v2\/media?parent=63146"}],"wp:term":[{"taxonomy":"category","embeddable":true,"href":"https:\/\/alte.mannschaft.lgbt\/bimber\/wp-json\/wp\/v2\/categories?post=63146"},{"taxonomy":"post_tag","embeddable":true,"href":"https:\/\/alte.mannschaft.lgbt\/bimber\/wp-json\/wp\/v2\/tags?post=63146"}],"curies":[{"name":"wp","href":"https:\/\/api.w.org\/{rel}","templated":true}]}}