{"id":62987,"date":"2019-09-14T10:19:33","date_gmt":"2019-09-14T08:19:33","guid":{"rendered":"https:\/\/mannschaft.com\/?p=62987"},"modified":"2019-09-14T10:35:04","modified_gmt":"2019-09-14T08:35:04","slug":"hape-kerkeling-bekommt-ehrenpreis","status":"publish","type":"post","link":"https:\/\/alte.mannschaft.lgbt\/bimber\/hape-kerkeling-bekommt-ehrenpreis\/","title":{"rendered":"Hape Kerkeling bekommt Ehrenpreis"},"content":{"rendered":"<h3>Hape Kerkeling wird beim grossen Kleinkunstfestival 2019 mit dem Ehrenpreis ausgezeichnet. Der rbb \u00fcbertr\u00e4gt die Show live aus dem Kabarett-Theater \u00abDie W\u00fchlm\u00e4use\u00bb.<\/h3>\n<p>Stars aus der Szene treffen beim gro\u00dfen Kleinkunstfestival auf f\u00fcnf K\u00fcnstler*innen, die sich dem Wettbewerb um die begehrten \u00abM\u00e4use\u00bb \u2011Troph\u00e4en stellen. Das sind in diesem Jahr Martin Frank, Tahnee, Dr. Pop, Der Storb und Thorsten B\u00e4r \u2011 eine vielversprechende Mischung.<\/p>\n<blockquote class=\"wp-embedded-content\" data-secret=\"m857cmN77q\"><p><a href=\"https:\/\/mannschaft.com\/2019\/09\/09\/true-to-you-coming-out-per-kurzfilm\/\">\u00abTrue to you\u00bb: Coming-out per Kurzfilm<\/a><\/p><\/blockquote>\n<p><iframe title=\"&#8222;\u00abTrue to you\u00bb: Coming-out per Kurzfilm&#8220; &#8212; Mannschaft Magazin\" class=\"wp-embedded-content\" sandbox=\"allow-scripts\" security=\"restricted\" style=\"position: absolute; clip: rect(1px, 1px, 1px, 1px);\" src=\"https:\/\/mannschaft.com\/2019\/09\/09\/true-to-you-coming-out-per-kurzfilm\/embed\/#?secret=m857cmN77q\" data-secret=\"m857cmN77q\" width=\"600\" height=\"338\" frameborder=\"0\" marginwidth=\"0\" marginheight=\"0\" scrolling=\"no\"><\/iframe><\/p>\n<p>Hape Kerkeling erh\u00e4lt den Ehrenpreis f\u00fcr seine herausragenden Leistungen als Comedian, Parodist und Entertainer. Der heute 54-J\u00e4hrige verk\u00fcndete vor f\u00fcnf Jahren das Ende seiner Karriere. Zu seinen gr\u00f6ssten TV-Erfolgen geh\u00f6rte ab 1989 die zusammen mit dem Pianisten Achim Hagemann produzierte Comedy-Sendung \u00abTotal Normal\u00bb, f\u00fcr die er mit der Goldenen Kamera, dem Adolf-Grimme-Preis und dem Bayerischen Fernsehpreis ausgezeichnet wurde. Damals gelang es ihm im April 1991 vor laufenden Kameras, als niederl\u00e4ndische K\u00f6nigin Beatrix verkleidet vorm Schloss Bellevue vorzufahren und dort fast problemlos einzumarschieren \u2013 kurz vor dem Eintreffen der echten K\u00f6nigin.<\/p>\n<p>Einen Tag nach seinem 27. Geburtstag wurde Hape Kerkeling von Rosa von Praunheim in einer RTL-Sendung geoutet, gegen den Willen des Komikers.\u00a0Ein Jahr sp\u00e4ter sagte Kerkeling im <em>Spiegel<\/em>: \u00abSensiblere Naturen als ich h\u00e4tten sich in einer Kurzschlusshandlung wom\u00f6glich mit dem F\u00f6n in die Badewanne gelegt.\u00bb Sein Publikum habe aber \u00abirre normal reagiert\u00bb.<\/p>\n<div id=\"g1-fluid-wrapper-counter-1\" class=\"g1-fluid-wrapper \" style=\"width:662px;\" data-g1-fluid-width=\"662\" data-g1-fluid-height=\"372\">\n<div class=\"g1-fluid-wrapper-inner\" style=\"padding-bottom:56.19335347432%;\">\n<div class=\"mace-youtube\" data-mace-video=\"https:\/\/www.youtube.com\/embed\/RjrnlzXKBrA?showinfo=0&#038;rel=1&#038;ytp-pause-overlay=1&#038;autoplay=1&#038;enablejsapi=1\" data-mace-video-thumb=\"https:\/\/img.youtube.com\/vi\/RjrnlzXKBrA\/hqdefault.jpg\">\n<div class=\"mace-play-button\"><\/div>\n<\/div><\/div>\n<\/p><\/div>\n<p>Kerkeling weiter: \u00abSogar in der tiefsten bayerischen Provinz, wo ich kurz nach dem Outing auf Tournee war, bin ich nie dumm angequatscht worden. Es gibt in unserem Gewerbe so viele Untergrund-Schwule, die teilweise zur Tarnung in die Ehe gefl\u00fcchtet sind. Ich kann nur jedem raten, sich nicht zu verstellen.\u00bb<\/p>\n<blockquote class=\"wp-embedded-content\" data-secret=\"BPLZ7KAQUg\"><p><a href=\"https:\/\/mannschaft.com\/2018\/06\/13\/jochen-schropp-outet-sich-will-anderen-mut-machen\/\">Jochen Schropp outet sich: \u00abWill anderen Mut machen\u00bb<\/a><\/p><\/blockquote>\n<p><iframe title=\"&#8222;Jochen Schropp outet sich: \u00abWill anderen Mut machen\u00bb&#8220; &#8212; Mannschaft Magazin\" class=\"wp-embedded-content\" sandbox=\"allow-scripts\" security=\"restricted\" style=\"position: absolute; clip: rect(1px, 1px, 1px, 1px);\" src=\"https:\/\/mannschaft.com\/2018\/06\/13\/jochen-schropp-outet-sich-will-anderen-mut-machen\/embed\/#?secret=BPLZ7KAQUg\" data-secret=\"BPLZ7KAQUg\" width=\"600\" height=\"338\" frameborder=\"0\" marginwidth=\"0\" marginheight=\"0\" scrolling=\"no\"><\/iframe><\/p>\n<p>Zuletzt entstanden die beiden Filme \u00abIch bin dann mal weg\u00bb und \u00abDer Junge muss an die frische Luft\u00bb, bei denen es sich um Verfilmungen seiner autobiografischen B\u00fccher handelt. In den Filmen wurde Hape Kerkeling jedoch von anderen Darstellern verk\u00f6rpert. <a href=\"https:\/\/mannschaft.com\/2017\/12\/20\/hape-kerkeling-hat-geheiratet\/\" target=\"_blank\" rel=\"noopener noreferrer\">Ende 2017 heiratete Kerkeling seinen Lebensf\u00e4hrten (MANNSCHAFT berichtete).<\/a><\/p>\n<p>Torsten Str\u00e4ter, der seit seinem W\u00fchlm\u00e4use\u2011Gewinn 2014 zu einem der bedeutendsten Kabarettisten Deutschlands geworden ist, wird am Samstagabend mit dem Berlin-Preis geehrt. Dieter Nuhr f\u00fchrt durch den Abend. Abseits der Ehrungen sorgen TV\u2011Gr\u00f6ssen wie Paul Panzer, Bernhard Hoecker oder Horst Evers f\u00fcr kurzweilige Stunden. Schirmherr Dieter Hallervorden wird traditionell die Preise an die Gewinner \u00fcberreichen.<\/p>\n<p>Die Auszeichnungen, die beim grossen Kleinkunstfestival vergeben werden, geh\u00f6ren zu den wichtigsten Preisen f\u00fcr Kabarett, Comedy und Variet\u00e9 in Deutschland. Das rbb Fernsehen \u00fcbertr\u00e4gt am 14. September 2019 von 20.15 Uhr bis 00.00 Uhr live.<\/p>\n","protected":false},"excerpt":{"rendered":"<p>Hape Kerkeling wird beim grossen Kleinkunstfestival 2019 mit dem Ehrenpreis ausgezeichnet. Der rbb \u00fcbertr\u00e4gt die Show live aus dem Kabarett-Theater &#8222;Die W\u00fchlm\u00e4use&#8220;. <a class=\"g1-link g1-link-more\" href=\"https:\/\/alte.mannschaft.lgbt\/bimber\/hape-kerkeling-bekommt-ehrenpreis\/\">Weiterlesen<\/a><\/p>\n","protected":false},"author":1,"featured_media":63285,"comment_status":"closed","ping_status":"closed","sticky":false,"template":"","format":"standard","meta":[],"categories":[83],"tags":[5439,5442,2508],"wps_subtitle":"Das grosse Kleinkunstfestival 2019 l\u00e4uft am Samstagabend live im rbb Fernsehen","_links":{"self":[{"href":"https:\/\/alte.mannschaft.lgbt\/bimber\/wp-json\/wp\/v2\/posts\/62987"}],"collection":[{"href":"https:\/\/alte.mannschaft.lgbt\/bimber\/wp-json\/wp\/v2\/posts"}],"about":[{"href":"https:\/\/alte.mannschaft.lgbt\/bimber\/wp-json\/wp\/v2\/types\/post"}],"author":[{"embeddable":true,"href":"https:\/\/alte.mannschaft.lgbt\/bimber\/wp-json\/wp\/v2\/users\/1"}],"replies":[{"embeddable":true,"href":"https:\/\/alte.mannschaft.lgbt\/bimber\/wp-json\/wp\/v2\/comments?post=62987"}],"version-history":[{"count":0,"href":"https:\/\/alte.mannschaft.lgbt\/bimber\/wp-json\/wp\/v2\/posts\/62987\/revisions"}],"wp:featuredmedia":[{"embeddable":true,"href":"https:\/\/alte.mannschaft.lgbt\/bimber\/wp-json\/wp\/v2\/media\/63285"}],"wp:attachment":[{"href":"https:\/\/alte.mannschaft.lgbt\/bimber\/wp-json\/wp\/v2\/media?parent=62987"}],"wp:term":[{"taxonomy":"category","embeddable":true,"href":"https:\/\/alte.mannschaft.lgbt\/bimber\/wp-json\/wp\/v2\/categories?post=62987"},{"taxonomy":"post_tag","embeddable":true,"href":"https:\/\/alte.mannschaft.lgbt\/bimber\/wp-json\/wp\/v2\/tags?post=62987"}],"curies":[{"name":"wp","href":"https:\/\/api.w.org\/{rel}","templated":true}]}}