{"id":62506,"date":"2019-09-03T08:48:59","date_gmt":"2019-09-03T06:48:59","guid":{"rendered":"https:\/\/mannschaft.com\/?p=62506"},"modified":"2019-09-03T10:42:23","modified_gmt":"2019-09-03T08:42:23","slug":"afd-mann-laestert-ueber-lgbtiq-als-sexuelle-abnormitaeten","status":"publish","type":"post","link":"https:\/\/alte.mannschaft.lgbt\/bimber\/afd-mann-laestert-ueber-lgbtiq-als-sexuelle-abnormitaeten\/","title":{"rendered":"AfD-Mann l\u00e4stert \u00fcber LGBTIQ als \u00absexuelle Abnormit\u00e4ten\u00bb"},"content":{"rendered":"<h3>Im Berliner Abgeordnetenhaus hat sich ein AfD-Politiker zur Bildungspolitik des rot-rot-gr\u00fcnen Senats ge\u00e4ussert und LGBTIQ als \u00absexuelle Abnormit\u00e4ten\u00bb bezeichnet. Das macht jetzt der queerpolitische Sprecher der Gr\u00fcnen, Sebastian Walter, \u00f6ffentlich.<\/h3>\n<p>Die 140-seitige Brosch\u00fcre mit dem Titel \u00abMurat spielt Prinzessin, Alex hat zwei M\u00fctter und Sophie hei\u00dft jetzt Ben\u00bb wurde von der Berliner Bildungsinitiative <em>Queerformat <\/em>und dem sozialp\u00e4dagogischen Fortbildungsinstitut Berlin-Brandenburg herausgegeben und vom Berliner Senat finanziert. Sie richtet sich an die Fachkr\u00e4fte in den Kitas und widmet sich sexueller und gleichgeschlechtlicher Vielfalt als Thema fr\u00fchkindlicher Inklusionsp\u00e4dagogik. Das ganze LGBTIQ-Spektrum deckt sie ab.<\/p>\n<blockquote class=\"wp-embedded-content\" data-secret=\"uxi3dO8CTB\"><p><a href=\"https:\/\/mannschaft.com\/2019\/08\/27\/umfrage-umweltschutz-schwul\/\">UMFRAGE: Wie schwul ist Umweltschutz?<\/a><\/p><\/blockquote>\n<p><iframe title=\"&#8222;UMFRAGE: Wie schwul ist Umweltschutz?&#8220; &#8212; Mannschaft Magazin\" class=\"wp-embedded-content\" sandbox=\"allow-scripts\" security=\"restricted\" style=\"position: absolute; clip: rect(1px, 1px, 1px, 1px);\" src=\"https:\/\/mannschaft.com\/2019\/08\/27\/umfrage-umweltschutz-schwul\/embed\/#?secret=uxi3dO8CTB\" data-secret=\"uxi3dO8CTB\" width=\"600\" height=\"338\" frameborder=\"0\" marginwidth=\"0\" marginheight=\"0\" scrolling=\"no\"><\/iframe><\/p>\n<p>Sie entstand im Zuge der Initiative \u00abBerlin tritt ein f\u00fcr Selbstbestimmung und Akzeptanz sexueller Vielfalt\u00bb, die sich vor allem gegen Homophobie richtet<a href=\"https:\/\/mannschaft.com\/2019\/08\/28\/zwei-maenner-in-berlin-homophob-beschimpft-und-verletzt\/\" target=\"_blank\" rel=\"noopener noreferrer\">. Denn immer wieder werden Schwule, Lesben oder trans Menschen in Berlin beleidigt, bep\u00f6belt und geschlagen (MANNSCHAFT berichtete).<\/a> Von Menschen, f\u00fcr die es offenbar immer noch eine Sensation ist, dass es gleichgeschlechtlich empfindende Menschen gibt.<\/p>\n<p>Viele wollten und wollen diese Brosch\u00fcre partout falsch verstehen. So wie die AfD. Deren bildungspolitischer Sprecher Stefan Frank Kerker sprach erst diesen August wieder im Abgeordnetenhaus von Belehrungen \u00fcber \u00absexuelle Abnormit\u00e4ten\u00bb, die der queerpolitische Sprecher der Gr\u00fcnen, Sebastian Walter, jetzt \u00f6ffentlich machte.<\/p>\n<blockquote class=\"twitter-tweet lazyload\" data-expand=\"600\" data-script=\"https:\/\/platform.twitter.com\/widgets.js\"  data-width=\"550\" data-dnt=\"true\">\n<p lang=\"de\" dir=\"ltr\">Im <a href=\"https:\/\/twitter.com\/AGH_Berlin?ref_src=twsrc%5Etfw\">@AGH_Berlin<\/a> hat der AfD-Abgeordnete Kerker am 15.08.  LSBTIQ* als &#8211; w\u00f6rtlich! &#8211; &quot;sexuelle Abnormit\u00e4ten&quot; bezeichnet.<\/p>\n<p>Ich finde, das solltet Ihr wissen. Weil wir den Kampf gegen das LSBTIQ-feindliche rechte Gesocks auch ganz konkret in Berlin f\u00fchren m\u00fcssen!<a href=\"https:\/\/twitter.com\/hashtag\/fightAfD?src=hash&amp;ref_src=twsrc%5Etfw\">#fightAfD<\/a> <a href=\"https:\/\/twitter.com\/hashtag\/FCKNZS?src=hash&amp;ref_src=twsrc%5Etfw\">#FCKNZS<\/a> <a href=\"https:\/\/t.co\/Bi8HEqRin0\">pic.twitter.com\/Bi8HEqRin0<\/a><\/p>\n<p>&mdash; Sebastian Walter \ud83c\udff3\ufe0f\u200d\ud83c\udf08 (@s_k_walter) <a href=\"https:\/\/twitter.com\/s_k_walter\/status\/1168612060869136385?ref_src=twsrc%5Etfw\">September 2, 2019<\/a><\/p><\/blockquote>\n<p>Als die Brosch\u00fcre Anfang 2018 erschien, nannte Kerker die Brosch\u00fcre bereits \u00abGeldverschwendung\u00bb und sprach von einem \u00abfragw\u00fcrdigen Trend zur Hypersexualisierung\u00bb, die der kindlichen Entwicklung schade.<\/p>\n<p>Sein Kollege Steffen K\u00f6niger aus <a href=\"https:\/\/mannschaft.com\/2019\/09\/01\/afd-ostdeutschland-nicht-staerkste-kraft\/\" target=\"_blank\" rel=\"noopener noreferrer\">Brandenberg, wo die AfD am Sonntag zweitst\u00e4rkste Kraft wurde (MANNSCHAFT berichtete),<\/a> meinte einst gar, dass p\u00e4dagogische Vorstellungen, wie sie der Brosch\u00fcre zugrunde liegen, \u00abkranken Hirnen mit p\u00e4dophilen Hintergedanken entsprungen zu sein\u00bb scheinen.<\/p>\n<p>Auch die Berliner CDU hatte die Brosch\u00fcre kritisiert &#8211; offenbar ohne sie richtig zu lesen. Das nahmen die Gr\u00fcnen im vergangenen Jahr zum Anlass, den Christdemokraten ein paar Exemplare vorbei zu bringen.<\/p>\n<blockquote class=\"twitter-tweet lazyload\" data-expand=\"600\" data-script=\"https:\/\/platform.twitter.com\/widgets.js\"  data-width=\"550\" data-dnt=\"true\">\n<p lang=\"de\" dir=\"ltr\">Die <a href=\"https:\/\/twitter.com\/CDUBerlin_AGH?ref_src=twsrc%5Etfw\">@CDUBerlin_AGH<\/a> hat sich \u00fcber die Brosch\u00fcre f\u00fcr Kita-Erzieher*innen aufgeregt, die zum Umgang mit sexueller Vielfalt ber\u00e4t. V\u00f6llig unn\u00f6tig, wenn sie denn mal reingeschaut h\u00e4tte. Wir haben einige Exemplare vorbeigebracht und empfehlen: Lesen bildet ungemein! <a href=\"https:\/\/twitter.com\/hashtag\/sexuellevielfalt?src=hash&amp;ref_src=twsrc%5Etfw\">#sexuellevielfalt<\/a> <a href=\"https:\/\/t.co\/q0hNY45vWd\">pic.twitter.com\/q0hNY45vWd<\/a><\/p>\n<p>&mdash; GR\u00dcNE BERLIN (@gruene_berlin) <a href=\"https:\/\/twitter.com\/gruene_berlin\/status\/966304546283810816?ref_src=twsrc%5Etfw\">February 21, 2018<\/a><\/p><\/blockquote>\n<p>Die Bildungsinitiative Queerformat, die die Handreichung \u00abMurat spielt Prinzessin, Alex hat zwei M\u00fctter und Sophie hei\u00dft jetzt Ben\u00bb herausgegeben hatte, <a href=\"https:\/\/mannschaft.com\/2018\/11\/02\/berliner-polizeipraesidentin-erwartet-anstieg-von-straftaten-gegen-lgbtiq\/\" target=\"_blank\" rel=\"noopener noreferrer\">wurde im November 2018 vom B\u00fcndnis gegen Homophobie mit dem Respektpreis ausgezeichnet (MANNSCHAFT berichtete.<\/a><\/p>\n","protected":false},"excerpt":{"rendered":"<p>Im Berliner Abgeordnetenhaus hat sich ein AfD-Politiker zur Bildungspolitik ge\u00e4ussert und LGBTIQ als \u00absexuelle Abnormit\u00e4ten\u00bb bezeichnet. Das macht jetzt der queerpolitische Sprecher der Gr\u00fcnen \u00f6ffentlich. <a class=\"g1-link g1-link-more\" href=\"https:\/\/alte.mannschaft.lgbt\/bimber\/afd-mann-laestert-ueber-lgbtiq-als-sexuelle-abnormitaeten\/\">Weiterlesen<\/a><\/p>\n","protected":false},"author":3,"featured_media":62512,"comment_status":"closed","ping_status":"closed","sticky":false,"template":"","format":"standard","meta":[],"categories":[3],"tags":[128,5531,5544],"wps_subtitle":"Seit ihrem Erscheinen ist die Handreichung \u00abMurat spielt Prinzessin ... \u00bb den Rechtspopulisten ein Dorn im Auge","_links":{"self":[{"href":"https:\/\/alte.mannschaft.lgbt\/bimber\/wp-json\/wp\/v2\/posts\/62506"}],"collection":[{"href":"https:\/\/alte.mannschaft.lgbt\/bimber\/wp-json\/wp\/v2\/posts"}],"about":[{"href":"https:\/\/alte.mannschaft.lgbt\/bimber\/wp-json\/wp\/v2\/types\/post"}],"author":[{"embeddable":true,"href":"https:\/\/alte.mannschaft.lgbt\/bimber\/wp-json\/wp\/v2\/users\/3"}],"replies":[{"embeddable":true,"href":"https:\/\/alte.mannschaft.lgbt\/bimber\/wp-json\/wp\/v2\/comments?post=62506"}],"version-history":[{"count":0,"href":"https:\/\/alte.mannschaft.lgbt\/bimber\/wp-json\/wp\/v2\/posts\/62506\/revisions"}],"wp:featuredmedia":[{"embeddable":true,"href":"https:\/\/alte.mannschaft.lgbt\/bimber\/wp-json\/wp\/v2\/media\/62512"}],"wp:attachment":[{"href":"https:\/\/alte.mannschaft.lgbt\/bimber\/wp-json\/wp\/v2\/media?parent=62506"}],"wp:term":[{"taxonomy":"category","embeddable":true,"href":"https:\/\/alte.mannschaft.lgbt\/bimber\/wp-json\/wp\/v2\/categories?post=62506"},{"taxonomy":"post_tag","embeddable":true,"href":"https:\/\/alte.mannschaft.lgbt\/bimber\/wp-json\/wp\/v2\/tags?post=62506"}],"curies":[{"name":"wp","href":"https:\/\/api.w.org\/{rel}","templated":true}]}}