{"id":61990,"date":"2019-08-23T11:50:10","date_gmt":"2019-08-23T09:50:10","guid":{"rendered":"https:\/\/mannschaft.com\/?p=61990"},"modified":"2023-10-16T09:12:28","modified_gmt":"2023-10-16T07:12:28","slug":"hans-holbein-uni-jena-soll-forschungszentrum-zu-homosexualitaet-bekommen","status":"publish","type":"post","link":"https:\/\/alte.mannschaft.lgbt\/bimber\/hans-holbein-uni-jena-soll-forschungszentrum-zu-homosexualitaet-bekommen\/","title":{"rendered":"Uni Jena soll Forschungszentrum zu Homosexualit\u00e4t bekommen"},"content":{"rendered":"<h3>Mehr als 90 Wissenschaftler*innen und Politiker*innen fordern ein Forschungszentrum zu Homosexualit\u00e4t an der Universit\u00e4t Jena.<\/h3>\n<p>Vor hundert Jahren, am 24. August 1919, wurde an der Universit\u00e4t Jena die Holbein-Stiftung gegr\u00fcndet. Aus diesem Anlass fordern mehr als 90 Pers\u00f6nlichkeiten aus Wissenschaft, Politik und Gesellschaft die Rehabilitierung des Stifters Hans Holbein und die Verwirklichung seines Verm\u00e4chtnisses. Die Initiative steht unter der Schirmherrschaft der Ministerpr\u00e4sidentin a. D. des Freistaates Th\u00fcringen Christine Lieberknecht.<\/p>\n<blockquote class=\"wp-embedded-content\" data-secret=\"zH4hXgoCU6\"><p><a href=\"https:\/\/mannschaft.com\/2019\/08\/20\/die-tolerantia-awards-kommen-nach-bern\/\">Die Tolerantia-Awards kommen nach Bern<\/a><\/p><\/blockquote>\n<p><iframe title=\"&#8222;Die Tolerantia-Awards kommen nach Bern&#8220; &#8212; Mannschaft Magazin\" class=\"wp-embedded-content\" sandbox=\"allow-scripts\" security=\"restricted\" style=\"position: absolute; clip: rect(1px, 1px, 1px, 1px);\" src=\"https:\/\/mannschaft.com\/2019\/08\/20\/die-tolerantia-awards-kommen-nach-bern\/embed\/#?secret=zH4hXgoCU6\" data-secret=\"zH4hXgoCU6\" width=\"600\" height=\"338\" frameborder=\"0\" marginwidth=\"0\" marginheight=\"0\" scrolling=\"no\"><\/iframe><\/p>\n<p>Zu den Unterst\u00fctzern z\u00e4hlen Direktoren der Stiftungen Topographie des Terrors, Denkmal f\u00fcr die ermordeten Juden Europas und der Gedenkst\u00e4tte Deutscher Widerstand, aber auch Ministerpr\u00e4sident Bodo Ramelow, Oppositionsf\u00fchrer Mike Mohring und Justizminister Dieter Lauinger.<\/p>\n<p>\u00abDr. Hans Holbein war ein Vork\u00e4mpfer der ersten Stunde f\u00fcr die Freiheit von Homosexuellen. Sein damaliges Engagement f\u00fcr die Community, insbesondere sein Kampf gegen die strafrechtliche Verfolgung Homosexueller, ist bemerkenswert und hat bis heute Vorbildcharakter\u00bb, erkl\u00e4rte Johannes Kahrs, ehemaliger LGBTIQ-Sprecher der SPD-Bundestagsfraktion. \u00abDie von ihm begr\u00fcndete Holbein-Stiftung feiert dieses Jahr ihren einhundertsten Geburtstag. Ich w\u00fcnsche mir, dass das Verm\u00e4chtnis Dr. Hans Holbeins in seinem Sinne weiterf\u00fchrt wird. Hierbei unterst\u00fctze ich die Idee eines Forschungszentrums gern!\u00bb<\/p>\n<p><strong>Aufarbeitung der damaligen Vorg\u00e4nge gefordert<br \/>\n<\/strong>\u00abWir haben allen Grund gemeinsam nicht nur weiter gegen jede Diskriminierung anzugehen, sondern auch Forschung und Lehre endlich auf ein stabiles Fundament zu stellen\u00bb, erkl\u00e4rte der Ministerpr\u00e4sident des Freistaates Th\u00fcringen, Bodo Ramelow (LINKE). \u00abDeswegen begr\u00fcsse ich die Initiative die Gr\u00fcndung einer Holbein-Stiftung erneut aufzugreifen. Konkret werbe ich f\u00fcr ein Forschungsprojekt zur Aufarbeitung der damaligen Vorg\u00e4nge. Ziel des Projektes sollte sein, das Stiftungsverm\u00f6gen zu restituieren und die Holbein Stiftung neu zu gr\u00fcnden.\u00bb<\/p>\n<p><strong>Jena wollte keinen \u00abSammelpunkt unerw\u00fcnschter Elemente\u00bb<\/strong><br \/>\n<a href=\"https:\/\/mannschaft.com\/2019\/06\/26\/er-kaempfte-gegen-%c2%a7-175-jurist-hans-holbein-soll-rehabilitiert-werden\/\" target=\"_blank\" rel=\"noopener noreferrer\">Der th\u00fcringische Jurist Dr. Hans Holbein (1864-1929)<\/a> war ein Mitstreiter <a href=\"https:\/\/mannschaft.com\/2019\/07\/04\/magnus-hirschfeld-100-jahre-queere-befreiung\/\" target=\"_blank\" rel=\"noopener noreferrer\">des Sexualreformers Magnus Hirschfeld<\/a> und setzte sich zeit seines Lebens f\u00fcr die Abschaffung des \u00a7 175 StGB ein. Mit der Holbein-Stiftung sollte die Universit\u00e4t Jena einen Lehrstuhl zur Erforschung der Homosexualit\u00e4t einrichten. Dazu setzte Holbein die Uni zur Alleinerbin ein und vermachte ihr 100.000 Mark. Doch die Universit\u00e4t schlug das Erbe aus, weil, so die Begr\u00fcndung, die Universit\u00e4t ansonsten \u00abzu einem Sammelpunkt unerw\u00fcnschter Elemente w\u00fcrde\u00bb.<\/p>\n<p>Holbeins Idee einer Institutionalisierung von Forschung und Lehre zur Homosexualit\u00e4t war vision\u00e4r. Die Unterst\u00fctzer rufen die Universit\u00e4t Jena und das Land Th\u00fcringen auf, diese Idee aufzugreifen und in zeitgem\u00e4sser Form, zum Beispiel als der Universit\u00e4t angegliedertes Forschungsinstitut, umzusetzen &#8211; ein Vorschlag, der vom Pr\u00e4sidenten der Universit\u00e4t, Prof. Dr. Walter Rosenthal, in einer ersten Stellungnahme begr\u00fcsst wurde: \u00abDie Universit\u00e4t ist offen f\u00fcr ein An-Institut, dessen Finanzierung noch gekl\u00e4rt werden muss.\u00bb<\/p>\n<blockquote class=\"wp-embedded-content\" data-secret=\"0HacRGjsol\"><p><a href=\"https:\/\/mannschaft.com\/2019\/08\/22\/lgbtiq-news-die-september-ausgabe-der-mannschaft-ist-da\/\">Das bringt die September-Ausgabe der MANNSCHAFT!<\/a><\/p><\/blockquote>\n<p><iframe title=\"&#8222;Das bringt die September-Ausgabe der MANNSCHAFT!&#8220; &#8212; Mannschaft Magazin\" class=\"wp-embedded-content\" sandbox=\"allow-scripts\" security=\"restricted\" style=\"position: absolute; clip: rect(1px, 1px, 1px, 1px);\" src=\"https:\/\/mannschaft.com\/2019\/08\/22\/lgbtiq-news-die-september-ausgabe-der-mannschaft-ist-da\/embed\/#?secret=0HacRGjsol\" data-secret=\"0HacRGjsol\" width=\"600\" height=\"338\" frameborder=\"0\" marginwidth=\"0\" marginheight=\"0\" scrolling=\"no\"><\/iframe><\/p>\n<p>Am 13. September findet um 16 Uhr auf dem Weimarer Friedhof eine Gedenkfeier aus Anlass des 90. Todestages Holbeins statt, bei der u. a. der th\u00fcringische Justizminister Dieter Lauinger eine Rede halten wird.<\/p>\n","protected":false},"excerpt":{"rendered":"<p>Mehr als 90 Wissenschaftler*innen und Politiker*innen fordern ein Forschungszentrum zu Homosexualit\u00e4t an der Universit\u00e4t Jena. <a class=\"g1-link g1-link-more\" href=\"https:\/\/alte.mannschaft.lgbt\/bimber\/hans-holbein-uni-jena-soll-forschungszentrum-zu-homosexualitaet-bekommen\/\">Weiterlesen<\/a><\/p>\n","protected":false},"author":1,"featured_media":61994,"comment_status":"closed","ping_status":"closed","sticky":false,"template":"","format":"standard","meta":[],"categories":[3],"tags":[5538,2803],"wps_subtitle":"Das fordern \u00fcber 90 Wissenschaftler*innen und Politiker*innen: Das Verm\u00e4chtnis des Hirschfeld-Mitstreiters Hans Holbein soll weitergef\u00fchrt werden","_links":{"self":[{"href":"https:\/\/alte.mannschaft.lgbt\/bimber\/wp-json\/wp\/v2\/posts\/61990"}],"collection":[{"href":"https:\/\/alte.mannschaft.lgbt\/bimber\/wp-json\/wp\/v2\/posts"}],"about":[{"href":"https:\/\/alte.mannschaft.lgbt\/bimber\/wp-json\/wp\/v2\/types\/post"}],"author":[{"embeddable":true,"href":"https:\/\/alte.mannschaft.lgbt\/bimber\/wp-json\/wp\/v2\/users\/1"}],"replies":[{"embeddable":true,"href":"https:\/\/alte.mannschaft.lgbt\/bimber\/wp-json\/wp\/v2\/comments?post=61990"}],"version-history":[{"count":1,"href":"https:\/\/alte.mannschaft.lgbt\/bimber\/wp-json\/wp\/v2\/posts\/61990\/revisions"}],"predecessor-version":[{"id":180423,"href":"https:\/\/alte.mannschaft.lgbt\/bimber\/wp-json\/wp\/v2\/posts\/61990\/revisions\/180423"}],"wp:featuredmedia":[{"embeddable":true,"href":"https:\/\/alte.mannschaft.lgbt\/bimber\/wp-json\/wp\/v2\/media\/61994"}],"wp:attachment":[{"href":"https:\/\/alte.mannschaft.lgbt\/bimber\/wp-json\/wp\/v2\/media?parent=61990"}],"wp:term":[{"taxonomy":"category","embeddable":true,"href":"https:\/\/alte.mannschaft.lgbt\/bimber\/wp-json\/wp\/v2\/categories?post=61990"},{"taxonomy":"post_tag","embeddable":true,"href":"https:\/\/alte.mannschaft.lgbt\/bimber\/wp-json\/wp\/v2\/tags?post=61990"}],"curies":[{"name":"wp","href":"https:\/\/api.w.org\/{rel}","templated":true}]}}