{"id":61939,"date":"2019-08-23T09:55:49","date_gmt":"2019-08-23T07:55:49","guid":{"rendered":"https:\/\/mannschaft.com\/?p=61939"},"modified":"2019-08-23T09:59:12","modified_gmt":"2019-08-23T07:59:12","slug":"wenn-ein-hetero-cis-mann-ueber-randgruppen-witzelt","status":"publish","type":"post","link":"https:\/\/alte.mannschaft.lgbt\/bimber\/wenn-ein-hetero-cis-mann-ueber-randgruppen-witzelt\/","title":{"rendered":"Wenn ein hetero Cis-Mann \u00fcber Randgruppen witzelt"},"content":{"rendered":"<h3>Im Fernsehen Witze reissen \u00fcber Menschen mit Behinderungen, \u00dcbergewichtige und LGBTIQs: Geht das? Und ob! Ein Gespr\u00e4ch mit Stand-up-Comedian Renato Kaiser, Host der neuen SRF-Sendung \u00abTabu\u00bb.<\/h3>\n<p>Letzten Sonntag startete im <em>Schweizer Fernsehen SRF<\/em> die f\u00fcnfteilige Serie \u00abTabu\u00bb mit Comedian Renato Kaiser. Die Sendung r\u00fcckt jede Woche eine andere Gesellschaftsgruppe in den Fokus, die im Mainstream oft noch als Tabu gilt. Am 18. August ging es um k\u00f6rperlich beeintr\u00e4chtigte Menschen, am 25. August stehen um 21:40 Uhr mit Jeannine Borer, Florian Vock und Henry Hohmann Vertreter*innen der LGBTIQ-Community auf dem Programm.<strong>\u00a0<\/strong><\/p>\n<p><strong>Renato, in wenigen S\u00e4tzen: Wovon handelt die Sendung \u00abTabu\u00bb?<br \/>\n<\/strong>Um Tabuthemen <em>(lacht)<\/em>! Es geht darum, das Gespr\u00e4ch \u00fcber Randgruppen und Minderheiten zu enttabuisieren, zu entspannen und zu normalisieren und sie nicht vom Humor auszuschliessen.<\/p>\n<p><strong>Es geht um Menschen mit Adipositas, Mitglieder der LGBTIQ-Community sowie um Personen mit k\u00f6rperlichen Beeintr\u00e4chtigungen oder unheilbaren Krankheiten und um solche, die von der Armut betroffen sind. Was haben diese Gruppen gemeinsam?<br \/>\n<\/strong>Eigentlich nur, dass sie ein Tabuthema sind und dass sie oft f\u00fcr einen Witz herhalten m\u00fcssen bei Menschen, die sich nicht ausreichend \u00fcber ihre Ausgangslage informiert haben.<\/p>\n<p>Allerdings ist es mir ein Anliegen, dass man diese Gruppen eben nicht miteinander vergleicht. Erstens ist es gef\u00e4hrlich, zum Beispiel Menschen mit einer unheilbaren Krankheit und LGBTIQs in einem Atemzug zu erw\u00e4hnen, da es leider immer noch Personen gibt, die Homosexualit\u00e4t oder Transgeschlechtlichkeit als Krankheit verstehen. Zweitens k\u00e4mpft jede Gruppe zwar mit \u00e4hnlichen Mechanismen der Stigmatisierung, ist schlussendlich aber mit ihren eigenen Problemen konfrontiert.<\/p>\n<figure id=\"attachment_61942\" aria-describedby=\"caption-attachment-61942\" class=\"wp-caption aligncenter\"><img data-expand=\"600\" decoding=\"async\" loading=\"lazy\" class=\"lazyload size-full wp-image-61942\" src=\"data:image\/svg+xml;charset=utf-8,%3Csvg xmlns%3D'http%3A%2F%2Fwww.w3.org%2F2000%2Fsvg' viewBox%3D'0 0 1200 800'%2F%3E\" data-src=\"https:\/\/mannschaft.com\/bimber\/wp-content\/uploads\/2019\/08\/tabu-renato-kaiser-srf-Marion-Nitsch.jpg\" alt=\"srf tabu\" width=\"1200\" height=\"800\" data-srcset=\"https:\/\/alte.mannschaft.lgbt\/bimber\/wp-content\/uploads\/2019\/08\/tabu-renato-kaiser-srf-Marion-Nitsch.jpg 1200w, https:\/\/alte.mannschaft.lgbt\/bimber\/wp-content\/uploads\/2019\/08\/tabu-renato-kaiser-srf-Marion-Nitsch-300x200.jpg 300w, https:\/\/alte.mannschaft.lgbt\/bimber\/wp-content\/uploads\/2019\/08\/tabu-renato-kaiser-srf-Marion-Nitsch-768x512.jpg 768w, https:\/\/alte.mannschaft.lgbt\/bimber\/wp-content\/uploads\/2019\/08\/tabu-renato-kaiser-srf-Marion-Nitsch-425x283.jpg 425w, https:\/\/alte.mannschaft.lgbt\/bimber\/wp-content\/uploads\/2019\/08\/tabu-renato-kaiser-srf-Marion-Nitsch-180x120.jpg 180w, https:\/\/alte.mannschaft.lgbt\/bimber\/wp-content\/uploads\/2019\/08\/tabu-renato-kaiser-srf-Marion-Nitsch-561x374.jpg 561w, https:\/\/alte.mannschaft.lgbt\/bimber\/wp-content\/uploads\/2019\/08\/tabu-renato-kaiser-srf-Marion-Nitsch-1122x748.jpg 1122w, https:\/\/alte.mannschaft.lgbt\/bimber\/wp-content\/uploads\/2019\/08\/tabu-renato-kaiser-srf-Marion-Nitsch-364x243.jpg 364w, https:\/\/alte.mannschaft.lgbt\/bimber\/wp-content\/uploads\/2019\/08\/tabu-renato-kaiser-srf-Marion-Nitsch-758x505.jpg 758w, https:\/\/alte.mannschaft.lgbt\/bimber\/wp-content\/uploads\/2019\/08\/tabu-renato-kaiser-srf-Marion-Nitsch-608x405.jpg 608w, https:\/\/alte.mannschaft.lgbt\/bimber\/wp-content\/uploads\/2019\/08\/tabu-renato-kaiser-srf-Marion-Nitsch-1152x768.jpg 1152w, https:\/\/alte.mannschaft.lgbt\/bimber\/wp-content\/uploads\/2019\/08\/tabu-renato-kaiser-srf-Marion-Nitsch-72x48.jpg 72w, https:\/\/alte.mannschaft.lgbt\/bimber\/wp-content\/uploads\/2019\/08\/tabu-renato-kaiser-srf-Marion-Nitsch-144x96.jpg 144w, https:\/\/alte.mannschaft.lgbt\/bimber\/wp-content\/uploads\/2019\/08\/tabu-renato-kaiser-srf-Marion-Nitsch-313x209.jpg 313w, https:\/\/alte.mannschaft.lgbt\/bimber\/wp-content\/uploads\/2019\/08\/tabu-renato-kaiser-srf-Marion-Nitsch-400x267.jpg 400w\" data-sizes=\"(max-width: 1200px) 100vw, 1200px\" \/><figcaption id=\"caption-attachment-61942\" class=\"wp-caption-text\">Renato Kaiser, Jeannine Borer, Florian Vock und Henry Hohmann (von links nach rechts). (Bild: SRF\/Marion Nitsch)<\/figcaption><\/figure>\n<p><strong>Wie innerhalb der LGBTIQ-Community auch.<br \/>\n<\/strong>Diese Gruppe ist unter den Tabuthemen sicherlich die vielf\u00e4ltigste. Bei Menschen mit Adipositas sind alle vom Gleichen betroffen, bei der LGBTIQ-Community sehen die Herausforderungen ganz anders aus. Das sieht man bereits bei den drei Vertreter*innen, die wir in der Sendung gehabt haben.<\/p>\n<p><strong>Bei LGBTIQ-Personen k\u00f6nnte man im Gegensatz zu den anderen Gruppen sagen, dass die Tabuisierung in der Gesellschaft je l\u00e4nger wie mehr abnimmt.<br \/>\n<\/strong>Schwierig zu sagen, die Enttabuisierung hat viele Gesichter. Die LGBTIQ-Community ist sicherlich sehr pr\u00e4sent \u2013 das kommt aber auch darauf an, wo man wohnt und mit wem man es zu tun hat. In der Schweiz gibt es jedoch immer noch Menschen, die keine Ahnung haben, dass trans Menschen existieren. Zudem ist es auch f\u00fcr einen schwulen Mann noch nicht normal, mit seinem Partner H\u00e4ndchen haltend durch die Stadt zu gehen. Man sagt gerne, dass in der Schweiz so etwas wie Homophobie nicht mehr existiert. Dann geschehen aber <a href=\"https:\/\/mannschaft.com\/2019\/08\/22\/wegen-regenbogenfahne-hooligans-werfen-in-bern-mit-bierdosen\/\">so Dinge wie beim Fanmarsch in Bern diese Woche<\/a>, wo man eine Regenbogenfahne mit Bierdosen bewarf, nur weil es eine Regenbogenfahne ist.<\/p>\n<p>Der Kampf um gleiche Rechte f\u00fcr LGBTIQs ist zur Bewegung geworden, wobei man sagen muss, dass trans Menschen noch ganz am Anfang dieser Bewegung stehen. Aber das muss ich ja dir und deinen Leser*innen nicht erkl\u00e4ren <em>(lacht)<\/em>.<\/p>\n<blockquote class=\"wp-embedded-content\" data-secret=\"VpnHPKZKcy\"><p><a href=\"https:\/\/mannschaft.com\/2019\/08\/16\/der-hoechste-reformierte-sagt-ja-zur-eheoeffnung\/\">Der h\u00f6chste Reformierte sagt Ja zur Ehe\u00f6ffnung<\/a><\/p><\/blockquote>\n<p><iframe title=\"&#8222;Der h\u00f6chste Reformierte sagt Ja zur Ehe\u00f6ffnung&#8220; &#8212; Mannschaft Magazin\" class=\"wp-embedded-content\" sandbox=\"allow-scripts\" security=\"restricted\" style=\"position: absolute; clip: rect(1px, 1px, 1px, 1px);\" src=\"https:\/\/mannschaft.com\/2019\/08\/16\/der-hoechste-reformierte-sagt-ja-zur-eheoeffnung\/embed\/#?secret=VpnHPKZKcy\" data-secret=\"VpnHPKZKcy\" width=\"600\" height=\"338\" frameborder=\"0\" marginwidth=\"0\" marginheight=\"0\" scrolling=\"no\"><\/iframe><\/p>\n<p><strong>Welche Erkenntnis hat dich w\u00e4hrend den Dreharbeiten besonders \u00fcberrascht?<br \/>\n<\/strong>Das klingt zwar nicht \u00fcberraschend, aber es ist so, dass die Arbeit wirklich nie aufh\u00f6rt. Das F\u00f6rdern von Toleranz und Integration geht immer weiter. Man hat nie das Gef\u00fchl: So, jetzt weiss ich alles.<\/p>\n<p><strong>Kannst du Beispiele nennen?<br \/>\n<\/strong>Bei den k\u00f6rperlich beeintr\u00e4chtigten Menschen meint die Gesellschaft beispielsweise oft, dass eine Person im Rollstuhl dann unabh\u00e4ngig ist, wenn sie mit Hilfe einer Begleitperson klarkommt. Dabei sollten Menschen mit Behinderung ganz alleine selbst\u00e4ndig unterwegs sein k\u00f6nnen, wie wir alle auch.<\/p>\n<figure id=\"attachment_61943\" aria-describedby=\"caption-attachment-61943\" class=\"wp-caption aligncenter\"><img data-expand=\"600\" decoding=\"async\" loading=\"lazy\" class=\"lazyload size-full wp-image-61943\" src=\"data:image\/svg+xml;charset=utf-8,%3Csvg xmlns%3D'http%3A%2F%2Fwww.w3.org%2F2000%2Fsvg' viewBox%3D'0 0 1200 800'%2F%3E\" data-src=\"https:\/\/mannschaft.com\/bimber\/wp-content\/uploads\/2019\/08\/srf-tabu-episode-1.jpg\" alt=\"SRF Tabu\" width=\"1200\" height=\"800\" data-srcset=\"https:\/\/alte.mannschaft.lgbt\/bimber\/wp-content\/uploads\/2019\/08\/srf-tabu-episode-1.jpg 1200w, https:\/\/alte.mannschaft.lgbt\/bimber\/wp-content\/uploads\/2019\/08\/srf-tabu-episode-1-300x200.jpg 300w, https:\/\/alte.mannschaft.lgbt\/bimber\/wp-content\/uploads\/2019\/08\/srf-tabu-episode-1-768x512.jpg 768w, https:\/\/alte.mannschaft.lgbt\/bimber\/wp-content\/uploads\/2019\/08\/srf-tabu-episode-1-425x283.jpg 425w, https:\/\/alte.mannschaft.lgbt\/bimber\/wp-content\/uploads\/2019\/08\/srf-tabu-episode-1-180x120.jpg 180w, https:\/\/alte.mannschaft.lgbt\/bimber\/wp-content\/uploads\/2019\/08\/srf-tabu-episode-1-561x374.jpg 561w, https:\/\/alte.mannschaft.lgbt\/bimber\/wp-content\/uploads\/2019\/08\/srf-tabu-episode-1-1122x748.jpg 1122w, https:\/\/alte.mannschaft.lgbt\/bimber\/wp-content\/uploads\/2019\/08\/srf-tabu-episode-1-364x243.jpg 364w, https:\/\/alte.mannschaft.lgbt\/bimber\/wp-content\/uploads\/2019\/08\/srf-tabu-episode-1-758x505.jpg 758w, https:\/\/alte.mannschaft.lgbt\/bimber\/wp-content\/uploads\/2019\/08\/srf-tabu-episode-1-608x405.jpg 608w, https:\/\/alte.mannschaft.lgbt\/bimber\/wp-content\/uploads\/2019\/08\/srf-tabu-episode-1-1152x768.jpg 1152w, https:\/\/alte.mannschaft.lgbt\/bimber\/wp-content\/uploads\/2019\/08\/srf-tabu-episode-1-72x48.jpg 72w, https:\/\/alte.mannschaft.lgbt\/bimber\/wp-content\/uploads\/2019\/08\/srf-tabu-episode-1-144x96.jpg 144w, https:\/\/alte.mannschaft.lgbt\/bimber\/wp-content\/uploads\/2019\/08\/srf-tabu-episode-1-313x209.jpg 313w, https:\/\/alte.mannschaft.lgbt\/bimber\/wp-content\/uploads\/2019\/08\/srf-tabu-episode-1-400x267.jpg 400w\" data-sizes=\"(max-width: 1200px) 100vw, 1200px\" \/><figcaption id=\"caption-attachment-61943\" class=\"wp-caption-text\">Die erste Folge von \u00abTabu\u00bb drehte sich um Menschen mit k\u00f6rperlichen Beeintr\u00e4chtigungen. (Bild: SRF\/Merly Kn\u00f6rle)<\/figcaption><\/figure>\n<p><strong>Und bei der LGBTIQ-Community?<br \/>\n<\/strong>\u00dcber das Thema Trans war ich am wenigsten informiert. Henry hatte seine Transition relativ sp\u00e4t mit 47 Jahren absolviert. Durch die Hormonbehandlung durchlief er so etwas wie eine zweite Pubert\u00e4t und das fand ich sehr interessant. Er erz\u00e4hlte, dass er wie ein Teenager viel \u00fcberm\u00fctiger geworden sei und alle Sicherheiten \u00fcber Bord geworfen habe. An so etwas h\u00e4tte ich nie gedacht.<\/p>\n<blockquote><p>Ein schlechter Witz ist nie geil.<\/p><\/blockquote>\n<p><strong>F\u00fcr dich als Stand-up-Comedian geht es aber auch um Humor. Man darf also Witze \u00fcber Randgruppen machen?<br \/>\n<\/strong>Logisch! Grunds\u00e4tzlich darf man Witze \u00fcber alles machen. Wichtig ist, dass man sich beim Humor M\u00fche gibt, denn ein schlechter Witz ist nie geil. Geht es um Randgruppen und Minderheiten, muss man sich besonders gut informieren. Doch selbst wenn ich einen Witz gut durchdacht habe und ihn dann auch bringe, heisst das noch lange nicht, dass er gelungen ist.<\/p>\n<p><strong>Wann ist der schmale Grat \u00fcberschritten?<br \/>\n<\/strong>Schwierig. Im Prozess kann man das nicht beurteilen, denn als Comedian arbeitet man alleine oder mit einer kleinen Gruppe zusammen. Ob der Witz ankommt, merkt man erst, wenn man ihn auf der B\u00fchne vor einem gr\u00f6sseren Publikum vortr\u00e4gt. Von einer Pointe kann ich noch so \u00fcberzeugt sein, findet aber eine und vor allem dann auch mehrere Personen aber, \u00abAlter, Nein, das geht nicht\u00bb, dann muss ich darauf eingehen. Tue ich das nicht, w\u00e4re das extrem egozentrisch.<\/p>\n<figure id=\"attachment_61944\" aria-describedby=\"caption-attachment-61944\" class=\"wp-caption aligncenter\"><img data-expand=\"600\" decoding=\"async\" loading=\"lazy\" class=\"lazyload size-full wp-image-61944\" src=\"data:image\/svg+xml;charset=utf-8,%3Csvg xmlns%3D'http%3A%2F%2Fwww.w3.org%2F2000%2Fsvg' viewBox%3D'0 0 1200 800'%2F%3E\" data-src=\"https:\/\/mannschaft.com\/bimber\/wp-content\/uploads\/2019\/08\/tabu-renato-kaiser-srf-2.jpg\" alt=\"SRF tabu\" width=\"1200\" height=\"800\" data-srcset=\"https:\/\/alte.mannschaft.lgbt\/bimber\/wp-content\/uploads\/2019\/08\/tabu-renato-kaiser-srf-2.jpg 1200w, https:\/\/alte.mannschaft.lgbt\/bimber\/wp-content\/uploads\/2019\/08\/tabu-renato-kaiser-srf-2-300x200.jpg 300w, https:\/\/alte.mannschaft.lgbt\/bimber\/wp-content\/uploads\/2019\/08\/tabu-renato-kaiser-srf-2-768x512.jpg 768w, https:\/\/alte.mannschaft.lgbt\/bimber\/wp-content\/uploads\/2019\/08\/tabu-renato-kaiser-srf-2-425x283.jpg 425w, https:\/\/alte.mannschaft.lgbt\/bimber\/wp-content\/uploads\/2019\/08\/tabu-renato-kaiser-srf-2-180x120.jpg 180w, https:\/\/alte.mannschaft.lgbt\/bimber\/wp-content\/uploads\/2019\/08\/tabu-renato-kaiser-srf-2-561x374.jpg 561w, https:\/\/alte.mannschaft.lgbt\/bimber\/wp-content\/uploads\/2019\/08\/tabu-renato-kaiser-srf-2-1122x748.jpg 1122w, https:\/\/alte.mannschaft.lgbt\/bimber\/wp-content\/uploads\/2019\/08\/tabu-renato-kaiser-srf-2-364x243.jpg 364w, https:\/\/alte.mannschaft.lgbt\/bimber\/wp-content\/uploads\/2019\/08\/tabu-renato-kaiser-srf-2-758x505.jpg 758w, https:\/\/alte.mannschaft.lgbt\/bimber\/wp-content\/uploads\/2019\/08\/tabu-renato-kaiser-srf-2-608x405.jpg 608w, https:\/\/alte.mannschaft.lgbt\/bimber\/wp-content\/uploads\/2019\/08\/tabu-renato-kaiser-srf-2-1152x768.jpg 1152w, https:\/\/alte.mannschaft.lgbt\/bimber\/wp-content\/uploads\/2019\/08\/tabu-renato-kaiser-srf-2-72x48.jpg 72w, https:\/\/alte.mannschaft.lgbt\/bimber\/wp-content\/uploads\/2019\/08\/tabu-renato-kaiser-srf-2-144x96.jpg 144w, https:\/\/alte.mannschaft.lgbt\/bimber\/wp-content\/uploads\/2019\/08\/tabu-renato-kaiser-srf-2-313x209.jpg 313w, https:\/\/alte.mannschaft.lgbt\/bimber\/wp-content\/uploads\/2019\/08\/tabu-renato-kaiser-srf-2-400x267.jpg 400w\" data-sizes=\"(max-width: 1200px) 100vw, 1200px\" \/><figcaption id=\"caption-attachment-61944\" class=\"wp-caption-text\">Ob Henry, Jeannine und Florian Renatios Witze lustig finden? (BIld: SRF\/Nici Jost)<\/figcaption><\/figure>\n<p><strong>Oft h\u00f6rt man die Aussage: Ich darf das, ich bin selber eine Randgruppe. Stimmt das?<br \/>\n<\/strong>Grunds\u00e4tzlich ja. Nat\u00fcrlich kann ein Mitglied der LGBTIQ-Community eher einen Schwulenwitz machen als ich weisser Cis-Hetero, der sich zuerst noch ins Thema einlesen muss. Der Wissensvorsprung, den man als \u2013 ich sage mal \u00abBetroffener\u00bb \u2013 hat, ist aufgrund der gelebten Erfahrung und des Coming-outs riesig. Es ist aber kein Freibrief: Macht eine lesbische Frau schlechte Witze, sagt das Publikum auch: \u00abDas war jetzt nicht so geil.\u00bb<\/p>\n<blockquote><p>Leider haben viele heterosexuelle weisse Cis-M\u00e4nner keine Ahnung von Grenzen und sehen das mit der Meinungsfreiheit gar einfach und vor allem bequem.<\/p><\/blockquote>\n<p>Es gibt Komiker, die sagen: \u00abIn der ersten Reihe sitzen Rollstuhlg\u00e4nger, also darf ich das.\u00bb Oder: \u00abEinige meiner besten Freunde sind Ausl\u00e4nder. Ich darf das.\u00bb Leider haben viele heterosexuelle weisse Cis-M\u00e4nner keine Ahnung von Grenzen und sehen das mit der Meinungsfreiheit gar einfach und vor allem bequem. Man darf die Geschichte nicht vergessen. Ich musste nicht mein ganzes Leben lang vorsichtig sein mit dem, was ich bin oder mit dem, was ich sage. Die LGBTIQ-Community hingegen schon.<\/p>\n<blockquote class=\"wp-embedded-content\" data-secret=\"PHUOQL63Lt\"><p><a href=\"https:\/\/mannschaft.com\/2019\/06\/23\/die-parlamentswahlen-sind-sehr-entscheidend\/\">Schweizer Parlamentswahlen \u00absehr entscheidend\u00bb f\u00fcr LGBTIQ<\/a><\/p><\/blockquote>\n<p><iframe title=\"&#8222;Schweizer Parlamentswahlen \u00absehr entscheidend\u00bb f\u00fcr LGBTIQ&#8220; &#8212; Mannschaft Magazin\" class=\"wp-embedded-content\" sandbox=\"allow-scripts\" security=\"restricted\" style=\"position: absolute; clip: rect(1px, 1px, 1px, 1px);\" src=\"https:\/\/mannschaft.com\/2019\/06\/23\/die-parlamentswahlen-sind-sehr-entscheidend\/embed\/#?secret=PHUOQL63Lt\" data-secret=\"PHUOQL63Lt\" width=\"600\" height=\"338\" frameborder=\"0\" marginwidth=\"0\" marginheight=\"0\" scrolling=\"no\"><\/iframe><\/p>\n<p><strong>In der Sendung gehst du jeweils auf die B\u00fchne und machst Witze \u00fcber die Randgruppe. Hattest du nie Bedenken, jemandem zu nahe zu treten?<br \/>\n<\/strong>Daran gedacht habe ich schon. Es half aber nat\u00fcrlich, dass ich mehrere Tage mit den einzelnen Gruppen verbringen und alle kennenlernen konnte. Bei der LGBTIQ-Gruppe hatte ich schon ein bisschen Angst, etwas falsch zu machen \u2013 gerade weil es so eine diverse Gruppe ist. Zum Beispiel habe ich auf der B\u00fchne ein Wort gesagt, das nicht ganz als problemfrei gilt: umoperiert. Ich sagte: \u00abWenn es nicht so eine krasse Entscheidung w\u00e4re, w\u00fcrden sich viel mehr Frauen zu M\u00e4nner umoperieren, damit sie den gleichen Lohn bekommen.\u00bb<\/p>\n<p>Gleichzeitig war die Sendung auch genau daf\u00fcr da, um hin und wieder ins Fettn\u00e4pfchen zu treten. Es w\u00e4re nicht lustig, w\u00fcrde ich als studierter Professor der Gender Studies alles fehlerfrei durchspielen.<\/p>\n<p><strong>War Intersektionalit\u00e4t kein Thema bei der Sendung?<br \/>\n<\/strong>Klar gibt es Schnittmengen, zum Beispiel die Sexualit\u00e4t einer Person im Rollstuhl. Oder die k\u00f6rperlichen Beeintr\u00e4chtigungen, die mit unheilbaren Krankheiten einhergehen. Aus Zeitgr\u00fcnden mussten wir eine klare Trennung schaffen, damit die einzelnen Tabuthemen nicht zu kurz kommen.<\/p>\n<p>Allerdings f\u00e4nde ich es sehr spannend, eine Art \u00abTabu Deluxe\u00bb zu machen mit Protagonist*innen, die mindestens drei Tabuthemen erf\u00fcllen. \u00abWas, du bist nur k\u00f6rperlich behindert und lesbisch? Sorry, das ist zu wenig!\u00bb F\u00fcr den Stand-up w\u00e4re das das Geilste, da sich Vergleiche untereinander anbieten w\u00fcrden. Wie \u00abgut\u00bb man es im Verh\u00e4ltnis zur anderen Person hat, und so weiter. Damit das funktioniert, m\u00fcsste man eine abgeschlossene Gruppe von Menschen haben, die mit mehreren Tabus behaftet sind.<\/p>\n<p><em>\u00abTabu\u00bb mit Fokus LGBTIQ l\u00e4uft am 25. August 2019 um 21:40 Uhr auf SRF 1. Die erste Folge \u00fcber k\u00f6rperlich beeintr\u00e4chtigte Menschen ist innerhalb der Schweiz via SRF Play abrufbar.<\/em><\/p>\n<p>&nbsp;<\/p>\n","protected":false},"excerpt":{"rendered":"<p>Im Fernsehen Witze reissen \u00fcber Menschen mit Behinderungen, \u00dcbergewichtige und LGBTIQs: Geht das? Und ob! Ein Gespr\u00e4ch mit Stand-up-Comedian Renato Kaiser, Host der neuen SRF-Sendung \u00abTabu\u00bb. Letzten Sonntag startete im Schweizer Fernsehen SRF die f\u00fcnfteilige Serie \u00abTabu\u00bb mit Comedian Renato Kaiser. Die Sendung r\u00fcckt jede Woche eine andere Gesellschaftsgruppe in den Fokus, die im Mainstream [&hellip;] <a class=\"g1-link g1-link-more\" href=\"https:\/\/alte.mannschaft.lgbt\/bimber\/wenn-ein-hetero-cis-mann-ueber-randgruppen-witzelt\/\">Weiterlesen<\/a><\/p>\n","protected":false},"author":2,"featured_media":61940,"comment_status":"closed","ping_status":"closed","sticky":false,"template":"","format":"standard","meta":[],"categories":[1340],"tags":[5479,5466,5468],"wps_subtitle":"Die n\u00e4chste Episode von SRF \u00abTabu\u00bb dreht sich um eine lesbische Frau, einen schwulen Mann und einen trans Mann","_links":{"self":[{"href":"https:\/\/alte.mannschaft.lgbt\/bimber\/wp-json\/wp\/v2\/posts\/61939"}],"collection":[{"href":"https:\/\/alte.mannschaft.lgbt\/bimber\/wp-json\/wp\/v2\/posts"}],"about":[{"href":"https:\/\/alte.mannschaft.lgbt\/bimber\/wp-json\/wp\/v2\/types\/post"}],"author":[{"embeddable":true,"href":"https:\/\/alte.mannschaft.lgbt\/bimber\/wp-json\/wp\/v2\/users\/2"}],"replies":[{"embeddable":true,"href":"https:\/\/alte.mannschaft.lgbt\/bimber\/wp-json\/wp\/v2\/comments?post=61939"}],"version-history":[{"count":0,"href":"https:\/\/alte.mannschaft.lgbt\/bimber\/wp-json\/wp\/v2\/posts\/61939\/revisions"}],"wp:featuredmedia":[{"embeddable":true,"href":"https:\/\/alte.mannschaft.lgbt\/bimber\/wp-json\/wp\/v2\/media\/61940"}],"wp:attachment":[{"href":"https:\/\/alte.mannschaft.lgbt\/bimber\/wp-json\/wp\/v2\/media?parent=61939"}],"wp:term":[{"taxonomy":"category","embeddable":true,"href":"https:\/\/alte.mannschaft.lgbt\/bimber\/wp-json\/wp\/v2\/categories?post=61939"},{"taxonomy":"post_tag","embeddable":true,"href":"https:\/\/alte.mannschaft.lgbt\/bimber\/wp-json\/wp\/v2\/tags?post=61939"}],"curies":[{"name":"wp","href":"https:\/\/api.w.org\/{rel}","templated":true}]}}