{"id":58492,"date":"2019-06-28T01:16:42","date_gmt":"2019-06-27T23:16:42","guid":{"rendered":"https:\/\/mannschaft.com\/?p=58492"},"modified":"2019-07-04T10:06:18","modified_gmt":"2019-07-04T08:06:18","slug":"spandau-brueskiert-lsvd-vertreter-wegen-foto-mit-richard-grenell","status":"publish","type":"post","link":"https:\/\/alte.mannschaft.lgbt\/bimber\/spandau-brueskiert-lsvd-vertreter-wegen-foto-mit-richard-grenell\/","title":{"rendered":"Berlins LSVD-Chef J\u00f6rg Steinert unter Beschuss"},"content":{"rendered":"<h3>UPDATE (3.7.2019): Wenn am Donnerstag in Spandau die Regenbogenflagge gehisst wird, ist zwar der Gesch\u00e4ftsf\u00fchrer des LSVD Berlin-Brandenburg J\u00f6rg Steinert eingeladen. Reden darf er aber wohl nicht. Grund, hiess es von Seiten Steinerts zun\u00e4chst, sei ein Foto, das ihn mit dem US-Botschafter Richard Grenell zeigt. Die Wahrheit ist leider eine andere.<\/h3>\n<p>Am Mittwoch hat sich der LSVD-Bundesvorstand mit deutlichen Worten vom Gesch\u00e4ftsf\u00fchrer der Berlin-Brandenburger Sektion, J\u00f6rg Steinert, distanziert. Alfonso Pantisano, Mitglied im Bundesvorstand, forderte via Facebook sogar seinen R\u00fcckzug. Er habe die Community an die Springer-Presse und an die AfD \u00abverraten\u00bb. Grund: Steinert hat eine Beschwerdemail an die Spandauer Frauenbeauftragte \u00fcber kritische Fragen nicht nur an die US-Botschaft der Hauptstadt geschickt, sondern auch an die vier Stadtr\u00e4te der Bezirksversammlung Spandau, darunter Andreas Otti von der AfD. Dies ist ein Teil des Problems.<\/p>\n<blockquote class=\"wp-embedded-content\" data-secret=\"o4XAhItGnp\"><p><a href=\"https:\/\/mannschaft.com\/2019\/07\/04\/magnus-hirschfeld-100-jahre-queere-befreiung\/\">100 Jahre queere Befreiung &#8211; danke, Magnus Hirschfeld!<\/a><\/p><\/blockquote>\n<p><iframe title=\"&#8222;100 Jahre queere Befreiung &#8211; danke, Magnus Hirschfeld!&#8220; &#8212; Mannschaft Magazin\" class=\"wp-embedded-content\" sandbox=\"allow-scripts\" security=\"restricted\" style=\"position: absolute; clip: rect(1px, 1px, 1px, 1px);\" src=\"https:\/\/mannschaft.com\/2019\/07\/04\/magnus-hirschfeld-100-jahre-queere-befreiung\/embed\/#?secret=o4XAhItGnp\" data-secret=\"o4XAhItGnp\" width=\"600\" height=\"338\" frameborder=\"0\" marginwidth=\"0\" marginheight=\"0\" scrolling=\"no\"><\/iframe><\/p>\n<p>Ein anderer Teil ist Steinerts fragw\u00fcrdige Informationspolitik. Ich habe Ende Juni einen Artikel verfasst unter dem Titel \u00abSpandau br\u00fcskiert LSVD-Vertreter \u2013 wegen Foto mit Richard Grenell\u00bb. Dieser basierte auf der Aussage Steinerts gegen\u00fcber MANNSCHAFT, die Spandauer Frauenbeauftragte habe kritische Fragen gestellt, basierend auf einem Foto mit US-Botschafter Richard Grenell. Tats\u00e4chlich ging es aber um mehr:<\/p>\n<p>Fischer nahm auch Steinerts bzw. die Rolle des LSVD Berlin-Brandenburg im Streit um das offizielle Mahnmal f\u00fcr verfolgte Lesben in der Gedenkst\u00e4tte Ravensbr\u00fcck sowie die Auseinandersetzung um Arbeitsbedingungen beim Bildungs- und Sozialwerk des berlin-brandenburgischen LSVD zum Anlass, ihn zu fragen, ob es eine gute Idee sei, Steinert bei der Flaggenhissung in Spandau zu Wort kommen zu lassen.<\/p>\n<p><a href=\"https:\/\/mannschaft.com\/bimber\/wp-content\/uploads\/2019\/06\/Fischer-Mail-an-Steinert.jpg\"><img data-expand=\"600\" decoding=\"async\" loading=\"lazy\" class=\"lazyload alignnone size-full wp-image-58858\" src=\"data:image\/svg+xml;charset=utf-8,%3Csvg xmlns%3D'http%3A%2F%2Fwww.w3.org%2F2000%2Fsvg' viewBox%3D'0 0 600 323'%2F%3E\" data-src=\"https:\/\/mannschaft.com\/bimber\/wp-content\/uploads\/2019\/06\/Fischer-Mail-an-Steinert.jpg\" alt=\"J\u00f6rg Steinert\" width=\"600\" height=\"323\" data-srcset=\"https:\/\/alte.mannschaft.lgbt\/bimber\/wp-content\/uploads\/2019\/06\/Fischer-Mail-an-Steinert.jpg 600w, https:\/\/alte.mannschaft.lgbt\/bimber\/wp-content\/uploads\/2019\/06\/Fischer-Mail-an-Steinert-300x162.jpg 300w, https:\/\/alte.mannschaft.lgbt\/bimber\/wp-content\/uploads\/2019\/06\/Fischer-Mail-an-Steinert-425x229.jpg 425w, https:\/\/alte.mannschaft.lgbt\/bimber\/wp-content\/uploads\/2019\/06\/Fischer-Mail-an-Steinert-561x302.jpg 561w, https:\/\/alte.mannschaft.lgbt\/bimber\/wp-content\/uploads\/2019\/06\/Fischer-Mail-an-Steinert-364x196.jpg 364w, https:\/\/alte.mannschaft.lgbt\/bimber\/wp-content\/uploads\/2019\/06\/Fischer-Mail-an-Steinert-89x48.jpg 89w, https:\/\/alte.mannschaft.lgbt\/bimber\/wp-content\/uploads\/2019\/06\/Fischer-Mail-an-Steinert-178x96.jpg 178w, https:\/\/alte.mannschaft.lgbt\/bimber\/wp-content\/uploads\/2019\/06\/Fischer-Mail-an-Steinert-313x168.jpg 313w, https:\/\/alte.mannschaft.lgbt\/bimber\/wp-content\/uploads\/2019\/06\/Fischer-Mail-an-Steinert-400x215.jpg 400w\" data-sizes=\"(max-width: 600px) 100vw, 600px\" \/><\/a><\/p>\n<p>In meiner Funktion als Chefredakteur der MANNSCHAFT Deutschland, habe ich nun einen offenen Brief Mail an J\u00f6rg Steinert geschrieben, den ich bei Facebook ver\u00f6ffentlicht habe. Darin r\u00e4ume ich einerseits den Fehler ein, Steinert Aussagen vertraut zu haben, und bitte ihn andererseits, auf sein Erscheinen bei der Flaggenhissung am Donnerstag zu verzichten:<\/p>\n<p>\u00abDu hast mir gegen\u00fcber gesagt, das Verhalten von Juliane Fischer sei beleidigend, Du hast ihr Demokratieverst\u00e4ndnis angezweifelt. Ich glaube vielmehr, das Gegenteil ist der Fall, wenn ein LSVD-Funktion\u00e4r Kritik an seiner Arbeit f\u00fcr Majest\u00e4tsbeleidigung h\u00e4lt. Ich w\u00fcrde es darum gut finden, wenn Du morgen der Flaggenhissung in Spandau fernbliebest, um die W\u00fcrde des Momentes nicht durch den Streit um Deine Person zu gef\u00e4hrden.\u00bb<\/p>\n<p><strong>Mangel an Professionalit\u00e4t und gutem Stil<\/strong><br \/>\nIn einer Pressemitteilung des LSVD-Bundesvorstands vom Mittwoch heisst, man bedauere die \u00f6ffentliche Auseinandersetzung zwischen der Frauen- und Gleichstellungsbeauftragten des Bezirks Spandau Juliane Fischer und J\u00f6rg Steinert im Zusammenhang mit dem Hissen der Regenbogenflagge. \u00abF\u00fcr uns als Bundesvorstand geh\u00f6rt zur Professionalit\u00e4t und gutem Stil dazu, immer zuerst das pers\u00f6nliche Gespr\u00e4ch zu suchen und auch auf vielleicht als unberechtigt empfundene Kritik souver\u00e4n und verantwortungsvoll zu reagieren, vor allem wenn die Kommunikation im bilateralen, nicht-\u00f6ffentlichen, Mailverkehr gesucht wurde. Nach unserer Ansicht ist das hier zum Schaden aller Beteiligten vers\u00e4umt worden. Das haben wir auch dem Vorstand des LSVD Berlin-Brandenburg sowie seinem Gesch\u00e4ftsf\u00fchrer J\u00f6rg Steinert mitgeteilt.\u00bb<\/p>\n<blockquote><p>Die Fragen aus dem Bezirksamt Spandau waren nicht angemessen<\/p><\/blockquote>\n<p>Steinert gibt sich uneinsichtig. Am Donnerstagmorgen verk\u00fcndete er via Facebook im Namen des Vorstands des LSVD Berlin-Brandenburg:\u00a0\u00abDie Fragen aus dem Bezirksamt Spandau, die in Vorbereitung auf den Termin zum Hissen der Regenbogenflagge gestellt wurden, waren nicht angemessen. Das haben wir \u00f6ffentlich kritisiert. Der Vorstand des Lesben- und Schwulenverbandes Berlin-Brandenburg ist davon \u00fcberzeugt, dass der Gesch\u00e4ftsf\u00fchrer einer \u00fcberparteilichen B\u00fcrgerrechtsorganisation, wie es der LSVD ist, staatliche Stellen \u00f6ffentlich kritisieren darf.\u00bb<\/p>\n<p><strong>Hier nun zum urspr\u00fcnglichen Artikel:<br \/>\n<\/strong>Am 1. Juli er\u00f6ffnen der Regierende B\u00fcrgermeister von Berlin, Michael M\u00fcller (SPD) mit der Vorstandsvorsitzenden der Berliner Verkehrsbetriebe, Sigrid Nikutta, und LSVD-Landesgesch\u00e4ftsf\u00fchrer J\u00f6rg Steinert die Pride Weeks in Berlin durch Hissen der Regenbogenflagge. Erstmals seit 10 Jahren kann die Flagge wieder am Dienstsitz des Regierenden flattern. Baustellenbedingt wurden die Flaggenhissungen in den vergangenen Jahren am U-Bahnhof Nollendorfplatz statt.<\/p>\n<figure id=\"attachment_58866\" aria-describedby=\"caption-attachment-58866\" style=\"width: 685px\" class=\"wp-caption alignnone\"><a href=\"https:\/\/mannschaft.com\/bimber\/wp-content\/uploads\/2019\/06\/steinert-mit-spahn-und-grenell.jpg\"><img data-expand=\"600\" decoding=\"async\" loading=\"lazy\" class=\"lazyload size-full wp-image-58866\" src=\"data:image\/svg+xml;charset=utf-8,%3Csvg xmlns%3D'http%3A%2F%2Fwww.w3.org%2F2000%2Fsvg' viewBox%3D'0 0 685 535'%2F%3E\" data-src=\"https:\/\/mannschaft.com\/bimber\/wp-content\/uploads\/2019\/06\/steinert-mit-spahn-und-grenell.jpg\" alt=\"J\u00f6rg Steinert\" width=\"685\" height=\"535\" data-srcset=\"https:\/\/alte.mannschaft.lgbt\/bimber\/wp-content\/uploads\/2019\/06\/steinert-mit-spahn-und-grenell.jpg 685w, https:\/\/alte.mannschaft.lgbt\/bimber\/wp-content\/uploads\/2019\/06\/steinert-mit-spahn-und-grenell-300x234.jpg 300w, https:\/\/alte.mannschaft.lgbt\/bimber\/wp-content\/uploads\/2019\/06\/steinert-mit-spahn-und-grenell-425x332.jpg 425w, https:\/\/alte.mannschaft.lgbt\/bimber\/wp-content\/uploads\/2019\/06\/steinert-mit-spahn-und-grenell-561x438.jpg 561w, https:\/\/alte.mannschaft.lgbt\/bimber\/wp-content\/uploads\/2019\/06\/steinert-mit-spahn-und-grenell-364x284.jpg 364w, https:\/\/alte.mannschaft.lgbt\/bimber\/wp-content\/uploads\/2019\/06\/steinert-mit-spahn-und-grenell-608x475.jpg 608w, https:\/\/alte.mannschaft.lgbt\/bimber\/wp-content\/uploads\/2019\/06\/steinert-mit-spahn-und-grenell-61x48.jpg 61w, https:\/\/alte.mannschaft.lgbt\/bimber\/wp-content\/uploads\/2019\/06\/steinert-mit-spahn-und-grenell-123x96.jpg 123w, https:\/\/alte.mannschaft.lgbt\/bimber\/wp-content\/uploads\/2019\/06\/steinert-mit-spahn-und-grenell-313x244.jpg 313w, https:\/\/alte.mannschaft.lgbt\/bimber\/wp-content\/uploads\/2019\/06\/steinert-mit-spahn-und-grenell-400x312.jpg 400w\" data-sizes=\"(max-width: 685px) 100vw, 685px\" \/><\/a><figcaption id=\"caption-attachment-58866\" class=\"wp-caption-text\">J\u00f6rg Steinert mit Richard Grenell und Jens Spahn (v.r.n.l.) (Foto: Facebook)<\/figcaption><\/figure>\n<p>Auch in Spandau (1920 nach Gross-Berlin eingemeindet) wird nun die Flagge gehisst: F\u00fcr den 4. Juli wurde Steinert zu einer kleinen Festrede beim Flaggenhissen eingeladen. Nun darf er aber wohl nicht dort reden. Das m\u00f6chte die Frauen- und Gleichstellungsbeauftragte des Bezirksamtes, Juliane Fischer, verhindern. Grund: Steinert habe sich mit dem<a href=\"https:\/\/mannschaft.com\/2018\/04\/26\/gruenes-licht-fuer-offen-schwulen-botschafter-richard-grenell-fuer-deutschland\/\" target=\"_blank\" rel=\"noopener noreferrer\"> US-Botschafter und Trump-Vertrauten Richard Grenell<\/a> getroffen. Tats\u00e4chlich gibt es ein Foto, das auf dem Schwul-Lesbischen Stadtfest 2018 entstanden ist, das Steinert neben Grenell in freundschaftlicher Pose zeigt.<\/p>\n<blockquote><p>Wie passt das f\u00fcr Sie zu den Themen Vielfalt, Toleranz &amp; Respekt, die wir mit dem Hissen der Fahne einfordern?<\/p><\/blockquote>\n<p>W\u00f6rtlich schrieb Fischer nun an Steinert: \u00abSie sind auf einem Foto mit Richard Grenell zu sehen, der selbst unter den Republikanern noch weit rechts steht. Wie passt das f\u00fcr Sie zu den Themen Vielfalt, Toleranz und Respekt, die wir mit dem Hissen der Fahne einfordern?\u00bb<\/p>\n<blockquote class=\"wp-embedded-content\" data-secret=\"F4jdzeeX5W\"><p><a href=\"https:\/\/mannschaft.com\/2019\/06\/25\/usa-lgbtiq-akzeptanz-bei-jungen-menschen-nimmt-weiter-ab\/\">USA: LGBTIQ-Akzeptanz bei jungen Menschen nimmt ab<\/a><\/p><\/blockquote>\n<p><iframe title=\"&#8222;USA: LGBTIQ-Akzeptanz bei jungen Menschen nimmt ab&#8220; &#8212; Mannschaft Magazin\" class=\"wp-embedded-content\" sandbox=\"allow-scripts\" security=\"restricted\" style=\"position: absolute; clip: rect(1px, 1px, 1px, 1px);\" src=\"https:\/\/mannschaft.com\/2019\/06\/25\/usa-lgbtiq-akzeptanz-bei-jungen-menschen-nimmt-weiter-ab\/embed\/#?secret=F4jdzeeX5W\" data-secret=\"F4jdzeeX5W\" width=\"600\" height=\"338\" frameborder=\"0\" marginwidth=\"0\" marginheight=\"0\" scrolling=\"no\"><\/iframe><\/p>\n<p>Steinert \u00e4rgert sich \u00fcber die \u00abunversch\u00e4mte E-Mail\u201c. Gegen\u00fcber der <em>B.Z.<\/em> sagte er: \u00abIch bin seit 13 Jahren hauptberuflich beim Lesben- und Schwulenverband t\u00e4tig, aber das Demokratie- und Amtsverst\u00e4ndnis der Gleichstellungsbeauftragten aus Spandau ist auch f\u00fcr mich neu.\u00bb Darum schickte er an die Spandauer Gleichstellungbeauftragte eine Protestnote: \u00abSie wollen mein Gespr\u00e4ch mit dem US-Botschafter nun zum Anlass nehmen, den LSVD und mich pers\u00f6nlich von der Regenbogenflaggenhissung auszuschliessen? Ihr Demokratieverst\u00e4ndnis ist ersch\u00fctternd.\u00bb<\/p>\n<p>Der offen schwule Generalsekret\u00e4r der Berliner CDU, Stefan Evers, nannte das Vorgehen bei Facebook \u00ababsurd\u00bb: Ausgerechnet den LSVD \u00abmit der regenbogenbunten Moralkeule erschlagen\u00bb zu wollen. Die Frauenbeauftrage passe besser ins Zeitalter der Inquisition, so Evers.<\/p>\n<p>https:\/\/www.facebook.com\/berlingestalter\/posts\/2520165757995165?__xts__[0]=68.ARCltqHPjupxUxDQUpyoi8i3_uVZ9kUDq_1XVmdFJpSpR-a_sXuDObWbAoM2LdS7O_r4hauHxi3h2PMOlhm8Qu4vX1vutSaCfuQZCI9yF0xVum7_21bPxePSlYdZQ2fiE_rDM7xYijmeGO8paccPYAE4gBNCmNITZO_YKkodX2ZRdCTyBcOG9gnB18eVlGOr-VqCCGf_lk1Bd0ly467mKGGbH-G9F44ELUtHhif6nWu2ozEps4l13NSdSEUpmVyf9lX_JTQZNzgRO_zTJPUAplUl-XhCx6BY56jZ3Gn-mbnFycIocKrF8TjHwFL3Tr52FFT7uDBx8i5Oc2V55t_5Z5n-3w&#038;__tn__=-R<\/p>\n<p>Juliane Fischer verteidigte sich am Donnerstag in einer Mail, die sie an Steinert schrieb; sie habe lediglich \u00abFragen gestellt\u00bb. das sei in gewisser Weise auch ihr Job. Steinert gen\u00fcgt das nicht. Er findet das Vorgehen beleidigend und forderte im Gespr\u00e4ch mit MANNSCHAFT eine Entschuldigung von Fischer sowie eine offizielle Einladung des Bezirksamtes.<\/p>\n<blockquote class=\"wp-embedded-content\" data-secret=\"yAKZvcpAK2\"><p><a href=\"https:\/\/mannschaft.com\/2019\/04\/15\/schwuler-buergermeister-pete-buttigieg-tritt-gegen-donald-trump-an\/\">Schwuler \u00abMayor Pete\u00bb will Trump aus dem Weissen Haus werfen<\/a><\/p><\/blockquote>\n<p><iframe title=\"&#8222;Schwuler \u00abMayor Pete\u00bb will Trump aus dem Weissen Haus werfen&#8220; &#8212; Mannschaft Magazin\" class=\"wp-embedded-content\" sandbox=\"allow-scripts\" security=\"restricted\" style=\"position: absolute; clip: rect(1px, 1px, 1px, 1px);\" src=\"https:\/\/mannschaft.com\/2019\/04\/15\/schwuler-buergermeister-pete-buttigieg-tritt-gegen-donald-trump-an\/embed\/#?secret=yAKZvcpAK2\" data-secret=\"yAKZvcpAK2\" width=\"600\" height=\"338\" frameborder=\"0\" marginwidth=\"0\" marginheight=\"0\" scrolling=\"no\"><\/iframe><\/p>\n<p>Zwei Fotos mit Richard Grenell hatten im vergangenen Jahr f\u00fcr Aufregung gesorgt. So hatte sich auch J\u00f6rg Litwinschuh-Barthel, der Gesch\u00e4ftsf\u00fchrer der Bundesstiftung Magnus Hirschfeld, Arm in Arm mit dem rechtspopulistischen US-Botschafter auf dessen CSD-Empfang in Berlin-Dahlem gezeigt. Nach der Ver\u00f6ffentlichung der Bilder auf Facebook gab es massive Kritik aus der Community, und Litwinschuh-Barthel entschuldigte sich. Er habe aus pers\u00f6nlicher Eitelkeit sein eigentliches Anliegen konterkariert, mit Richard Grennell in einen kritischen und selbstbewussten Dialog eintreten zu wollen. Dies bedauerte er. \u00abDen Dialog mit dem Botschafter und weiteren konservativen Kr\u00e4ften setze ich fort\u00bb, erkl\u00e4rte er noch.<\/p>\n<p>Am 20. und 21. Juli findet das lesbisch-schwule Stadtfest in Berlin statt &#8211; auch MANNSCHAFT ist diesem Jahr mit einem Stand vertreten.\u00a0Es folgen der CSD auf der Spree, der interreligi\u00f6se CSD-Gottesdienst in der St.-Marienkirche, der Dyke March und das CSD-Gedenken. Abschliessender H\u00f6hepunkt ist die Pride-Demo am 27. Juli 2019.<\/p>\n","protected":false},"excerpt":{"rendered":"<p>Der LSVD-Bundesvorstand distanziert sich vom Gesch\u00e4ftsf\u00fchrer des Berlin-Brandenburger LSVD, J\u00f6rg Steinert. <a class=\"g1-link g1-link-more\" href=\"https:\/\/alte.mannschaft.lgbt\/bimber\/spandau-brueskiert-lsvd-vertreter-wegen-foto-mit-richard-grenell\/\">Weiterlesen<\/a><\/p>\n","protected":false},"author":3,"featured_media":58495,"comment_status":"closed","ping_status":"closed","sticky":false,"template":"","format":"standard","meta":[],"categories":[3],"tags":[128,5538,5544,3118],"wps_subtitle":"Der LSVD-Bundesvorstand distanziert sich vom Gesch\u00e4ftsf\u00fchrer des Berlin-Brandenburger LSVD, J\u00f6rg Steinert","_links":{"self":[{"href":"https:\/\/alte.mannschaft.lgbt\/bimber\/wp-json\/wp\/v2\/posts\/58492"}],"collection":[{"href":"https:\/\/alte.mannschaft.lgbt\/bimber\/wp-json\/wp\/v2\/posts"}],"about":[{"href":"https:\/\/alte.mannschaft.lgbt\/bimber\/wp-json\/wp\/v2\/types\/post"}],"author":[{"embeddable":true,"href":"https:\/\/alte.mannschaft.lgbt\/bimber\/wp-json\/wp\/v2\/users\/3"}],"replies":[{"embeddable":true,"href":"https:\/\/alte.mannschaft.lgbt\/bimber\/wp-json\/wp\/v2\/comments?post=58492"}],"version-history":[{"count":0,"href":"https:\/\/alte.mannschaft.lgbt\/bimber\/wp-json\/wp\/v2\/posts\/58492\/revisions"}],"wp:featuredmedia":[{"embeddable":true,"href":"https:\/\/alte.mannschaft.lgbt\/bimber\/wp-json\/wp\/v2\/media\/58495"}],"wp:attachment":[{"href":"https:\/\/alte.mannschaft.lgbt\/bimber\/wp-json\/wp\/v2\/media?parent=58492"}],"wp:term":[{"taxonomy":"category","embeddable":true,"href":"https:\/\/alte.mannschaft.lgbt\/bimber\/wp-json\/wp\/v2\/categories?post=58492"},{"taxonomy":"post_tag","embeddable":true,"href":"https:\/\/alte.mannschaft.lgbt\/bimber\/wp-json\/wp\/v2\/tags?post=58492"}],"curies":[{"name":"wp","href":"https:\/\/api.w.org\/{rel}","templated":true}]}}