{"id":58001,"date":"2019-06-21T17:18:07","date_gmt":"2019-06-21T15:18:07","guid":{"rendered":"https:\/\/mannschaft.com\/?p=58001"},"modified":"2019-06-22T10:12:47","modified_gmt":"2019-06-22T08:12:47","slug":"streit-an-uni-potsdam-ueber-regenbogenflagge","status":"publish","type":"post","link":"https:\/\/alte.mannschaft.lgbt\/bimber\/streit-an-uni-potsdam-ueber-regenbogenflagge\/","title":{"rendered":"Streit an Universit\u00e4t Potsdam \u00fcber Regenbogenflagge"},"content":{"rendered":"<h3>Der Studierendenausschuss ASta der Universit\u00e4t Potsdam hat mit Emp\u00f6rung darauf reagiert, dass die Hochschulleitung der Hochschulgruppe UPride zur \u00abqueeren Woche\u00bb verboten hat, die Regenbogenfahne an den Flaggenmasten der Uni zu hissen.<\/h3>\n<p>\u00abLeider mussten wir feststellen, dass es der Hochschulgruppe UPride zum diesj\u00e4hrigen Pride Month zum wiederholten Male untersagt wurde, an den Flaggenmasten der Universit\u00e4t Potsdam eine Regenbogenfahne zu hissen\u00bb, heisst es in einer Pressemitteilung vom Donnerstag. \u00abMit Anlass der 50. Jahrestage des Stonewallaufstandes veranstaltet die Hochschulgruppe eine queere Woche (24.06-27.06.), in deren Rahmen die Regenbogenfahne aufgehangen werden soll. Auch das Aufstellen eines eigenen Fahnenmastes wurde dieses Jahr eingeschr\u00e4nkt.\u00bb<\/p>\n<blockquote class=\"twitter-tweet lazyload\" data-expand=\"600\" data-script=\"https:\/\/platform.twitter.com\/widgets.js\"  data-width=\"550\" data-dnt=\"true\">\n<p lang=\"de\" dir=\"ltr\"><a href=\"https:\/\/twitter.com\/unipotsdam?ref_src=twsrc%5Etfw\">@unipotsdam<\/a> verbietet das Hissen der Regenbogenflagge &#8211; geht&#39;s noch?! <a href=\"https:\/\/t.co\/XIiyNDKkQk\">https:\/\/t.co\/XIiyNDKkQk<\/a> <a href=\"https:\/\/twitter.com\/hashtag\/stonewall?src=hash&amp;ref_src=twsrc%5Etfw\">#stonewall<\/a> <a href=\"https:\/\/twitter.com\/hashtag\/homphobie?src=hash&amp;ref_src=twsrc%5Etfw\">#homphobie<\/a> <a href=\"https:\/\/twitter.com\/UPridePotsdam?ref_src=twsrc%5Etfw\">@UPridePotsdam<\/a> <a href=\"https:\/\/twitter.com\/PNN_de?ref_src=twsrc%5Etfw\">@PNN_de<\/a><\/p>\n<p>&mdash; AStA Uni Potsdam (@astaup) <a href=\"https:\/\/twitter.com\/astaup\/status\/1141652954019258368?ref_src=twsrc%5Etfw\">June 20, 2019<\/a><\/p><\/blockquote>\n<p>Im Gespr\u00e4ch mit der Hochschulgruppe habe die Universit\u00e4t ge\u00e4ussert, dass es nicht gestattet sei, die hochschuleigenen Maste zu nutzen, da sonst ja auch andere Gruppierungen, wie zum Beispiel Neonazis,\u00a0 ihre Fahnen hissen d\u00fcrften.<\/p>\n<p><strong>Universit\u00e4t Potsdam w\u00e4hlt konservativsten Weg\u00a0<\/strong><br \/>\n\u00abDiese Begr\u00fcndung ist eine Farce\u00bb, findet der ASta. Queere Personen w\u00fcrden so gleichgesetzt mit rechten Gruppierungen, die massiv gegen queere Menschen (sowie People of Color, J\u00fcd*innen, Menschen mit Behinderung, \u2026) vorgehen. Die Uni zeige so nicht nur, dass ihr die Rechte von LGBTQ gleichg\u00fcltig seien, sie gehe aktiv gegen Aktionen von Studierenden gegen Homo- und Queerfeindlichkeit vor. Dabei habe sich das Hissen der Regenbogenfahne zum Pride Month in vielen anderen Institutionen bereits etabliert \u2013 selbst vor Rath\u00e4usern und Polizeipr\u00e4sidien ist die Regenbogenfahne oft zu finden. Die Universit\u00e4t Potsdam hingegen habe sich f\u00fcr die konservativste aller M\u00f6glichkeiten entschieden, so der ASta.<\/p>\n<blockquote class=\"wp-embedded-content\" data-secret=\"YB0aENO5CY\"><p><a href=\"https:\/\/mannschaft.com\/2019\/06\/17\/us-botschaft-in-bern-zeigt-flagge\/\">US-Botschaft in Bern hisst die Regenbogenfahne<\/a><\/p><\/blockquote>\n<p><iframe title=\"&#8222;US-Botschaft in Bern hisst die Regenbogenfahne&#8220; &#8212; Mannschaft Magazin\" class=\"wp-embedded-content\" sandbox=\"allow-scripts\" security=\"restricted\" style=\"position: absolute; clip: rect(1px, 1px, 1px, 1px);\" src=\"https:\/\/mannschaft.com\/2019\/06\/17\/us-botschaft-in-bern-zeigt-flagge\/embed\/#?secret=YB0aENO5CY\" data-secret=\"YB0aENO5CY\" width=\"600\" height=\"338\" frameborder=\"0\" marginwidth=\"0\" marginheight=\"0\" scrolling=\"no\"><\/iframe><\/p>\n<p>\u00abWir verurteilen das Vorgehen der Universit\u00e4t aufs Sch\u00e4rfste und fordern die sofortige Erlaubnis der Nutzung der universit\u00e4tseigenen Fahnenmaste \u2013 F\u00fcr ein klares Statement gegen Homo- und Queerfeindlichkeit an der Hochschule und \u00fcberall!\u00bb<\/p>\n<p>Laut Bericht der<a href=\"https:\/\/m.pnn.de\/wissenschaft\/flaggenhissung-streit-um-regenbogenfahne-an-der-uni-potsdam\/24478300.html?utm_referrer=https%3A%2F%2Ft.co%2FXLFTRMzQpE%3Famp%3D1&amp;fbclid=IwAR1ZAxxKhR-ozwSGB2GkK2SLtKGRao6j0UqlfDHLMp0_gGb-neb78YGpeM4\" target=\"_blank\" rel=\"noopener noreferrer\"><em> PNN<\/em><\/a> habe die Uni der Hochschulgruppe die M\u00f6glichkeit einger\u00e4umt, die Flagge mit eigenen, mobilen Masten zu hissen. Oliver G\u00fcnther, Pr\u00e4sident der Uni, habe die Initiative der Hochschulgruppe UPride wiederholt begr\u00fcsst und diese auch unterst\u00fctzt. So sei er bei der Flaggenhissung 2015 dabei gewesen und habe auch ein kurzes Grusswort gehalten. Auch dieses Jahr sei eine Beteiligung des Pr\u00e4sidiums geplant.<\/p>\n<blockquote class=\"wp-embedded-content\" data-secret=\"D5jae51PeL\"><p><a href=\"https:\/\/mannschaft.com\/2019\/06\/11\/fahnenkunde-warum-eine-regenbogenfahne\/\">Fahnenkunde: Diese Fahnen sind Teil des Regenbogens<\/a><\/p><\/blockquote>\n<p><iframe title=\"&#8222;Fahnenkunde: Diese Fahnen sind Teil des Regenbogens&#8220; &#8212; Mannschaft Magazin\" class=\"wp-embedded-content\" sandbox=\"allow-scripts\" security=\"restricted\" style=\"position: absolute; clip: rect(1px, 1px, 1px, 1px);\" src=\"https:\/\/mannschaft.com\/2019\/06\/11\/fahnenkunde-warum-eine-regenbogenfahne\/embed\/#?secret=D5jae51PeL\" data-secret=\"D5jae51PeL\" width=\"600\" height=\"338\" frameborder=\"0\" marginwidth=\"0\" marginheight=\"0\" scrolling=\"no\"><\/iframe><\/p>\n<p>Unterdessen habe sich der Landesverband AndersARTiG ebenfalls daf\u00fcr ausgesprochen, dass die Fahne am Mast der Hochschule gehisst werden d\u00fcrfe.<\/p>\n<p>https:\/\/www.facebook.com\/astaup\/posts\/10156031175721607<\/p>\n","protected":false},"excerpt":{"rendered":"<p>Der ASta der Uni Potsdam hat mit Emp\u00f6rung darauf reagiert, dass es die Hochschulleitung untersagt hat, die Regenbogenfahne an den Flaggenmasten der Universit\u00e4t zu hissen. <a class=\"g1-link g1-link-more\" href=\"https:\/\/alte.mannschaft.lgbt\/bimber\/streit-an-uni-potsdam-ueber-regenbogenflagge\/\">Weiterlesen<\/a><\/p>\n","protected":false},"author":1,"featured_media":54997,"comment_status":"closed","ping_status":"closed","sticky":false,"template":"","format":"standard","meta":[],"categories":[3],"tags":[5531],"wps_subtitle":"Die Hochschulleitung will zur \u00abqueeren Woche\u00bb keine Regenbogenfahne gegen Homophobie hissen lassen","_links":{"self":[{"href":"https:\/\/alte.mannschaft.lgbt\/bimber\/wp-json\/wp\/v2\/posts\/58001"}],"collection":[{"href":"https:\/\/alte.mannschaft.lgbt\/bimber\/wp-json\/wp\/v2\/posts"}],"about":[{"href":"https:\/\/alte.mannschaft.lgbt\/bimber\/wp-json\/wp\/v2\/types\/post"}],"author":[{"embeddable":true,"href":"https:\/\/alte.mannschaft.lgbt\/bimber\/wp-json\/wp\/v2\/users\/1"}],"replies":[{"embeddable":true,"href":"https:\/\/alte.mannschaft.lgbt\/bimber\/wp-json\/wp\/v2\/comments?post=58001"}],"version-history":[{"count":0,"href":"https:\/\/alte.mannschaft.lgbt\/bimber\/wp-json\/wp\/v2\/posts\/58001\/revisions"}],"wp:featuredmedia":[{"embeddable":true,"href":"https:\/\/alte.mannschaft.lgbt\/bimber\/wp-json\/wp\/v2\/media\/54997"}],"wp:attachment":[{"href":"https:\/\/alte.mannschaft.lgbt\/bimber\/wp-json\/wp\/v2\/media?parent=58001"}],"wp:term":[{"taxonomy":"category","embeddable":true,"href":"https:\/\/alte.mannschaft.lgbt\/bimber\/wp-json\/wp\/v2\/categories?post=58001"},{"taxonomy":"post_tag","embeddable":true,"href":"https:\/\/alte.mannschaft.lgbt\/bimber\/wp-json\/wp\/v2\/tags?post=58001"}],"curies":[{"name":"wp","href":"https:\/\/api.w.org\/{rel}","templated":true}]}}