{"id":55039,"date":"2019-05-13T18:02:19","date_gmt":"2019-05-13T16:02:19","guid":{"rendered":"https:\/\/mannschaft.com\/?p=55039"},"modified":"2019-05-13T18:18:58","modified_gmt":"2019-05-13T16:18:58","slug":"erzbistum-koeln-will-offene-reflexion-ueber-sexualitaet","status":"publish","type":"post","link":"https:\/\/alte.mannschaft.lgbt\/bimber\/erzbistum-koeln-will-offene-reflexion-ueber-sexualitaet\/","title":{"rendered":"Erzbistum K\u00f6ln will \u00aboffene Reflexion \u00fcber Sexualit\u00e4t\u00bb"},"content":{"rendered":"<h3>Anfang des Jahres hat der aus der Schweiz stammende Pater Romano Christen vor seinen Sch\u00fclern im Erzbistum K\u00f6ln einen Vortrag \u00fcber \u00abDie Frage des Umgangs mit homosexuellen Tendenzen\u00bb gehalten. Seine\u00a0These: Homosexualit\u00e4t ist die Folge einer psychologischen Fehlentwicklung in der Kindheit oder Jugend, die einen \u00abGeschlechtsminderwertigkeitskomplex\u00bb bewirkt.<\/h3>\n<p><a href=\"https:\/\/mannschaft.com\/2019\/05\/11\/die-katholische-kirche-spuckt-schwulen-priestern-ins-gesicht\/\" target=\"_blank\" rel=\"noopener\">Homosexuelle Liebe sei weniger \u00abdie reale Begegnung mit einem Du\u00bb, sondern vielmehr \u00abeine narzisstische Suche\u00bb, erkl\u00e4rte Pater Romano seinen Sch\u00fclern.<\/a> Die \u00abFixierung auf die Lust\u00bb solle \u00abdie eigene innere Wunde heilen und das Selbstmitleid stillen\u00bb. Nachdem die\u00a0<em>S\u00fcddeutsche Zeitung<\/em>\u00a0vergangene Woche dar\u00fcber berichtet hatte, baten wir Kardinal Woelki um eine Stellungnahme.<\/p>\n<blockquote class=\"wp-embedded-content\" data-secret=\"nTUAd0wCkb\"><p><a href=\"https:\/\/mannschaft.com\/2015\/02\/06\/moderne-familien-nicht-mit-dem-papst\/\">Moderne Familien? Nicht mit dem Papst!<\/a><\/p><\/blockquote>\n<p><iframe title=\"&#8222;Moderne Familien? Nicht mit dem Papst!&#8220; &#8212; Mannschaft Magazin\" class=\"wp-embedded-content\" sandbox=\"allow-scripts\" security=\"restricted\" style=\"position: absolute; clip: rect(1px, 1px, 1px, 1px);\" src=\"https:\/\/mannschaft.com\/2015\/02\/06\/moderne-familien-nicht-mit-dem-papst\/embed\/#?secret=nTUAd0wCkb\" data-secret=\"nTUAd0wCkb\" width=\"600\" height=\"338\" frameborder=\"0\" marginwidth=\"0\" marginheight=\"0\" scrolling=\"no\"><\/iframe><\/p>\n<p>Nun antwortete uns an seiner Stelle\u00a0Generalvikar Markus Hofmann:\u00a0\u00abDie von Pater Romano Christen ge\u00e4usserten Ansichten entsprechen nicht der Auffassung des K\u00f6lner Erzbischofs, Kardinal Woelki. Der Kardinal, der sich derzeit als Pr\u00e4sident des Heilig-Land-Vereins in Israel aufh\u00e4lt, wird nach seiner R\u00fcckkehr ein Gespr\u00e4ch mit Pater Romano Christen f\u00fchren und dabei seinen Standpunkt deutlich machen.\u00bb<\/p>\n<p>F\u00fcr das Erzbistum K\u00f6ln halte Hofmann fest, dass man grossen Wert darauf lege, Fragen der Sexualit\u00e4t in der Priesterausbildung intensiv und vorurteilsfrei zu thematisieren und dabei den neuesten Stand wissenschaftlicher Erkenntnisse darzustellen. \u00abWir sind dabei, mit Hilfe externer Spezialisten neue Bausteine der Ausbildung zu schaffen, die den Kandidaten f\u00fcr das Priesteramt eine offene und klare Reflexion sowohl \u00fcber ihre eigene Sexualit\u00e4t als auch zu sexualwissenschaftlichen Fragen erm\u00f6glichen und ungeachtet der jeweiligen sexuellen Orientierung zu einer reifen Pers\u00f6nlichkeit und einem nat\u00fcrlichen Selbstvertrauen beitragen.\u00bb<\/p>\n<p>Auch Pater Romano Christen habe unterdessen Stellung zu seinen Aussagen bezogen: \u00abMein Vortrag war, wie ich in den letzten Tagen in vielen Gespr\u00e4chen gelernt habe, unzul\u00e4nglich und mitunter vielleicht auch so formuliert, dass er Missverst\u00e4ndnisse allzu leicht erm\u00f6glicht. Es war nicht meine Absicht, homosexuelle Menschen zu verletzen. Sofern das doch geschehen ist, bitte ich um Entschuldigung.\u00bb<\/p>\n<blockquote class=\"wp-embedded-content\" data-secret=\"QMJnL867V5\"><p><a href=\"https:\/\/mannschaft.com\/2019\/04\/25\/homosexuelle-bedrohen-polen-glaubt-jaroslaw-kaczynski\/\">Homosexuelle bedrohen Polen, glaubt Jaros\u0142aw Kaczy\u0144ski<\/a><\/p><\/blockquote>\n<p><iframe title=\"&#8222;Homosexuelle bedrohen Polen, glaubt Jaros\u0142aw Kaczy\u0144ski&#8220; &#8212; Mannschaft Magazin\" class=\"wp-embedded-content\" sandbox=\"allow-scripts\" security=\"restricted\" style=\"position: absolute; clip: rect(1px, 1px, 1px, 1px);\" src=\"https:\/\/mannschaft.com\/2019\/04\/25\/homosexuelle-bedrohen-polen-glaubt-jaroslaw-kaczynski\/embed\/#?secret=QMJnL867V5\" data-secret=\"QMJnL867V5\" width=\"600\" height=\"338\" frameborder=\"0\" marginwidth=\"0\" marginheight=\"0\" scrolling=\"no\"><\/iframe><\/p>\n<p>Er halte homosexuelle Menschen nicht f\u00fcr krank, was er im Vortrag so auch nicht gesagt habe. \u00abGr\u00f6sstenteils ging in der Berichterstattung auch unter, dass ich Standpunkte Dritter referiert habe. Aber wichtiger ist mir klarzustellen, dass nach meiner \u00dcberzeugung jeder Mensch Respekt verdient und niemand wegen seiner sexuellen Orientierung herabgew\u00fcrdigt werden darf. Dass durch meine \u00c4usserungen ein anderer Eindruck entstanden ist, tut mir leid\u00bb, erkl\u00e4rte der Priesterausbilder.<\/p>\n<p>Die Gespr\u00e4che zwischen Kardinal Woelki und Pater Romano seien derzeit noch nicht terminiert, erfuhr MANNSCHAFT aus K\u00f6ln.<\/p>\n","protected":false},"excerpt":{"rendered":"<p>Pater Romano Christen r\u00e4umt ein, sein kritisierte Vortrag sei unzul\u00e4nglich und mitunter so formuliert gewesen, dass er Missverst\u00e4ndnisse erm\u00f6glichte. <a class=\"g1-link g1-link-more\" href=\"https:\/\/alte.mannschaft.lgbt\/bimber\/erzbistum-koeln-will-offene-reflexion-ueber-sexualitaet\/\">Weiterlesen<\/a><\/p>\n","protected":false},"author":3,"featured_media":55043,"comment_status":"closed","ping_status":"closed","sticky":false,"template":"","format":"standard","meta":[],"categories":[3],"tags":[5461,5512],"wps_subtitle":"Nach den homophoben \u00c4usserungen von Pater Romano Christen ist man um Schadensbegrenzung bem\u00fcht","_links":{"self":[{"href":"https:\/\/alte.mannschaft.lgbt\/bimber\/wp-json\/wp\/v2\/posts\/55039"}],"collection":[{"href":"https:\/\/alte.mannschaft.lgbt\/bimber\/wp-json\/wp\/v2\/posts"}],"about":[{"href":"https:\/\/alte.mannschaft.lgbt\/bimber\/wp-json\/wp\/v2\/types\/post"}],"author":[{"embeddable":true,"href":"https:\/\/alte.mannschaft.lgbt\/bimber\/wp-json\/wp\/v2\/users\/3"}],"replies":[{"embeddable":true,"href":"https:\/\/alte.mannschaft.lgbt\/bimber\/wp-json\/wp\/v2\/comments?post=55039"}],"version-history":[{"count":0,"href":"https:\/\/alte.mannschaft.lgbt\/bimber\/wp-json\/wp\/v2\/posts\/55039\/revisions"}],"wp:featuredmedia":[{"embeddable":true,"href":"https:\/\/alte.mannschaft.lgbt\/bimber\/wp-json\/wp\/v2\/media\/55043"}],"wp:attachment":[{"href":"https:\/\/alte.mannschaft.lgbt\/bimber\/wp-json\/wp\/v2\/media?parent=55039"}],"wp:term":[{"taxonomy":"category","embeddable":true,"href":"https:\/\/alte.mannschaft.lgbt\/bimber\/wp-json\/wp\/v2\/categories?post=55039"},{"taxonomy":"post_tag","embeddable":true,"href":"https:\/\/alte.mannschaft.lgbt\/bimber\/wp-json\/wp\/v2\/tags?post=55039"}],"curies":[{"name":"wp","href":"https:\/\/api.w.org\/{rel}","templated":true}]}}