{"id":54900,"date":"2019-05-11T18:29:49","date_gmt":"2019-05-11T16:29:49","guid":{"rendered":"https:\/\/mannschaft.com\/?p=54900"},"modified":"2019-05-11T18:34:50","modified_gmt":"2019-05-11T16:34:50","slug":"von-nazis-getoetet-stolperstein-fuer-schwules-naziopfer-aus-pirna","status":"publish","type":"post","link":"https:\/\/alte.mannschaft.lgbt\/bimber\/von-nazis-getoetet-stolperstein-fuer-schwules-naziopfer-aus-pirna\/","title":{"rendered":"Schwules Nazi-Opfer in Pirna mit Stolperstein geehrt"},"content":{"rendered":"<h3>Karl Emil Heinrich (1892-1941) aus Pirna (Sachsen) wurde aufgrund seiner sexuellen Orientierung eingesperrt, verschleppt und im KZ get\u00f6tet. Seit Samstag wird seiner mit einem Stolperstein in seiner Heimatstadt gedacht.<\/h3>\n<p>Karl Emil Heinrich wurde am 6. April 1892 in Pirna im Kreis Dresden in Sachsen geboren. Zu Beginn des 2. Weltkrieges lebte er in Braunschweig, wo er\u00a0als Zementarbeiter t\u00e4tig war. Am 24. Juni 1939 wurde er verhaftet und vom Landgericht am 5. September verurteilt, nach \u00a7175a, Ziffer 3 &#8211; im Klartext: wegen homosexuelle Handlungen mit M\u00e4nnern unter 21 Jahren. Seine Strafe: ein Jahr und drei Monate Zuchthaus sowie drei Jahre Verlust der b\u00fcrgerlichen Ehrenrechte.<\/p>\n<blockquote class=\"wp-embedded-content\" data-secret=\"Yl8o9sdHcf\"><p><a href=\"https:\/\/mannschaft.com\/2017\/12\/22\/stolpern-wider-das-vergessen\/\">Stolpern wider das Vergessen<\/a><\/p><\/blockquote>\n<p><iframe title=\"&#8222;Stolpern wider das Vergessen&#8220; &#8212; Mannschaft Magazin\" class=\"wp-embedded-content\" sandbox=\"allow-scripts\" security=\"restricted\" style=\"position: absolute; clip: rect(1px, 1px, 1px, 1px);\" src=\"https:\/\/mannschaft.com\/2017\/12\/22\/stolpern-wider-das-vergessen\/embed\/#?secret=Yl8o9sdHcf\" data-secret=\"Yl8o9sdHcf\" width=\"600\" height=\"338\" frameborder=\"0\" marginwidth=\"0\" marginheight=\"0\" scrolling=\"no\"><\/iframe><\/p>\n<p>Zur Strafverb\u00fcssung transportierte man Heinrich am 20. Oktober 1939 in das Zuchthaus Celle. Wie seiner H\u00e4ftlingskarte zu entnehmen ist, wurde\u00a0er am 22. September 1940 angeblich nach Hannover entlassen.<\/p>\n<p>So wurde Heinrich wohl aus dem Bereich der Justiz \u00abentlassen\u00bb, daf\u00fcr aber der Polizei Hannover \u00fcbergeben. Tats\u00e4chlich \u00fcberf\u00fchrte ihn die Polizei im Februar 1941 in das KZ Sachsenhausen, wo er die H\u00e4ftlingsnummer 35.701 bekam. Dort verstarb Emil Heinrich am 11. April 1941 im Alter von 49 Jahren.<\/p>\n<blockquote class=\"wp-embedded-content\" data-secret=\"D4Bf3ZEpOl\"><p><a href=\"https:\/\/mannschaft.com\/2019\/05\/06\/die-mai-ausgabe-der-mannschaft-ist-da\/\">Die Mai-Ausgabe der MANNSCHAFT ist da!<\/a><\/p><\/blockquote>\n<p><iframe title=\"&#8222;Die Mai-Ausgabe der MANNSCHAFT ist da!&#8220; &#8212; Mannschaft Magazin\" class=\"wp-embedded-content\" sandbox=\"allow-scripts\" security=\"restricted\" style=\"position: absolute; clip: rect(1px, 1px, 1px, 1px);\" src=\"https:\/\/mannschaft.com\/2019\/05\/06\/die-mai-ausgabe-der-mannschaft-ist-da\/embed\/#?secret=D4Bf3ZEpOl\" data-secret=\"D4Bf3ZEpOl\" width=\"600\" height=\"338\" frameborder=\"0\" marginwidth=\"0\" marginheight=\"0\" scrolling=\"no\"><\/iframe><\/p>\n<p>Insgesamt wurden in Nazi-Deutschland etwa 50.000 homosexuelle M\u00e4nner zu Haftstrafen verurteilt und inhaftiert und bis zu 15.000 in Konzentrationslager wie Buchenwald und Sachsenhausen verschleppt. Dort hatten sie kaum \u00dcberlebenschancen.<\/p>\n<p><a href=\"https:\/\/mannschaft.com\/2019\/01\/14\/bundestag-soll-am-holocaust-gedenktag-erstmals-an-lgbtiq-opfer-erinnern\/\" target=\"_blank\" rel=\"noopener\">Nun setzen sich Dutzende Holocaust-\u00dcberlebende, Wissenschaftler und LGBTIQ-Aktivisten \u2013 allen voran der LGBTI-Aktivist, Historiker und Schriftsteller Lutz van Dijk \u2013\u00a0daf\u00fcr ein, dass der Bundestag 2021 den \u201eTag des Gedenkens an die Opfer des Nationalsozialismus\u201c im \u00fcbern\u00e4chsten Jahr den homosexuellen Verfolgten widmen soll.<\/a> Bisher lehnt Bundestagspr\u00e4sident Wolfgang Sch\u00e4uble (CDU) das ab.<\/p>\n<p><strong>Stolperstein f\u00fcr\u00a0Heilp\u00e4dagogen Martin Kretschmer<br \/>\n<\/strong><a href=\"https:\/\/www.facebook.com\/events\/2283100781757511\/\" target=\"_blank\" rel=\"noopener\">Am Samstag, den 11. Mai wurden in der s\u00e4chsischen Stadt zwei Stolpersteine verlegt.<\/a> Einer f\u00fcr Karl Emil Heinrich und ein weiterer f\u00fcr den Heilp\u00e4dagogen Martin Kretschmer: Er er\u00f6ffnete in den 1930er Jahren in Pirna eine Einrichtung f\u00fcr geistig behinderte Menschen, die von den Nazis verfolgt wurden. Im Sommer 1941 wurde er ins Konzentrationslager Sachsenhausen deportiert, wo er am 19. Februar 1942 starb.<\/p>\n","protected":false},"excerpt":{"rendered":"<p>Karl Emil Heinrich aus Pirna wurde aufgrund seiner Homosexualit\u00e4t verschleppt und im KZ get\u00f6tet. Nun wird seiner mit einem Stolperstein in seiner Heimatstadt gedacht. <a class=\"g1-link g1-link-more\" href=\"https:\/\/alte.mannschaft.lgbt\/bimber\/von-nazis-getoetet-stolperstein-fuer-schwules-naziopfer-aus-pirna\/\">Weiterlesen<\/a><\/p>\n","protected":false},"author":3,"featured_media":54903,"comment_status":"closed","ping_status":"closed","sticky":false,"template":"","format":"standard","meta":[],"categories":[3],"tags":[5461],"wps_subtitle":"Karl Emil Heinrich starb im KZ Sachsenhausen; auch der Heilp\u00e4dagoge Martin Kretschmer erhielt am 11. Mai einen Gedenkstein","_links":{"self":[{"href":"https:\/\/alte.mannschaft.lgbt\/bimber\/wp-json\/wp\/v2\/posts\/54900"}],"collection":[{"href":"https:\/\/alte.mannschaft.lgbt\/bimber\/wp-json\/wp\/v2\/posts"}],"about":[{"href":"https:\/\/alte.mannschaft.lgbt\/bimber\/wp-json\/wp\/v2\/types\/post"}],"author":[{"embeddable":true,"href":"https:\/\/alte.mannschaft.lgbt\/bimber\/wp-json\/wp\/v2\/users\/3"}],"replies":[{"embeddable":true,"href":"https:\/\/alte.mannschaft.lgbt\/bimber\/wp-json\/wp\/v2\/comments?post=54900"}],"version-history":[{"count":0,"href":"https:\/\/alte.mannschaft.lgbt\/bimber\/wp-json\/wp\/v2\/posts\/54900\/revisions"}],"wp:featuredmedia":[{"embeddable":true,"href":"https:\/\/alte.mannschaft.lgbt\/bimber\/wp-json\/wp\/v2\/media\/54903"}],"wp:attachment":[{"href":"https:\/\/alte.mannschaft.lgbt\/bimber\/wp-json\/wp\/v2\/media?parent=54900"}],"wp:term":[{"taxonomy":"category","embeddable":true,"href":"https:\/\/alte.mannschaft.lgbt\/bimber\/wp-json\/wp\/v2\/categories?post=54900"},{"taxonomy":"post_tag","embeddable":true,"href":"https:\/\/alte.mannschaft.lgbt\/bimber\/wp-json\/wp\/v2\/tags?post=54900"}],"curies":[{"name":"wp","href":"https:\/\/api.w.org\/{rel}","templated":true}]}}