{"id":54839,"date":"2019-05-11T09:12:26","date_gmt":"2019-05-11T07:12:26","guid":{"rendered":"https:\/\/mannschaft.com\/?p=54839"},"modified":"2019-05-11T12:18:52","modified_gmt":"2019-05-11T10:18:52","slug":"die-katholische-kirche-spuckt-schwulen-priestern-ins-gesicht","status":"publish","type":"post","link":"https:\/\/alte.mannschaft.lgbt\/bimber\/die-katholische-kirche-spuckt-schwulen-priestern-ins-gesicht\/","title":{"rendered":"\u00abDie katholische Kirche spuckt schwulen Priestern ins Gesicht!\u00bb"},"content":{"rendered":"<h3>Schon komisch zu sehen, dass ausgerechnet dort am intensivsten \u00fcber schwulen Sex gesprochen wird, wo er am st\u00e4rksten verp\u00f6nt ist: in den reaktion\u00e4ren Winkeln der katholischen Kirche. Die j\u00fcngste Entgleisung im Erzbistum K\u00f6ln in der Person von\u00a0Pater Romano Christen\u00a0muss dringend Konsequenzen haben, meint Stefan Mielchen im\u00a0Samstagskommentar*.<\/h3>\n<p>Dieser Mann ist f\u00fcr die Priesterausbildung untragbar: Bereits im Januar hatte der aus der Schweiz stammende Pater Romano Christen vor seinen Sch\u00fclern im Erzbistum K\u00f6ln einen Vortrag \u00fcber \u00abDie Frage des Umgangs mit homosexuellen Tendenzen\u00bb gehalten. <a href=\"https:\/\/www.sueddeutsche.de\/politik\/katholische-kirche-homosexualitaet-romano-1.4437668?reduced=true\" target=\"_blank\" rel=\"noopener\">Die <em>S\u00fcddeutsche Zeitung<\/em> hatte seine Entgleisungen in dieser Woche aufgedeckt.<\/a><\/p>\n<div id=\"g1-fluid-wrapper-counter-1\" class=\"g1-fluid-wrapper \" style=\"width:662px;\" data-g1-fluid-width=\"662\" data-g1-fluid-height=\"372\">\n<div class=\"g1-fluid-wrapper-inner\" style=\"padding-bottom:56.19335347432%;\">\n<div class=\"mace-youtube\" data-mace-video=\"https:\/\/www.youtube.com\/embed\/qJJ3VU1mGro?showinfo=0&#038;rel=1&#038;ytp-pause-overlay=1&#038;autoplay=1&#038;enablejsapi=1\" data-mace-video-thumb=\"https:\/\/img.youtube.com\/vi\/qJJ3VU1mGro\/hqdefault.jpg\">\n<div class=\"mace-play-button\"><\/div>\n<\/div><\/div>\n<\/p><\/div>\n<p>Die These des obersten Priesterausbilders in Deutschlands gr\u00f6sstem Bistum: Homosexualit\u00e4t sei nicht angeboren, sondern die Folge einer psychologischen (Fehl)Entwicklung, die in der Kindheit oder Jugend stattfinde und zu einem \u00abGeschlechtsminderwertigkeitskomplex\u00bb f\u00fchre. Mit anderen Worten: Schwule haben einen an der Klatsche.<\/p>\n<p><strong>Spricht da jemand aus eigener Erfahrung?<\/strong><br \/>\nDass Homosexuelle nicht gesund sind, ist sp\u00e4testens \u2013 oder besser gesagt: erst \u2013 seit 1992 offiziell widerlegt. Seither wird Homosexualit\u00e4t von der Weltgesundheitsorganisation nicht mehr als Krankheit gef\u00fchrt. Das ficht konservative Kleriker nicht an. Homosexuelle Liebe sei weniger \u00abdie reale Begegnung mit einem Du\u00bb, sondern vielmehr \u00abeine narzisstische Suche\u00bb, erkl\u00e4rte Pater Romano seinen Sch\u00fclern. Die \u00abFixierung auf die Lust\u00bb solle \u00abdie eigene innere Wunde heilen und das Selbstmitleid stillen\u00bb. Klingt fast so, als spreche da jemand aus eigener Erfahrung.<\/p>\n<blockquote class=\"wp-embedded-content\" data-secret=\"A1c8yRSBMi\"><p><a href=\"https:\/\/mannschaft.com\/2019\/05\/06\/christlich-konservative-wollen-den-regenbogen-zurueckerobern\/\">Ultra-Religi\u00f6se wollen den Regenbogen zur\u00fcckerobern<\/a><\/p><\/blockquote>\n<p><iframe title=\"&#8222;Ultra-Religi\u00f6se wollen den Regenbogen zur\u00fcckerobern&#8220; &#8212; Mannschaft Magazin\" class=\"wp-embedded-content\" sandbox=\"allow-scripts\" security=\"restricted\" style=\"position: absolute; clip: rect(1px, 1px, 1px, 1px);\" src=\"https:\/\/mannschaft.com\/2019\/05\/06\/christlich-konservative-wollen-den-regenbogen-zurueckerobern\/embed\/#?secret=A1c8yRSBMi\" data-secret=\"A1c8yRSBMi\" width=\"600\" height=\"338\" frameborder=\"0\" marginwidth=\"0\" marginheight=\"0\" scrolling=\"no\"><\/iframe><\/p>\n<p>Zumindest ist es eine Sicht, die Menschen in ihrem Sein nicht akzeptiert, sondern verachtet. Als zus\u00e4tzliche Verh\u00f6hnung muss man empfinden, dass Pater Romano gegen\u00fcber der S\u00fcddeutschen Zeitung versicherte, \u00abdass Menschen mit homosexuellen Neigungen Respekt verdienen und auf keinen Fall herabgew\u00fcrdigt werden d\u00fcrfen\u00bb. So viel Scheinheiligkeit muss man sich erst mal trauen.<\/p>\n<p>Da wundert es nicht, dass Schwule aus Sicht der Kirchenmannes heilbar sind: \u00abAuch wenn sie von der Schwulen-Lobby regelrecht d\u00e4monisiert werden, gibt es Therapien und M\u00e4nner, die sie erfolgreich bestanden haben\u00bb, zitiert die <em>SZ<\/em> aus dem Vortragsmanuskript. Der christliche Glaube sei die \u00abwirksamste Kraft\u201c zur \u00abinneren Heilung und Reifung\u00bb.<\/p>\n<p>Es mag Zufall sein, dass der Vortrag just in dem Moment publik wird,<a href=\"https:\/\/mannschaft.com\/2019\/05\/04\/mal-sehen-ob-wir-ernst-genommen-werden\/\" target=\"_blank\" rel=\"noopener\"> in dem Gesundheitsminister Jens Spahn (CDU) eine Kommission einberuft, die \u00fcber ein Verbot von Konversionstherapien ber\u00e4t<\/a>. Es w\u00fcrde indes nicht \u00fcberraschen, wenn ihn der K\u00f6lner Kirchenkl\u00fcngel selbst lanciert h\u00e4tte, um ein Zeichen des rechten Glaubens zu setzen. Dass bei den Katholiken ein Machtkampf zwischen Reaktion\u00e4ren und Reformern tobt, ist nicht erst seit dem Missbrauchsskandal offenkundig. Da kann eine eindeutige Positionierung in Fragen der Sexualmoral nicht schaden.<\/p>\n<p>Pater Romano ist dabei nicht irgendwer: Der 58-J\u00e4hrige steht als Direktor dem Collegium Albertinum in Bonn vor. Er ist f\u00fcr die Ausbildung der kommenden Priestergeneration im Erzbistum K\u00f6ln zust\u00e4ndig \u2013 und die soll offenbar auf Linie gebracht werden. Aktuell leben rund 25 angehende Priester in der Einrichtung, die schon bald auf die Gemeinden losgelassen werden. \u00abDass Kardinal Woelki 2015 Romano Christen diesen Posten \u00fcbertrug, ist ein Statement\u00bb, urteilt <em>SZ<\/em>-Kirchenexperte Matthias Dobrinski.<\/p>\n<p>Zweifellos: Die Pathologisierung von Homosexualit\u00e4t wird so von einem der einflussreichsten Kirchenm\u00e4nner Deutschlands geduldet, wenn nicht gar gef\u00f6rdert. Dahinter darf Kalk\u00fcl vermutet werden. Widerspruch zu den Thesen des Paters war in K\u00f6ln von der Laienvertretung der Di\u00f6zese zu vernehmen. Aber auch das Erzbistum K\u00f6ln distanzierte sich von Aussagen des katholischen Priesterausbilders. Generalvikar Markus Hofmann stellte am Freitag klar, dass die \u00c4usserungen nicht der Auffassung von Kardinal Rainer Maria Woelki entspr\u00e4chen. Dieser\u00a0wolle in K\u00fcrze ein Gespr\u00e4ch mit dem Pater f\u00fchren, um seinen Standpunkt deutlich zu machen, hiess es.\u00a0Es w\u00e4re an ihm, den untragbaren Ausbildungsleiter mit sofortiger Wirkung abzuberufen!<\/p>\n<blockquote class=\"wp-embedded-content\" data-secret=\"a4NNwtFvX6\"><p><a href=\"https:\/\/mannschaft.com\/2019\/05\/06\/die-mai-ausgabe-der-mannschaft-ist-da\/\">Die Mai-Ausgabe der MANNSCHAFT ist da!<\/a><\/p><\/blockquote>\n<p><iframe title=\"&#8222;Die Mai-Ausgabe der MANNSCHAFT ist da!&#8220; &#8212; Mannschaft Magazin\" class=\"wp-embedded-content\" sandbox=\"allow-scripts\" security=\"restricted\" style=\"position: absolute; clip: rect(1px, 1px, 1px, 1px);\" src=\"https:\/\/mannschaft.com\/2019\/05\/06\/die-mai-ausgabe-der-mannschaft-ist-da\/embed\/#?secret=a4NNwtFvX6\" data-secret=\"a4NNwtFvX6\" width=\"600\" height=\"338\" frameborder=\"0\" marginwidth=\"0\" marginheight=\"0\" scrolling=\"no\"><\/iframe><\/p>\n<p>Zumal es als offenes Geheimnis gilt, dass zahlreiche Priesteramtskandidaten schwul sind. Statt sie zu st\u00e4rken, spuckt ihnen die Kirche ins Gesicht. Du sollst deinen N\u00e4chsten lieben wie Dich selbst? Genau das ist das Problem in einem System, das internalisierte Homophobie konsequent bef\u00f6rdert. Niemand ist krank, weil er schwul ist. Wer aber sein Innerstes dauerhaft verleugnen muss und in permanenter Angst vor Entdeckung lebt, der wird es irgendwann.<\/p>\n<p>Schon 2005 hatte der damalige Papst Benedikt XVI. festgelegt, dass M\u00e4nner, die \u00abHomosexualit\u00e4t praktizieren, tief sitzende homosexuelle Tendenzen haben oder eine sogenannte &#8218;homosexuelle Kultur&#8216; unterst\u00fctzen\u00bb, keine Priester werden d\u00fcrfen. Vor drei Jahren hat Nachfolger Franziskus dies best\u00e4tigt. Der zwischenzeitliche Hoffnungstr\u00e4ger \u2013 eine grosse Entt\u00e4uschung. Auch am Z\u00f6libat wird nicht ansatzweise ger\u00fcttelt.<\/p>\n<p>So zieht die katholische Kirche in vollem Bewusstsein potenzielle Missbrauchs-T\u00e4ter heran. Denn wer seine Sexualit\u00e4t \u00fcber Jahrzehnte zwanghaft unterdr\u00fccken muss, sucht sich m\u00f6glicherweise fr\u00fcher oder sp\u00e4ter ein Ventil. Die Herren am oberen Ende der Hierarchie wissen um die Warnungen der Forscher, ignorieren sie beharrlich, verharren in \u00fcberkommenen \u00dcberzeugungen und wollen aus den Skandalen und dem Leid der Vergangenheit nicht lernen. Schuld tragen immer nur die anderen.<\/p>\n<blockquote class=\"wp-embedded-content\" data-secret=\"p0dYXKXcIl\"><p><a href=\"https:\/\/mannschaft.com\/2019\/05\/10\/deutsche-evangelische-allianz-dea-will-homoheilung-weiter-betreiben\/\">Deutsche Evangelische Allianz (DEA) will Homos weiter heilen<\/a><\/p><\/blockquote>\n<p><iframe title=\"&#8222;Deutsche Evangelische Allianz (DEA) will Homos weiter heilen&#8220; &#8212; Mannschaft Magazin\" class=\"wp-embedded-content\" sandbox=\"allow-scripts\" security=\"restricted\" style=\"position: absolute; clip: rect(1px, 1px, 1px, 1px);\" src=\"https:\/\/mannschaft.com\/2019\/05\/10\/deutsche-evangelische-allianz-dea-will-homoheilung-weiter-betreiben\/embed\/#?secret=p0dYXKXcIl\" data-secret=\"p0dYXKXcIl\" width=\"600\" height=\"338\" frameborder=\"0\" marginwidth=\"0\" marginheight=\"0\" scrolling=\"no\"><\/iframe><\/p>\n<p>Die j\u00fcngsten Einlassungen des zur\u00fcckgetretenen Papstes sind ein trauriger Beleg. Benedikt XVI. suchte die Verantwortung f\u00fcr die Missbrauchsverbrechen nicht etwa im eigenen System. Er gab vielmehr der sexuellen Befreiung der 68er und \u00abhomosexuellen Clubs\u00bb in den Priesterseminaren die Schuld. In seinen Aufsatz machte er Opfer zu T\u00e4tern. W\u00fcrdeloser kann ein W\u00fcrdentr\u00e4ger nicht argumentieren. Auch der Umgang der deutschen Bischofskonferenz mit dem Thema war alles andere als eine vertrauensbildende Massnahme. Der Wille zu unabh\u00e4ngiger Aufkl\u00e4rung oder tiefgreifenden Konsequenzen ist bis heute schwer erkennbar. Der Klerus l\u00e4sst sich nicht reinreden.<\/p>\n<blockquote><p>Eine solche Kirche kann niemand ernst nehmen<\/p><\/blockquote>\n<p>Auch die von Papst Franziskus in dieser Woche dekretierte Meldepflicht f\u00fcr sexuelle \u00dcbergriffe ist ausschliesslich nach innen gerichtet. Die deutsche Justizministerin Katarina Barley forderte sogleich, die katholische Kirche m\u00fcsse bei jedem Hinweis auf sexuellen Missbrauch sofort Strafanzeige stellen. Schon allein, dass ein derartiger Appell \u00fcberhaupt notwendig ist, zeigt die Tragweite des Problems. Eine solche Kirche kann niemand ernst nehmen.<\/p>\n<p>Wenn sich Laien und Mitarbeiter weiter in dieses System f\u00fcgen, wird sich auf Dauer nichts ver\u00e4ndern. Mehr Revolution wagen, lautet die Devise. F\u00fcr alle anderen gibt es einen einfachen Weg: Austreten! <a href=\"https:\/\/www.kirchenaustritt.de\/christentum\/katholisch.htm\" target=\"_blank\" rel=\"noopener\">(hier steht, wie das geht)<\/a><\/p>\n<p><strong>*\u00a0Stefan Mielchen ist Erster Vorsitzender bei Hamburg Pride.\u00a0<\/strong><strong>Jeden Samstag ver\u00f6ffentlichen wir auf MANNSCHAFT.com einen Kommentar zu einem aktuellen Thema, das die LGBTIQ-Community bewegt. Die Meinung der Autor*innen spiegelt nicht zwangsl\u00e4ufig die Meinung der Redaktion wider.<\/strong><\/p>\n","protected":false},"excerpt":{"rendered":"<p>Der oberste Priesterausbilder in Deutschlands gr\u00f6sstem Bistum sagt: Homosexualit\u00e4t sei nicht angeboren, sondern die Folge einer psychologischen (Fehl)Entwicklung. <a class=\"g1-link g1-link-more\" href=\"https:\/\/alte.mannschaft.lgbt\/bimber\/die-katholische-kirche-spuckt-schwulen-priestern-ins-gesicht\/\">Weiterlesen<\/a><\/p>\n","protected":false},"author":1,"featured_media":54840,"comment_status":"closed","ping_status":"closed","sticky":false,"template":"","format":"standard","meta":[],"categories":[3],"tags":[5544,5461,5512],"wps_subtitle":"Der Leiter der Priesterausbildung im Erzbistum K\u00f6ln h\u00e4lt Schwule f\u00fcr psychisch gest\u00f6rt - dazu unser Samstagskommentar","_links":{"self":[{"href":"https:\/\/alte.mannschaft.lgbt\/bimber\/wp-json\/wp\/v2\/posts\/54839"}],"collection":[{"href":"https:\/\/alte.mannschaft.lgbt\/bimber\/wp-json\/wp\/v2\/posts"}],"about":[{"href":"https:\/\/alte.mannschaft.lgbt\/bimber\/wp-json\/wp\/v2\/types\/post"}],"author":[{"embeddable":true,"href":"https:\/\/alte.mannschaft.lgbt\/bimber\/wp-json\/wp\/v2\/users\/1"}],"replies":[{"embeddable":true,"href":"https:\/\/alte.mannschaft.lgbt\/bimber\/wp-json\/wp\/v2\/comments?post=54839"}],"version-history":[{"count":0,"href":"https:\/\/alte.mannschaft.lgbt\/bimber\/wp-json\/wp\/v2\/posts\/54839\/revisions"}],"wp:featuredmedia":[{"embeddable":true,"href":"https:\/\/alte.mannschaft.lgbt\/bimber\/wp-json\/wp\/v2\/media\/54840"}],"wp:attachment":[{"href":"https:\/\/alte.mannschaft.lgbt\/bimber\/wp-json\/wp\/v2\/media?parent=54839"}],"wp:term":[{"taxonomy":"category","embeddable":true,"href":"https:\/\/alte.mannschaft.lgbt\/bimber\/wp-json\/wp\/v2\/categories?post=54839"},{"taxonomy":"post_tag","embeddable":true,"href":"https:\/\/alte.mannschaft.lgbt\/bimber\/wp-json\/wp\/v2\/tags?post=54839"}],"curies":[{"name":"wp","href":"https:\/\/api.w.org\/{rel}","templated":true}]}}