{"id":49670,"date":"2019-02-22T10:55:52","date_gmt":"2019-02-22T09:55:52","guid":{"rendered":"https:\/\/mannschaft.com\/?p=49670"},"modified":"2024-01-23T08:50:19","modified_gmt":"2024-01-23T07:50:19","slug":"20-minuten-nahm-einfach-die-bilder-heraus-die-fuer-ihre-geschichte-passten","status":"publish","type":"post","link":"https:\/\/alte.mannschaft.lgbt\/bimber\/20-minuten-nahm-einfach-die-bilder-heraus-die-fuer-ihre-geschichte-passten\/","title":{"rendered":"\u00abSie zeigten einfach die Bilder, die f\u00fcr die Geschichte passten\u00bb"},"content":{"rendered":"<h3>Bj\u00f6rn E. ist Fotograf und arbeitet hauptberuflich als Primarlehrer. Eine Frau aus dem Dorf beschwerte sich bei der Schulleitung und bei 20 Minuten \u00fcber seine Bilder auf Instagram und trat eine mediale Diskussion \u00fcber die Rolle des Lehrers los.<\/h3>\n<p><strong>Bj\u00f6rn, hatten die Artikel von 20 Minuten einen negativen Einfluss auf deinen Schulalltag?<\/strong><br \/>\nNein, aber auf mich, vor allem psychisch. Ich konnte nicht entspannt unterrichten. Ich erhielt jedoch viel Unterst\u00fctzung von der Schulleitung. Auch viele Eltern schrieben mir, dass sie mich akzeptierten, wie ich bin, und es sie nicht interessiere, was ich in meiner Freizeit mache. Dass sie mich sch\u00e4tzten und nicht wollten, dass ich entlassen werde.<\/p>\n<p>Ich f\u00fchle mich aber auch entlastet. Die Katze ist aus dem Sack und die Welt weiss jetzt, dass ich fotografiere. Es w\u00e4re allerdings sch\u00f6n gewesen, wenn es anders thematisiert worden w\u00e4re als in den Medien.<\/p>\n<blockquote class=\"instagram-media\" style=\"background: #FFF; border: 0; border-radius: 3px; box-shadow: 0 0 1px 0 rgba(0,0,0,0.5),0 1px 10px 0 rgba(0,0,0,0.15); margin: 1px; max-width: 540px; min-width: 326px; padding: 0; width: calc(100% - 2px);\" data-instgrm-captioned=\"\" data-instgrm-permalink=\"https:\/\/www.instagram.com\/p\/Bt3c_LRlqH4\/?utm_source=ig_embed&amp;utm_medium=loading&amp;utm_campaign=embed_loading_state_script\" data-instgrm-version=\"10\">\n<div style=\"padding: 16px;\">\n<p>&nbsp;<\/p>\n<div style=\"display: flex; flex-direction: row; align-items: center;\">\n<div style=\"background-color: #f4f4f4; border-radius: 50%; flex-grow: 0; height: 40px; margin-right: 14px; width: 40px;\"><\/div>\n<div style=\"display: flex; flex-direction: column; flex-grow: 1; justify-content: center;\">\n<div style=\"background-color: #f4f4f4; border-radius: 4px; flex-grow: 0; height: 14px; margin-bottom: 6px; width: 100px;\"><\/div>\n<div style=\"background-color: #f4f4f4; border-radius: 4px; flex-grow: 0; height: 14px; width: 60px;\"><\/div>\n<\/div>\n<\/div>\n<div style=\"padding: 19% 0;\"><\/div>\n<div style=\"display: block; height: 60px; margin: 0 auto 16px; width: 210px;\"><\/div>\n<div style=\"padding-top: 8px;\">\n<div style=\"color: #3897f0; font-family: Arial,sans-serif; font-size: 14px; font-style: normal; font-weight: 550; line-height: 18px;\">Sieh dir diesen Beitrag auf Instagram an<\/div>\n<\/div>\n<div style=\"padding: 12.5% 0;\"><\/div>\n<div style=\"display: flex; flex-direction: row; margin-bottom: 14px; align-items: center;\">\n<div>\n<div style=\"background-color: #f4f4f4; border-radius: 50%; height: 12.5px; width: 12.5px; transform: translateX(0px) translateY(7px);\"><\/div>\n<div style=\"background-color: #f4f4f4; height: 12.5px; transform: rotate(-45deg) translateX(3px) translateY(1px); width: 12.5px; flex-grow: 0; margin-right: 14px; margin-left: 2px;\"><\/div>\n<div style=\"background-color: #f4f4f4; border-radius: 50%; height: 12.5px; width: 12.5px; transform: translateX(9px) translateY(-18px);\"><\/div>\n<\/div>\n<div style=\"margin-left: 8px;\">\n<div style=\"background-color: #f4f4f4; border-radius: 50%; flex-grow: 0; height: 20px; width: 20px;\"><\/div>\n<div style=\"width: 0; height: 0; border-top: 2px solid transparent; border-left: 6px solid #f4f4f4; border-bottom: 2px solid transparent; transform: translateX(16px) translateY(-4px) rotate(30deg);\"><\/div>\n<\/div>\n<div style=\"margin-left: auto;\">\n<div style=\"width: 0px; border-top: 8px solid #F4F4F4; border-right: 8px solid transparent; transform: translateY(16px);\"><\/div>\n<div style=\"background-color: #f4f4f4; flex-grow: 0; height: 12px; width: 16px; transform: translateY(-4px);\"><\/div>\n<div style=\"width: 0; height: 0; border-top: 8px solid #F4F4F4; border-left: 8px solid transparent; transform: translateY(-4px) translateX(8px);\"><\/div>\n<\/div>\n<\/div>\n<p>&nbsp;<\/p>\n<p style=\"margin: 8px 0 0 0; padding: 0 4px;\"><a style=\"color: #000; font-family: Arial,sans-serif; font-size: 14px; font-style: normal; font-weight: normal; line-height: 17px; text-decoration: none; word-wrap: break-word;\" href=\"https:\/\/www.instagram.com\/p\/Bt3c_LRlqH4\/?utm_source=ig_embed&amp;utm_medium=loading&amp;utm_campaign=embed_loading_state_script\" target=\"_blank\" rel=\"noopener\">VALENTINE \/\/selfportrait: @bthisway with @eluis43 \/\/#valentine #valentinesday #berlin #germany #kiss #gaykiss #fun #crazy #fashion #fur #instagay #bearded #hoscos #scruff #gay #ginger #thebeardedhomo #instahomo @hoscos @thehairyhunk @beardedchallenge @thebeardedhomo @thebeardedway @bulgechallenge @__james_world @thebeardedpantiedroppers @favoboys @beardedvillains @sexy.beard @beards_love @beardedlife_style @beard.kings @hairyscruffmen @the.scruffy.homo<\/a><\/p>\n<p style=\"color: #c9c8cd; font-family: Arial,sans-serif; font-size: 14px; line-height: 17px; margin-bottom: 0; margin-top: 8px; overflow: hidden; padding: 8px 0 7px; text-align: center; text-overflow: ellipsis; white-space: nowrap;\">Ein Beitrag geteilt von <a style=\"color: #c9c8cd; font-family: Arial,sans-serif; font-size: 14px; font-style: normal; font-weight: normal; line-height: 17px;\" href=\"https:\/\/www.instagram.com\/bthisway\/?utm_source=ig_embed&amp;utm_medium=loading&amp;utm_campaign=embed_loading_state_script\" target=\"_blank\" rel=\"noopener\"> Photographer, Zurich<\/a> (@bthisway) am <time style=\"font-family: Arial,sans-serif; font-size: 14px; line-height: 17px;\" datetime=\"2019-02-14T15:00:30+00:00\">Feb 14, 2019 um 7:00 PST<\/time><\/p>\n<\/div>\n<\/blockquote>\n<p><script async src=\"\/\/www.instagram.com\/embed.js\"><\/script><\/p>\n<p><strong>Hat dich 20 Minuten \u00fcberhaupt f\u00fcr eine Stellungnahme kontaktiert?<br \/>\n<\/strong>Ja, aber sie konnten nicht warten, bis ich mich mit der Schulleitung abgesprochen hatte. \u00dcberhaupt war ihr Vorgehen sehr fraglich. Sie kontaktierten Models von mir und wollten meine Nummer haben. Zudem schrieben sie im Artikel, dass die Kinder mich auslachten oder eine Mutter ihre Tochter aus der Schule nehmen wolle. Das stimmt alles nicht.<\/p>\n<p><strong>Wurde die Geschichte aufgebauscht?<\/strong><br \/>\nDie Geschichte wurde ganz klar ge\u00adhypt. Im Coop zeigten sie meine Bilder vor allem \u00e4lteren Leuten und fragten sie, ob eine Person wie ich Lehrer sein sollte. Auf meinem Instagram-\u00adAc\u00adcount (<a href=\"https:\/\/instagram.com\/bthisway\" target=\"_blank\" rel=\"noopener\">@bthisway<\/a>) sind \u00fcber tausend Fotos. 20 Minuten nahm einfach die Bilder heraus, die f\u00fcr ihre Geschichte passten, und bezeichneten mich dabei immer als Lehrer, obwohl ich auf In\u00adsta\u00adgram nur als Fotograf auftrete.<\/p>\n<p><strong>Der Dachverband Lehrerinnen und Lehrer Schweiz kritisierte dich aber, die halbnackten Bilder seien nicht mit deiner Vorbildfunktion vereinbar. <\/strong><br \/>\nIch finde auch, dass die Bilder nicht f\u00fcr Kinder sind. Ich finde aber nicht, dass ich diese Bilder nicht machen d\u00fcrfte. Wie gesagt, wenn man alle meine Bilder sieht, realisiert man auch, dass ich viele andere Dinge fotografiere als nur nackte Haut. Man kann es auch als Chance sehen, das Thema soziale Medien mit den Kindern anzugehen statt es zu verbieten. Von einem Mindestalter zu sprechen, ist eine Illusion. Die H\u00e4lfte meiner Drittkl\u00e4ssler*innen hat Zugang zu Instagram.<\/p>\n<blockquote class=\"instagram-media\" style=\"background: #FFF; border: 0; border-radius: 3px; box-shadow: 0 0 1px 0 rgba(0,0,0,0.5),0 1px 10px 0 rgba(0,0,0,0.15); margin: 1px; max-width: 540px; min-width: 326px; padding: 0; width: calc(100% - 2px);\" data-instgrm-captioned=\"\" data-instgrm-permalink=\"https:\/\/www.instagram.com\/p\/BqXrOHNl22k\/?utm_source=ig_embed&amp;utm_medium=loading&amp;utm_campaign=embed_loading_state_script\" data-instgrm-version=\"10\">\n<div style=\"padding: 16px;\">\n<p>&nbsp;<\/p>\n<div style=\"display: flex; flex-direction: row; align-items: center;\">\n<div style=\"background-color: #f4f4f4; border-radius: 50%; flex-grow: 0; height: 40px; margin-right: 14px; width: 40px;\"><\/div>\n<div style=\"display: flex; flex-direction: column; flex-grow: 1; justify-content: center;\">\n<div style=\"background-color: #f4f4f4; border-radius: 4px; flex-grow: 0; height: 14px; margin-bottom: 6px; width: 100px;\"><\/div>\n<div style=\"background-color: #f4f4f4; border-radius: 4px; flex-grow: 0; height: 14px; width: 60px;\"><\/div>\n<\/div>\n<\/div>\n<div style=\"padding: 19% 0;\"><\/div>\n<div style=\"display: block; height: 60px; margin: 0 auto 16px; width: 210px;\"><\/div>\n<div style=\"padding-top: 8px;\">\n<div style=\"color: #3897f0; font-family: Arial,sans-serif; font-size: 14px; font-style: normal; font-weight: 550; line-height: 18px;\">Sieh dir diesen Beitrag auf Instagram an<\/div>\n<\/div>\n<div style=\"padding: 12.5% 0;\"><\/div>\n<div style=\"display: flex; flex-direction: row; margin-bottom: 14px; align-items: center;\">\n<div>\n<div style=\"background-color: #f4f4f4; border-radius: 50%; height: 12.5px; width: 12.5px; transform: translateX(0px) translateY(7px);\"><\/div>\n<div style=\"background-color: #f4f4f4; height: 12.5px; transform: rotate(-45deg) translateX(3px) translateY(1px); width: 12.5px; flex-grow: 0; margin-right: 14px; margin-left: 2px;\"><\/div>\n<div style=\"background-color: #f4f4f4; border-radius: 50%; height: 12.5px; width: 12.5px; transform: translateX(9px) translateY(-18px);\"><\/div>\n<\/div>\n<div style=\"margin-left: 8px;\">\n<div style=\"background-color: #f4f4f4; border-radius: 50%; flex-grow: 0; height: 20px; width: 20px;\"><\/div>\n<div style=\"width: 0; height: 0; border-top: 2px solid transparent; border-left: 6px solid #f4f4f4; border-bottom: 2px solid transparent; transform: translateX(16px) translateY(-4px) rotate(30deg);\"><\/div>\n<\/div>\n<div style=\"margin-left: auto;\">\n<div style=\"width: 0px; border-top: 8px solid #F4F4F4; border-right: 8px solid transparent; transform: translateY(16px);\"><\/div>\n<div style=\"background-color: #f4f4f4; flex-grow: 0; height: 12px; width: 16px; transform: translateY(-4px);\"><\/div>\n<div style=\"width: 0; height: 0; border-top: 8px solid #F4F4F4; border-left: 8px solid transparent; transform: translateY(-4px) translateX(8px);\"><\/div>\n<\/div>\n<\/div>\n<p>&nbsp;<\/p>\n<p style=\"margin: 8px 0 0 0; padding: 0 4px;\"><a style=\"color: #000; font-family: Arial,sans-serif; font-size: 14px; font-style: normal; font-weight: normal; line-height: 17px; text-decoration: none; word-wrap: break-word;\" href=\"https:\/\/www.instagram.com\/p\/BqXrOHNl22k\/?utm_source=ig_embed&amp;utm_medium=loading&amp;utm_campaign=embed_loading_state_script\" target=\"_blank\" rel=\"noopener\">F MONDAY \/\/selfportrait: @bthisway \/\/clothing: @filausa @filauk @filaeurope \/\/#pink #fila #portrait #bulge #chest #hairylegs #tattoo #shorthair #zurich #expressive #switzerland #tattoos #gay #instagay #underwear #hoscos #hairy #muscle #bearded #beardedhomo #malefashion #gay #instagay #instahomo #thebeardedhomo @hoscos @thehairyhunk @thebeardedhomo @thebeardedway @bulgechallenge @__james_world @thebeardedpantiedroppers @favoboys @beardedvillains @sexy.beard @beards_love @beardedlife_style @beard.kings @hairyscruffmen @the.scruffy.homo @gallery_legit<\/a><\/p>\n<p style=\"color: #c9c8cd; font-family: Arial,sans-serif; font-size: 14px; line-height: 17px; margin-bottom: 0; margin-top: 8px; overflow: hidden; padding: 8px 0 7px; text-align: center; text-overflow: ellipsis; white-space: nowrap;\">Ein Beitrag geteilt von <a style=\"color: #c9c8cd; font-family: Arial,sans-serif; font-size: 14px; font-style: normal; font-weight: normal; line-height: 17px;\" href=\"https:\/\/www.instagram.com\/bthisway\/?utm_source=ig_embed&amp;utm_medium=loading&amp;utm_campaign=embed_loading_state_script\" target=\"_blank\" rel=\"noopener\"> Photographer, Zurich<\/a> (@bthisway) am <time style=\"font-family: Arial,sans-serif; font-size: 14px; line-height: 17px;\" datetime=\"2018-11-19T17:15:00+00:00\">Nov 19, 2018 um 9:15 PST<\/time><\/p>\n<\/div>\n<\/blockquote>\n<p><script async src=\"\/\/www.instagram.com\/embed.js\"><\/script><\/p>\n<blockquote class=\"instagram-media\" style=\"background: #FFF; border: 0; border-radius: 3px; box-shadow: 0 0 1px 0 rgba(0,0,0,0.5),0 1px 10px 0 rgba(0,0,0,0.15); margin: 1px; max-width: 540px; min-width: 326px; padding: 0; width: calc(100% - 2px);\" data-instgrm-captioned=\"\" data-instgrm-permalink=\"https:\/\/www.instagram.com\/p\/BrNq0nHlnbb\/?utm_source=ig_embed&amp;utm_medium=loading&amp;utm_campaign=embed_loading_state_script\" data-instgrm-version=\"10\">\n<div style=\"padding: 16px;\">\n<p>&nbsp;<\/p>\n<div style=\"display: flex; flex-direction: row; align-items: center;\">\n<div style=\"background-color: #f4f4f4; border-radius: 50%; flex-grow: 0; height: 40px; margin-right: 14px; width: 40px;\"><\/div>\n<div style=\"display: flex; flex-direction: column; flex-grow: 1; justify-content: center;\">\n<div style=\"background-color: #f4f4f4; border-radius: 4px; flex-grow: 0; height: 14px; margin-bottom: 6px; width: 100px;\"><\/div>\n<div style=\"background-color: #f4f4f4; border-radius: 4px; flex-grow: 0; height: 14px; width: 60px;\"><\/div>\n<\/div>\n<\/div>\n<div style=\"padding: 19% 0;\"><\/div>\n<div style=\"display: block; height: 60px; margin: 0 auto 16px; width: 210px;\"><\/div>\n<div style=\"padding-top: 8px;\">\n<div style=\"color: #3897f0; font-family: Arial,sans-serif; font-size: 14px; font-style: normal; font-weight: 550; line-height: 18px;\">Sieh dir diesen Beitrag auf Instagram an<\/div>\n<\/div>\n<div style=\"padding: 12.5% 0;\"><\/div>\n<div style=\"display: flex; flex-direction: row; margin-bottom: 14px; align-items: center;\">\n<div>\n<div style=\"background-color: #f4f4f4; border-radius: 50%; height: 12.5px; width: 12.5px; transform: translateX(0px) translateY(7px);\"><\/div>\n<div style=\"background-color: #f4f4f4; height: 12.5px; transform: rotate(-45deg) translateX(3px) translateY(1px); width: 12.5px; flex-grow: 0; margin-right: 14px; margin-left: 2px;\"><\/div>\n<div style=\"background-color: #f4f4f4; border-radius: 50%; height: 12.5px; width: 12.5px; transform: translateX(9px) translateY(-18px);\"><\/div>\n<\/div>\n<div style=\"margin-left: 8px;\">\n<div style=\"background-color: #f4f4f4; border-radius: 50%; flex-grow: 0; height: 20px; width: 20px;\"><\/div>\n<div style=\"width: 0; height: 0; border-top: 2px solid transparent; border-left: 6px solid #f4f4f4; border-bottom: 2px solid transparent; transform: translateX(16px) translateY(-4px) rotate(30deg);\"><\/div>\n<\/div>\n<div style=\"margin-left: auto;\">\n<div style=\"width: 0px; border-top: 8px solid #F4F4F4; border-right: 8px solid transparent; transform: translateY(16px);\"><\/div>\n<div style=\"background-color: #f4f4f4; flex-grow: 0; height: 12px; width: 16px; transform: translateY(-4px);\"><\/div>\n<div style=\"width: 0; height: 0; border-top: 8px solid #F4F4F4; border-left: 8px solid transparent; transform: translateY(-4px) translateX(8px);\"><\/div>\n<\/div>\n<\/div>\n<p>&nbsp;<\/p>\n<p style=\"margin: 8px 0 0 0; padding: 0 4px;\"><a style=\"color: #000; font-family: Arial,sans-serif; font-size: 14px; font-style: normal; font-weight: normal; line-height: 17px; text-decoration: none; word-wrap: break-word;\" href=\"https:\/\/www.instagram.com\/p\/BrNq0nHlnbb\/?utm_source=ig_embed&amp;utm_medium=loading&amp;utm_campaign=embed_loading_state_script\" target=\"_blank\" rel=\"noopener\">THE CUT \/\/ selfportrait: @_sadiqsadiq @bthisway \/\/#portrait #tattoo #ritual #chest #shave #shorthair #london #expressive #switzerland #inked #gay #instagay #blackandwhite #hoscos #hairy #tattoos #muscle #bearded #beardedhomo #malefashion #gay #instagay #ink #instahomo #thebeardedhomo @hoscos @thehairyhunk @thebeardedhomo @thebeardedway @bulgechallenge @__james_world @hufworldwide @thebeardedpantiedroppers @favoboys @beardedvillains @sexy.beard @beards_love @diorhomme @beardedlife_style @beard.kings @hairyscruffmen @the.scruffy.homo @gallery_legit<\/a><\/p>\n<p style=\"color: #c9c8cd; font-family: Arial,sans-serif; font-size: 14px; line-height: 17px; margin-bottom: 0; margin-top: 8px; overflow: hidden; padding: 8px 0 7px; text-align: center; text-overflow: ellipsis; white-space: nowrap;\">Ein Beitrag geteilt von <a style=\"color: #c9c8cd; font-family: Arial,sans-serif; font-size: 14px; font-style: normal; font-weight: normal; line-height: 17px;\" href=\"https:\/\/www.instagram.com\/bthisway\/?utm_source=ig_embed&amp;utm_medium=loading&amp;utm_campaign=embed_loading_state_script\" target=\"_blank\" rel=\"noopener\"> Photographer, Zurich<\/a> (@bthisway) am <time style=\"font-family: Arial,sans-serif; font-size: 14px; line-height: 17px;\" datetime=\"2018-12-10T16:30:30+00:00\">Dez 10, 2018 um 8:30 PST<\/time><\/p>\n<\/div>\n<\/blockquote>\n<p><script async src=\"\/\/www.instagram.com\/embed.js\"><\/script><\/p>\n<p><strong>Hat die Gesellschaft M\u00fche mit Bildern von nackten M\u00e4nnern?<\/strong><br \/>\nDiese Frau, die zu den Medien gegangen ist, ganz sicher. Mich erstaunt eher, wie negativ Menschen auf ein Bild reagieren, auf dem keine Gewalt und kein sexueller Akt dargestellt sind. Schwule in der Community sind da keine Ausnahme. Beispielsweise erntete mein Foto einer Dragqueen viele negative Reaktionen. Auf Ausgrenzungen innerhalb der Community reagiere ich sehr sensibel. Klar habe auch ich meine \u00c4sthetik, aber es gibt viele Sachen, die ich sch\u00f6n finde.<\/p>\n","protected":false},"excerpt":{"rendered":"<p>Bj\u00f6rn E. ist Fotograf und arbeitet hauptberuflich als Primarlehrer. Eine Frau aus dem Dorf beschwerte sich bei der Schulleitung und bei 20 Minuten \u00fcber seine Bilder und trat eine mediale Diskussion \u00fcber die Rolle des Lehrers los. <a class=\"g1-link g1-link-more\" href=\"https:\/\/alte.mannschaft.lgbt\/bimber\/20-minuten-nahm-einfach-die-bilder-heraus-die-fuer-ihre-geschichte-passten\/\">Weiterlesen<\/a><\/p>\n","protected":false},"author":2,"featured_media":49672,"comment_status":"closed","ping_status":"closed","sticky":false,"template":"","format":"standard","meta":[],"categories":[83],"tags":[5458,56],"wps_subtitle":"Ein Fotograf f\u00fchlt sich von \u00ab20 Minuten\u00bb angeprangert","_links":{"self":[{"href":"https:\/\/alte.mannschaft.lgbt\/bimber\/wp-json\/wp\/v2\/posts\/49670"}],"collection":[{"href":"https:\/\/alte.mannschaft.lgbt\/bimber\/wp-json\/wp\/v2\/posts"}],"about":[{"href":"https:\/\/alte.mannschaft.lgbt\/bimber\/wp-json\/wp\/v2\/types\/post"}],"author":[{"embeddable":true,"href":"https:\/\/alte.mannschaft.lgbt\/bimber\/wp-json\/wp\/v2\/users\/2"}],"replies":[{"embeddable":true,"href":"https:\/\/alte.mannschaft.lgbt\/bimber\/wp-json\/wp\/v2\/comments?post=49670"}],"version-history":[{"count":5,"href":"https:\/\/alte.mannschaft.lgbt\/bimber\/wp-json\/wp\/v2\/posts\/49670\/revisions"}],"predecessor-version":[{"id":187496,"href":"https:\/\/alte.mannschaft.lgbt\/bimber\/wp-json\/wp\/v2\/posts\/49670\/revisions\/187496"}],"wp:featuredmedia":[{"embeddable":true,"href":"https:\/\/alte.mannschaft.lgbt\/bimber\/wp-json\/wp\/v2\/media\/49672"}],"wp:attachment":[{"href":"https:\/\/alte.mannschaft.lgbt\/bimber\/wp-json\/wp\/v2\/media?parent=49670"}],"wp:term":[{"taxonomy":"category","embeddable":true,"href":"https:\/\/alte.mannschaft.lgbt\/bimber\/wp-json\/wp\/v2\/categories?post=49670"},{"taxonomy":"post_tag","embeddable":true,"href":"https:\/\/alte.mannschaft.lgbt\/bimber\/wp-json\/wp\/v2\/tags?post=49670"}],"curies":[{"name":"wp","href":"https:\/\/api.w.org\/{rel}","templated":true}]}}