{"id":49593,"date":"2019-02-21T11:11:39","date_gmt":"2019-02-21T10:11:39","guid":{"rendered":"https:\/\/mannschaft.com\/?p=49593"},"modified":"2019-02-21T12:27:15","modified_gmt":"2019-02-21T11:27:15","slug":"hat-jussie-smollett-den-rassistischen-und-homophoben-ueberfall-selbst-inszeniert","status":"publish","type":"post","link":"https:\/\/alte.mannschaft.lgbt\/bimber\/hat-jussie-smollett-den-rassistischen-und-homophoben-ueberfall-selbst-inszeniert\/","title":{"rendered":"War der rassistisch-homophobe \u00dcberfall nur inszeniert?"},"content":{"rendered":"<h4>Hat der Schauspieler Jussie Smollett (36) den rassistischen und homophoben Angriff, dessen Opfer er Ende Januar wurde und der weltweit f\u00fcr Schlagzeilen sorgte, selbst inszeniert? Gestern Abend hat die Polizei von Chicago deswegen Anklage erhoben. Heute muss Smollett vor Gericht erscheinen.<\/h4>\n<p>Smollett ist Star der Fox-Erfolgsserie \u00abEmpire\u00bb, 2015 outete er sich als schwul. Er hatte Ende Januar behauptet, abends im Zentrum von Chicago unterwegs gewesen zu sein, als zwei M\u00e4nner auf ihn zukamen und rassistisch sowie homophob beschimpften. Sie trugen schwarze und rote Gesichtsvermummung, legten ein Seil um seinen Hals und schlugen auf ihn ein, anschliessend sollen sie eine \u00abunbekannte chemische Substanz\u00bb auf sein Gesicht gesch\u00fcttet haben. Sie riefen dabei: \u00abThis is MAGA country!\u00bb<\/p>\n<p>MAGA steht f\u00fcr Donald Trumps Kernsatz \u00abMake America Great Again\u00bb. Zuvor war bei Fox ein anonymer Brief f\u00fcr Smollett eingegangen auf dem stand: \u00abYou will die, black f****.\u00bb<\/p>\n<p>Als Absender war \u00abMAGA\u00bb angegeben.<\/p>\n<p>Wegen \u00abder Schwere der Vorw\u00fcrfe\u00bb nahm die Polizei in Chicago die Aussagen Smolletts \u00absehr ernst\u00bb und behandelte den Fall \u00abwie ein Hassverbrechen\u00bb.<\/p>\n<p>Gerade weil die US-Polizei schon so oft mit Vorw\u00fcrfen von Rassismus und auch Homophobie in den eigenen Reihen konfrontiert war, wollte sie bei einem Fall mit derart viel \u00f6ffentlicher Wahrnehmung ein positives Exempel statuieren.<\/p>\n<p>Der Schauspieler trat in der Folgezeit in vielen TV-Sendungen auf und sprach \u00fcber das Erlebte. S\u00e4mtliche LGBTIQ-Medien berichteten \u00fcber den Vorfall, der als besonders krasses Beispiel f\u00fcr die neue Lebensrealit\u00e4t vieler queerer Menschen \u2013 speziell Queers of Color \u2013 in den USA unter Trump galt.<\/p>\n<blockquote class=\"wp-embedded-content\" data-secret=\"r6QJIcNQ2A\"><p><a href=\"https:\/\/mannschaft.com\/2017\/06\/01\/als-schwarzer-wird-man-eher-uebersehen\/\">\u00abAls Schwarzer wird man eher \u00fcbersehen\u00bb<\/a><\/p><\/blockquote>\n<p><iframe title=\"&#8222;\u00abAls Schwarzer wird man eher \u00fcbersehen\u00bb&#8220; &#8212; Mannschaft Magazin\" class=\"wp-embedded-content\" sandbox=\"allow-scripts\" security=\"restricted\" style=\"position: absolute; clip: rect(1px, 1px, 1px, 1px);\" src=\"https:\/\/mannschaft.com\/2017\/06\/01\/als-schwarzer-wird-man-eher-uebersehen\/embed\/#?secret=r6QJIcNQ2A\" data-secret=\"r6QJIcNQ2A\" width=\"600\" height=\"338\" frameborder=\"0\" marginwidth=\"0\" marginheight=\"0\" scrolling=\"no\"><\/iframe><\/p>\n<p>Besonders krass wurde von vielen empfunden, dass man Smollett vielerorts nicht glauben wollte. Der TV-Star trat Mitte Februar in der Sendung \u00abGood Morning America\u00bb auf und sagte, das kotze ihn an (\u00abI am pissed off\u00bb).<\/p>\n<figure id=\"attachment_49602\" aria-describedby=\"caption-attachment-49602\" style=\"width: 640px\" class=\"wp-caption alignnone\"><a href=\"https:\/\/mannschaft.com\/bimber\/wp-content\/uploads\/2019\/02\/IMG_1858.png\"><img data-expand=\"600\" decoding=\"async\" loading=\"lazy\" class=\"lazyload wp-image-49602 size-full\" src=\"data:image\/svg+xml;charset=utf-8,%3Csvg xmlns%3D'http%3A%2F%2Fwww.w3.org%2F2000%2Fsvg' viewBox%3D'0 0 640 650'%2F%3E\" data-src=\"https:\/\/mannschaft.com\/bimber\/wp-content\/uploads\/2019\/02\/IMG_1858.png\" alt=\"\" width=\"640\" height=\"650\" \/><\/a><figcaption id=\"caption-attachment-49602\" class=\"wp-caption-text\">Der Schauspieler Jussie Smollett, wie er sich in Hollywood zeigt (Foto: Instagram \/ jussiesmollett)<\/figcaption><\/figure>\n<p>Denn nat\u00fcrlich geh\u00f6rt das Infragestellen seiner Geschichte und das Anzweifeln seiner Glaubw\u00fcrdigkeit zum rassistischen Narrativ, das viele People of Color in den USA wie anderswo als Grundproblem beklagen. Der zentrale Vorwurf lautet: Bei Weissen w\u00fcrde so etwas nie in Zweifel gezogen und sofort mit der ganzen H\u00e4rte des Gesetzes verfolgt, speziell wenn es sich bei den vermeintlichen T\u00e4tern um PoC handle.<\/p>\n<p><strong>Klasse-4-Verbrechen<br \/>\n<\/strong>Nun berichtet <a href=\"https:\/\/www.nytimes.com\/2019\/02\/20\/arts\/television\/jussie-smollett-attack-suspect.html\" target=\"_blank\" rel=\"noopener\">The New York Times<\/a>, dass der Vorfall Ende Januar inszeniert gewesen sein soll, und zwar von Smollett selbst. Die Polizei wirft ihm Falschaussage vor. Auf Twitter teilte Chicagos Polizeisprecher Anthony Guglielmi mit, dass das Cook County State\u2019s Attorney&#8217;s Office (das f\u00fcr den Fall zust\u00e4ndig ist) Smollett als \u00abVerbrecher\u00bb anklagt, wegen \u00abDisorderly Conduct \/ Filing a False Police Report\u00bb.<\/p>\n<p>Im Polizei-Tweet wird auch seine Verhaftung angek\u00fcndigt.<\/p>\n<blockquote class=\"twitter-tweet lazyload\" data-expand=\"600\" data-script=\"https:\/\/platform.twitter.com\/widgets.js\"  data-width=\"550\" data-dnt=\"true\">\n<p lang=\"en\" dir=\"ltr\">Felony criminal charges have been approved by <a href=\"https:\/\/twitter.com\/CookCountySAO?ref_src=twsrc%5Etfw\">@CookCountySAO<\/a> against Jussie Smollett for Disorderly Conduct \/ Filing a False Police Report. Detectives will make contact with his legal team to negotiate a reasonable surrender for his arrest. <a href=\"https:\/\/t.co\/LvBSYE2kVj\">pic.twitter.com\/LvBSYE2kVj<\/a><\/p>\n<p>&mdash; Anthony Guglielmi (@AJGuglielmi) <a href=\"https:\/\/twitter.com\/AJGuglielmi\/status\/1098385135370682368?ref_src=twsrc%5Etfw\">February 21, 2019<\/a><\/p><\/blockquote>\n<p>Urspr\u00fcnglich hatte die Polizei wenig Beweismaterial am Tatort finden k\u00f6nnen und ver\u00f6ffentlichte lediglich ein unscharfes Foto aus einer \u00dcberwachungskamera aus der Gegend, das zur Zeit des Vorfalls zwei m\u00f6gliche m\u00e4nnliche T\u00e4ter aufgenommen hatte.<\/p>\n<p>Als am 15. Februar zwei M\u00e4nner festgenommen wurden, stellte sich heraus, dass sie Smollett pers\u00f6nlich kennen. Es handelt sich um die Br\u00fcder Olabinjo und Abimbola Osundairo, die beide ebenfalls in \u00abEmpire\u00bb in Kleinstrollen mitspielen.<\/p>\n<p><strong>Die Osundairo-Br\u00fcder<\/strong><br \/>\nAls ihre Wohnung durchsucht wurde, fand man schwarze Gesichtsmasken, ein \u00abEmpire\u00bb-Drehbuch, ein Telefon, Rechnungen, eine rote M\u00fctze und Bleichmittel, wie es Smollett im Gesicht abbekommen haben soll.<\/p>\n<figure id=\"attachment_49605\" aria-describedby=\"caption-attachment-49605\" style=\"width: 476px\" class=\"wp-caption alignnone\"><a href=\"https:\/\/mannschaft.com\/bimber\/wp-content\/uploads\/2019\/02\/Screenshot-166.png\"><img data-expand=\"600\" decoding=\"async\" loading=\"lazy\" class=\"lazyload wp-image-49605 size-full\" src=\"data:image\/svg+xml;charset=utf-8,%3Csvg xmlns%3D'http%3A%2F%2Fwww.w3.org%2F2000%2Fsvg' viewBox%3D'0 0 476 407'%2F%3E\" data-src=\"https:\/\/mannschaft.com\/bimber\/wp-content\/uploads\/2019\/02\/Screenshot-166.png\" alt=\"\" width=\"476\" height=\"407\" data-srcset=\"https:\/\/alte.mannschaft.lgbt\/bimber\/wp-content\/uploads\/2019\/02\/Screenshot-166.png 476w, https:\/\/alte.mannschaft.lgbt\/bimber\/wp-content\/uploads\/2019\/02\/Screenshot-166-300x257.png 300w, https:\/\/alte.mannschaft.lgbt\/bimber\/wp-content\/uploads\/2019\/02\/Screenshot-166-425x363.png 425w, https:\/\/alte.mannschaft.lgbt\/bimber\/wp-content\/uploads\/2019\/02\/Screenshot-166-364x311.png 364w, https:\/\/alte.mannschaft.lgbt\/bimber\/wp-content\/uploads\/2019\/02\/Screenshot-166-313x268.png 313w, https:\/\/alte.mannschaft.lgbt\/bimber\/wp-content\/uploads\/2019\/02\/Screenshot-166-400x342.png 400w, https:\/\/alte.mannschaft.lgbt\/bimber\/wp-content\/uploads\/2019\/02\/Screenshot-166-56x48.png 56w, https:\/\/alte.mannschaft.lgbt\/bimber\/wp-content\/uploads\/2019\/02\/Screenshot-166-112x96.png 112w\" data-sizes=\"(max-width: 476px) 100vw, 476px\" \/><\/a><figcaption id=\"caption-attachment-49605\" class=\"wp-caption-text\">Abimbola (\u00abAbel\u00bb) and Olabinjo (\u00abOla\u00bb) Osundairo (Foto: Instagram)<\/figcaption><\/figure>\n<p>CBS Chicago ver\u00f6ffentlichte daraufhin ein Video aus einem Laden in Chicago, in dem man die beiden M\u00e4nner beim Kauf der roten und schwarzen Gesichtsverdeckung sieht.<\/p>\n<p>Lokalen Medien zufolge sollen die beiden Br\u00fcder der Polizei nach der Verhaftung gesagt haben, dass Smollett sie bezahlt habe ihn anzugreifen \u2013 aus Angst, er k\u00f6nne aus der Serie \u00abEmpire\u00bb herausgeschrieben werden.<\/p>\n<blockquote><p>Wisst ihr was, wir werden das jetzt richtigstellen<\/p><\/blockquote>\n<p>Die Polizei wies diese Aussagen anfangs zur\u00fcck, und der Sender Fox sagte, Smolletts Rolle werden weiterhin eine zentrale Figur der Serie sein.<\/p>\n<p>Als die Vorw\u00fcrfe der Falschaussage gestern in den Medien auftauchten, war der Sender nicht bereit, sie zu kommentieren.<\/p>\n<p>Die Polizei liess die Br\u00fcder wieder frei. Sie wurden am Mittwoch zusammen mit ihren Anw\u00e4lten einer Grand Jury vorgef\u00fchrt, um ihre Aussagen zu wiederholen. Daraufhin entschied die Jury, Smollett als T\u00e4ter einzustufen.<\/p>\n<p>Die Anw\u00e4ltin der Br\u00fcder, Gloria Schmidt, sagte Reportern vorm Gerichtsgeb\u00e4ude: \u00abEs gab einen Punkt, wo diese Geschichte erz\u00e4hlt werden musste; sie haben sich zusammengerissen und sagten, Wisst ihr was, wir werden das jetzt richtigstellen.\u00bb<\/p>\n<p>Schmidt appellierte an Smollett, das Gleiche zu tun. \u00abIch glaube, Jussies Gewissen l\u00e4sst ihn zur Zeit nachts nicht schlafen\u00bb, sagte Schmidt vor Kameras.<\/p>\n<blockquote><p>Ob das eine neuerliche Rassismus-Debatte ausl\u00f6st, bleibt abzuwarten<\/p><\/blockquote>\n<p>Auf Basis der neuen Anklage drohen Smollett bis zu maximal drei Jahre Gef\u00e4ngnis. Er wird voraussichtlich heute vor Gericht erscheinen m\u00fcssen, um eine Kaution auszuhandeln, um nicht in Untersuchungshaft genommen zu werden.<\/p>\n<p><iframe loading=\"lazy\" src=\"https:\/\/www.youtube.com\/embed\/euY-LMluOJk\" width=\"560\" height=\"315\" frameborder=\"0\" allowfullscreen=\"allowfullscreen\"><\/iframe><\/p>\n<p>Eine Falschaussage wie die von Smollett kann \u2013 laut New York Times \u2013 sowohl als \u00abgeringf\u00fcgiges Vergehen\u00bb (\u00abmisdemeanor\u00bb) oder \u00abVerbrechen\u00bb (\u00abfelony\u00bb) eingestuft werden. Da gerade dieser Fall mit seinen Rassismus- und Homophobievorw\u00fcrfen so schwer wiegt, hat sich die Staatsanwaltschaft entschieden, auf Verbrechen zu klagen.<\/p>\n<p>Ob das eine neuerliche Rassismus-Debatte ausl\u00f6st, bleibt abzuwarten.<\/p>\n<p>Die Anw\u00e4lte von Smollett, Todd S. Pugh and Victor P. Henderson, sagten, ihr Klient weise die Vorw\u00fcrfe zur\u00fcck. Er sei \u00abw\u00fctend und am Boden zerst\u00f6rt, dass die beiden Angreifer Leute sind, sie er pers\u00f6nlich kennt\u00bb. Diese Aussage stammt allerdings vom letzten Wochenende. Was Smollett heute sagen wird, darauf darf man gespannt sein.<\/p>\n<blockquote class=\"wp-embedded-content\" data-secret=\"OUiaXud012\"><p><a href=\"https:\/\/mannschaft.com\/2019\/02\/11\/queer-lives-matter-wir-koennen-nicht-faul-zuschauen-wie-schwule-anderswo-umgebracht-werden\/\">\u00abWir k\u00f6nnen nicht faul zuschauen, wie Schwule umgebracht werden\u00bb<\/a><\/p><\/blockquote>\n<p><iframe title=\"&#8222;\u00abWir k\u00f6nnen nicht faul zuschauen, wie Schwule umgebracht werden\u00bb&#8220; &#8212; Mannschaft Magazin\" class=\"wp-embedded-content\" sandbox=\"allow-scripts\" security=\"restricted\" style=\"position: absolute; clip: rect(1px, 1px, 1px, 1px);\" src=\"https:\/\/mannschaft.com\/2019\/02\/11\/queer-lives-matter-wir-koennen-nicht-faul-zuschauen-wie-schwule-anderswo-umgebracht-werden\/embed\/#?secret=OUiaXud012\" data-secret=\"OUiaXud012\" width=\"600\" height=\"338\" frameborder=\"0\" marginwidth=\"0\" marginheight=\"0\" scrolling=\"no\"><\/iframe><\/p>\n<p>Vertreter der Schwarzen-Community in den USA haben Smollett vorgeworfen, mit seinem Verhalten den sogenannten \u00abBlack History Month\u00bb zur Farce gemacht zu haben. Die<a href=\"https:\/\/www.gaystarnews.com\/article\/cardi-b-jussie-smollett-black-history-month\/#gs.QuAgcUAG\" target=\"_blank\" rel=\"noopener\"> Rapperin Cardi B<\/a> sagte sogar, Smollett \u00abfucked up\u00bb den BHM, in dem es eigentlich darum geht, auf die vergessene Geschichte und die Traditionen der Afroamerikaner hinzuweisen, die in offiziellen Geschichtsb\u00fcchern kaum vorkommen.<\/p>\n<p>Aber auch Falschaussagen geh\u00f6ren zur Geschichte dazu, und schwarze Schwule sind genauso zu Fehlverhalten f\u00e4hig wie alle anderen Menschen. Nur wird ihr Verhalten meist anders geahndet als das von Weissen; darin liegt ein grosser Unterschied.<\/p>\n","protected":false},"excerpt":{"rendered":"<p>Hat der Schauspieler Jussie Smollett den rassistischen und homophoben Angriff, dessen Opfer er Ende Januar wurde und der weltweit f\u00fcr Schlagzeilen sorgte, selbst inszeniert? Gestern Abend hat die Polizei von Chicago ihn deswegen angeklagt.  <a class=\"g1-link g1-link-more\" href=\"https:\/\/alte.mannschaft.lgbt\/bimber\/hat-jussie-smollett-den-rassistischen-und-homophoben-ueberfall-selbst-inszeniert\/\">Weiterlesen<\/a><\/p>\n","protected":false},"author":35,"featured_media":49596,"comment_status":"closed","ping_status":"closed","sticky":false,"template":"","format":"standard","meta":[],"categories":[2],"tags":[5466,5461,145],"wps_subtitle":"Der \u00abEmpire\u00bb-Star Jussie Smollett muss heute vor Gericht erscheinen. Ihm wird Falschaussage vorgeworfen, und ihm drohen drei Jahre Gef\u00e4ngnis","_links":{"self":[{"href":"https:\/\/alte.mannschaft.lgbt\/bimber\/wp-json\/wp\/v2\/posts\/49593"}],"collection":[{"href":"https:\/\/alte.mannschaft.lgbt\/bimber\/wp-json\/wp\/v2\/posts"}],"about":[{"href":"https:\/\/alte.mannschaft.lgbt\/bimber\/wp-json\/wp\/v2\/types\/post"}],"author":[{"embeddable":true,"href":"https:\/\/alte.mannschaft.lgbt\/bimber\/wp-json\/wp\/v2\/users\/35"}],"replies":[{"embeddable":true,"href":"https:\/\/alte.mannschaft.lgbt\/bimber\/wp-json\/wp\/v2\/comments?post=49593"}],"version-history":[{"count":0,"href":"https:\/\/alte.mannschaft.lgbt\/bimber\/wp-json\/wp\/v2\/posts\/49593\/revisions"}],"wp:featuredmedia":[{"embeddable":true,"href":"https:\/\/alte.mannschaft.lgbt\/bimber\/wp-json\/wp\/v2\/media\/49596"}],"wp:attachment":[{"href":"https:\/\/alte.mannschaft.lgbt\/bimber\/wp-json\/wp\/v2\/media?parent=49593"}],"wp:term":[{"taxonomy":"category","embeddable":true,"href":"https:\/\/alte.mannschaft.lgbt\/bimber\/wp-json\/wp\/v2\/categories?post=49593"},{"taxonomy":"post_tag","embeddable":true,"href":"https:\/\/alte.mannschaft.lgbt\/bimber\/wp-json\/wp\/v2\/tags?post=49593"}],"curies":[{"name":"wp","href":"https:\/\/api.w.org\/{rel}","templated":true}]}}